{"id":48949,"date":"2024-12-17T12:57:50","date_gmt":"2024-12-17T15:57:50","guid":{"rendered":"https:\/\/radiorevelacionfm.cl\/?p=48949"},"modified":"2024-12-17T12:57:50","modified_gmt":"2024-12-17T15:57:50","slug":"corazon-resiliente-obtiene-primer-lugar-en-concurso-literario-de-senama","status":"publish","type":"post","link":"https:\/\/radiorevelacionfm.cl\/?p=48949","title":{"rendered":"\u00abCoraz\u00f3n Resiliente\u00bb obtiene primer lugar en concurso literario de Senama"},"content":{"rendered":"<div class=\"flex_column av_one_full  flex_column_div av-zero-column-padding first  avia-builder-el-0  el_before_av_one_full  avia-builder-el-first  \" style='border-radius:0px; '><div  class='avia-image-container  av-styling-    avia-builder-el-1  avia-builder-el-no-sibling  avia-align-center '  itemprop=\"image\" itemscope=\"itemscope\" itemtype=\"https:\/\/schema.org\/ImageObject\"  ><div class='avia-image-container-inner'><div class='avia-image-overlay-wrap'><img decoding=\"async\" class='wp-image-48950 avia-img-lazy-loading-not-48950 avia_image' src=\"https:\/\/radiorevelacionfm.cl\/wp-content\/uploads\/2024\/12\/ganadora-concurso-1_optimized.jpeg\" alt='' title='ganadora-concurso-(1)_optimized' height=\"600\" width=\"800\"  itemprop=\"thumbnailUrl\" srcset=\"https:\/\/radiorevelacionfm.cl\/wp-content\/uploads\/2024\/12\/ganadora-concurso-1_optimized.jpeg 800w, https:\/\/radiorevelacionfm.cl\/wp-content\/uploads\/2024\/12\/ganadora-concurso-1_optimized-300x225.jpeg 300w, https:\/\/radiorevelacionfm.cl\/wp-content\/uploads\/2024\/12\/ganadora-concurso-1_optimized-768x576.jpeg 768w, https:\/\/radiorevelacionfm.cl\/wp-content\/uploads\/2024\/12\/ganadora-concurso-1_optimized-705x529.jpeg 705w, https:\/\/radiorevelacionfm.cl\/wp-content\/uploads\/2024\/12\/ganadora-concurso-1_optimized-450x338.jpeg 450w, https:\/\/radiorevelacionfm.cl\/wp-content\/uploads\/2024\/12\/ganadora-concurso-1_optimized-600x450.jpeg 600w\" sizes=\"(max-width: 800px) 100vw, 800px\" \/><\/div><\/div><\/div><\/div><div class=\"flex_column av_one_full  flex_column_div av-zero-column-padding first  avia-builder-el-2  el_after_av_one_full  el_before_av_one_full  column-top-margin\" style='border-radius:0px; '><section class=\"av_textblock_section \"  itemscope=\"itemscope\" itemtype=\"https:\/\/schema.org\/BlogPosting\" itemprop=\"blogPost\" ><div class='avia_textblock  '   itemprop=\"text\" ><p style=\"text-align: center;\"><strong><span style=\"font-size: 18pt;\">\u00abCoraz\u00f3n Resiliente\u00bb obtiene primer lugar en concurso literario de Senama<\/span><\/strong><\/p>\n<div id=\"gtx-trans\" style=\"position: absolute; left: -50px; top: 4.31534px;\">\n<div class=\"gtx-trans-icon\"><\/div>\n<\/div>\n<\/div><\/section><\/div><div class=\"flex_column av_one_full  flex_column_div av-zero-column-padding first  avia-builder-el-4  el_after_av_one_full  el_before_av_hr  column-top-margin\" style='border-radius:0px; '><section class=\"av_textblock_section \"  itemscope=\"itemscope\" itemtype=\"https:\/\/schema.org\/BlogPosting\" itemprop=\"blogPost\" ><div class='avia_textblock  '   itemprop=\"text\" ><p style=\"text-align: justify;\"><em>En la ocasi\u00f3n se tambi\u00e9n se destac\u00f3 al resto de participantes con menciones honrosas y un reconocimiento especial al ganador del a\u00f1o anterior, todo acompa\u00f1ado de varios actos art\u00edsticos de car\u00e1cter intergeneracional.<\/em><\/p>\n<p style=\"text-align: justify;\">Una emotiva ceremonia de premiaci\u00f3n de la D\u00e9cima Edici\u00f3n del Concurso Literario Autobiogr\u00e1fico para Personas Mayores se desarroll\u00f3 en Coyhaique. Iniciativa organizada por el Servicio Nacional del Adulto Mayor, Senama, que cont\u00f3 con la presencia de su coordinadora regional Claudia Andaur, la Seremi de Desarrollo Social y Familia Karina Acevedo, el seremi de Culturas Ays\u00e9n, Felipe Quiroz y un amplio p\u00fablico asistente intergeneracional encabezado por estudiantes y profesores del Colegio El Camino.<\/p>\n<p style=\"text-align: justify;\">En la convocatoria se recibieron un total de 169 obras a nivel nacional, 11 obras recibidas a nivel regional, resultando ganador \u00abCoraz\u00f3n Resiliente\u00bb, de la autora Julia Oyarz\u00fan quien emocionada agradeci\u00f3 el reconocimiento y entreg\u00f3 un mensaje a sus pares \u00abLes insto a las personas de mi edad a que escriban, porque es muy enriquecedor contar nuestra historia, es muy liberador y porque todos tenemos una historia. Yo nunca pens\u00e9 que pod\u00eda escribir y que podr\u00eda ganar, pens\u00e9 que iba a quedar perdido, as\u00ed que estoy muy contenta por lo que he logrado\u00bb.<\/p>\n<p style=\"text-align: justify;\">En el marco del a\u00f1o de la lectura de las ni\u00f1eces y las adolescencias, el Concurso invit\u00f3 a todas las personas mayores a aprovechar esta oportunidad para rescatar y compartir vivencias autobiogr\u00e1ficas de su ni\u00f1ez y adolescencia, conectando as\u00ed con las nuevas generaciones, mensaje que fue destacado por Claudia Andaur, coordinadora regional de Senama \u00abagradecer a cada uno de los participantes que se sintieron motivados a compartir sus vivencias personales, muchos de ellos es su primera vez escribiendo un relato literario. Con ello derribamos el prejuicio respecto a la vejez demostrando que nunca es tarde para un comienzo, este a\u00f1o la invitaci\u00f3n fue a escribir sobre recuerdos de ni\u00f1ez e infancia y nos acompa\u00f1aron estudiantes del colegio El Camino y nos permiti\u00f3 una interacci\u00f3n entre distintas generaciones, lo que fue muy emotivo\u00bb.<\/p>\n<p style=\"text-align: justify;\">El Concurso Literario Autobiogr\u00e1fico de Personas Mayores es un certamen que a\u00f1o a a\u00f1o buscar rescatar y destacar, a trav\u00e9s de la escritura creativa, las experiencias de vida de las personas mayores. A trav\u00e9s del Programa Envejecimiento Activo de Senama se impulsan acciones que buscan promover una imagen positiva de la vejez y el envejecer activo, generando instancias de participaci\u00f3n para las personas mayores, lo que fue destacado por la Seremi de Desarrollo Social y Familia Karina Acevedo Auad, \u00abJunto con invitar a las juventudes a darse un tiempo con las personas mayores, escucharlas, tambi\u00e9n, decirles a las personas mayores que no est\u00e1n solos. Queremos darles la garant\u00eda que son sujetos de derechos, que estamos trabajando arduamente como gobierno del presidente Boric para emparejar el camino, con un Estado que nos protege a todos y todas y, que nos va a amparar cuando m\u00e1s lo necesitemos\u00bb.<\/p>\n<\/div><\/section><\/div><div  style='height:50px' class='hr hr-invisible   avia-builder-el-6  el_after_av_one_full  el_before_av_social_share '><span class='hr-inner ' ><span class='hr-inner-style'><\/span><\/span><\/div><\/p>\n<div  class='av-social-sharing-box  avia-builder-el-7  el_after_av_hr  el_before_av_hr  '><div class='av-share-box'><h5 class='av-share-link-description av-no-toc '>Compartir esta noticia<\/h5><ul class='av-share-box-list noLightbox'><li class='av-share-link av-social-link-facebook' ><a target=\"_blank\" aria-label=\"Compartir en Facebook\" href='https:\/\/www.facebook.com\/sharer.php?u=https:\/\/radiorevelacionfm.cl\/?p=48949&#038;t=%C2%ABCoraz%C3%B3n%20Resiliente%C2%BB%20obtiene%20primer%20lugar%20en%20concurso%20literario%20de%20Senama' aria-hidden='false' data-av_icon='\ue8f3' data-av_iconfont='entypo-fontello' title='' data-avia-related-tooltip='Compartir en Facebook' rel=\"noopener\"><span class='avia_hidden_link_text'>Compartir en Facebook<\/span><\/a><\/li><li class='av-share-link av-social-link-twitter' ><a target=\"_blank\" aria-label=\"Compartir en Twitter\" href='https:\/\/twitter.com\/share?text=%C2%ABCoraz%C3%B3n%20Resiliente%C2%BB%20obtiene%20primer%20lugar%20en%20concurso%20literario%20de%20Senama&#038;url=https:\/\/radiorevelacionfm.cl\/?p=48949' aria-hidden='false' data-av_icon='\ue8f1' data-av_iconfont='entypo-fontello' title='' data-avia-related-tooltip='Compartir en Twitter' rel=\"noopener\"><span class='avia_hidden_link_text'>Compartir en Twitter<\/span><\/a><\/li><li class='av-share-link av-social-link-whatsapp' ><a target=\"_blank\" aria-label=\"Compartir en Whatsapp\" href='https:\/\/api.whatsapp.com\/send?text=https:\/\/radiorevelacionfm.cl\/?p=48949' aria-hidden='false' data-av_icon='\uf232' data-av_iconfont='entypo-fontello' title='' data-avia-related-tooltip='Compartir en Whatsapp' rel=\"noopener\"><span class='avia_hidden_link_text'>Compartir en Whatsapp<\/span><\/a><\/li><li class='av-share-link av-social-link-linkedin' ><a target=\"_blank\" aria-label=\"Compartir en LinkedIn\" href='https:\/\/linkedin.com\/shareArticle?mini=true&#038;title=%C2%ABCoraz%C3%B3n%20Resiliente%C2%BB%20obtiene%20primer%20lugar%20en%20concurso%20literario%20de%20Senama&#038;url=https:\/\/radiorevelacionfm.cl\/?p=48949' aria-hidden='false' data-av_icon='\ue8fc' data-av_iconfont='entypo-fontello' title='' data-avia-related-tooltip='Compartir en LinkedIn' rel=\"noopener\"><span class='avia_hidden_link_text'>Compartir en LinkedIn<\/span><\/a><\/li><li class='av-share-link av-social-link-mail' ><a  aria-label=\"Compartir por correo\" href='mailto:?subject=%C2%ABCoraz%C3%B3n%20Resiliente%C2%BB%20obtiene%20primer%20lugar%20en%20concurso%20literario%20de%20Senama&#038;body=https:\/\/radiorevelacionfm.cl\/?p=48949' aria-hidden='false' data-av_icon='\ue805' data-av_iconfont='entypo-fontello' title='' data-avia-related-tooltip='Compartir por correo'><span class='avia_hidden_link_text'>Compartir por correo<\/span><\/a><\/li><\/ul><\/div><\/div>\n<div  style='height:50px' class='hr hr-invisible   avia-builder-el-8  el_after_av_social_share  el_before_av_comments_list '><span class='hr-inner ' ><span class='hr-inner-style'><\/span><\/span><\/div>\n<div  class='av-buildercomment  av-blog-meta-html-info-disabled av-blog-meta-tag-disabled  '><\/div>\n","protected":false},"excerpt":{"rendered":"","protected":false},"author":1,"featured_media":48950,"comment_status":"open","ping_status":"open","sticky":false,"template":"","format":"standard","meta":{"footnotes":""},"categories":[38],"tags":[],"class_list":["post-48949","post","type-post","status-publish","format-standard","has-post-thumbnail","hentry","category-regional"],"jetpack_featured_media_url":"https:\/\/radiorevelacionfm.cl\/wp-content\/uploads\/2024\/12\/ganadora-concurso-1_optimized.jpeg","_links":{"self":[{"href":"https:\/\/radiorevelacionfm.cl\/index.php?rest_route=\/wp\/v2\/posts\/48949","targetHints":{"allow":["GET"]}}],"collection":[{"href":"https:\/\/radiorevelacionfm.cl\/index.php?rest_route=\/wp\/v2\/posts"}],"about":[{"href":"https:\/\/radiorevelacionfm.cl\/index.php?rest_route=\/wp\/v2\/types\/post"}],"author":[{"embeddable":true,"href":"https:\/\/radiorevelacionfm.cl\/index.php?rest_route=\/wp\/v2\/users\/1"}],"replies":[{"embeddable":true,"href":"https:\/\/radiorevelacionfm.cl\/index.php?rest_route=%2Fwp%2Fv2%2Fcomments&post=48949"}],"version-history":[{"count":1,"href":"https:\/\/radiorevelacionfm.cl\/index.php?rest_route=\/wp\/v2\/posts\/48949\/revisions"}],"predecessor-version":[{"id":48951,"href":"https:\/\/radiorevelacionfm.cl\/index.php?rest_route=\/wp\/v2\/posts\/48949\/revisions\/48951"}],"wp:featuredmedia":[{"embeddable":true,"href":"https:\/\/radiorevelacionfm.cl\/index.php?rest_route=\/wp\/v2\/media\/48950"}],"wp:attachment":[{"href":"https:\/\/radiorevelacionfm.cl\/index.php?rest_route=%2Fwp%2Fv2%2Fmedia&parent=48949"}],"wp:term":[{"taxonomy":"category","embeddable":true,"href":"https:\/\/radiorevelacionfm.cl\/index.php?rest_route=%2Fwp%2Fv2%2Fcategories&post=48949"},{"taxonomy":"post_tag","embeddable":true,"href":"https:\/\/radiorevelacionfm.cl\/index.php?rest_route=%2Fwp%2Fv2%2Ftags&post=48949"}],"curies":[{"name":"wp","href":"https:\/\/api.w.org\/{rel}","templated":true}]}}