{"id":48933,"date":"2024-12-16T19:53:56","date_gmt":"2024-12-16T22:53:56","guid":{"rendered":"https:\/\/radiorevelacionfm.cl\/?p=48933"},"modified":"2024-12-16T19:53:56","modified_gmt":"2024-12-16T22:53:56","slug":"espectacular-encendido-de-luces-vuelve-a-llenar-de-magia-navidena-a-puerto-aysen","status":"publish","type":"post","link":"https:\/\/radiorevelacionfm.cl\/?p=48933","title":{"rendered":"Espectacular encendido de luces vuelve a llenar de magia navide\u00f1a a Puerto Ays\u00e9n"},"content":{"rendered":"<div class=\"flex_column av_one_full  flex_column_div av-zero-column-padding first  avia-builder-el-0  el_before_av_one_full  avia-builder-el-first  \" style='border-radius:0px; '><div  class='avia-image-container  av-styling-    avia-builder-el-1  avia-builder-el-no-sibling  avia-align-center '  itemprop=\"image\" itemscope=\"itemscope\" itemtype=\"https:\/\/schema.org\/ImageObject\"  ><div class='avia-image-container-inner'><div class='avia-image-overlay-wrap'><img decoding=\"async\" class='wp-image-48934 avia-img-lazy-loading-not-48934 avia_image' src=\"https:\/\/radiorevelacionfm.cl\/wp-content\/uploads\/2024\/12\/arbol-2-2-1_optimized-1.jpeg\" alt='' title='arbol-(2)-(2)-(1)_optimized (1)' height=\"600\" width=\"800\"  itemprop=\"thumbnailUrl\" srcset=\"https:\/\/radiorevelacionfm.cl\/wp-content\/uploads\/2024\/12\/arbol-2-2-1_optimized-1.jpeg 800w, https:\/\/radiorevelacionfm.cl\/wp-content\/uploads\/2024\/12\/arbol-2-2-1_optimized-1-300x225.jpeg 300w, https:\/\/radiorevelacionfm.cl\/wp-content\/uploads\/2024\/12\/arbol-2-2-1_optimized-1-768x576.jpeg 768w, https:\/\/radiorevelacionfm.cl\/wp-content\/uploads\/2024\/12\/arbol-2-2-1_optimized-1-705x529.jpeg 705w, https:\/\/radiorevelacionfm.cl\/wp-content\/uploads\/2024\/12\/arbol-2-2-1_optimized-1-450x338.jpeg 450w, https:\/\/radiorevelacionfm.cl\/wp-content\/uploads\/2024\/12\/arbol-2-2-1_optimized-1-600x450.jpeg 600w\" sizes=\"(max-width: 800px) 100vw, 800px\" \/><\/div><\/div><\/div><\/div><div class=\"flex_column av_one_full  flex_column_div av-zero-column-padding first  avia-builder-el-2  el_after_av_one_full  el_before_av_one_full  column-top-margin\" style='border-radius:0px; '><section class=\"av_textblock_section \"  itemscope=\"itemscope\" itemtype=\"https:\/\/schema.org\/BlogPosting\" itemprop=\"blogPost\" ><div class='avia_textblock  '   itemprop=\"text\" ><p style=\"text-align: center;\"><strong><span style=\"font-size: 18pt;\">Espectacular encendido de luces vuelve a llenar de magia navide\u00f1a a Puerto Ays\u00e9n<\/span><\/strong><\/p>\n<div id=\"gtx-trans\" style=\"position: absolute; left: -50px; top: 4.31534px;\">\n<div class=\"gtx-trans-icon\"><\/div>\n<\/div>\n<\/div><\/section><\/div><div class=\"flex_column av_one_full  flex_column_div av-zero-column-padding first  avia-builder-el-4  el_after_av_one_full  el_before_av_hr  column-top-margin\" style='border-radius:0px; '><section class=\"av_textblock_section \"  itemscope=\"itemscope\" itemtype=\"https:\/\/schema.org\/BlogPosting\" itemprop=\"blogPost\" ><div class='avia_textblock  '   itemprop=\"text\" ><p style=\"text-align: justify;\"><em>Nuevamente Ays\u00e9n se ilumina para la llegada de la navidad y las fiestas de fin de a\u00f1o, en una fiesta con gran cantidad de p\u00fablico, shows art\u00edsticos y el gran final con los villancicos de la gran voz de Cecilia Echenique.<\/em><\/p>\n<p style=\"text-align: justify;\">Desde el mes de noviembre el equipo de la Direcci\u00f3n de Aseo, Ornato y Medio Ambiente se dedic\u00f3 a preparar las luces que iluminar\u00e1n el centro, la plaza, la costanera y el puente de Puerto Ays\u00e9n durante todo el mes de diciembre.<\/p>\n<p style=\"text-align: justify;\">La Municipalidad de Ays\u00e9n, en su esfuerzo de que cada vez este evento tome m\u00e1s relevancia, comenz\u00f3 a actuar desde las 16:00 horas del viernes, realizando una feria navide\u00f1a en el gimnasio IND para comenzar a atraer a los vecinos de la localidad al sector de plaza de armas de la ciudad.<\/p>\n<p style=\"text-align: justify;\">En la \u201cExpo Navide\u00f1a\u201d, que se extendi\u00f3 hasta el d\u00eda s\u00e1bado, se pudo contar con 61 expositores que trajeron distintas artesan\u00edas locales y de delicias de la temporada; adem\u00e1s que fueron ambientados con c\u00e1nticos y bailes de conjuntos folcl\u00f3ricos.<\/p>\n<p style=\"text-align: justify;\">El pre\u00e1mbulo del encendido fue ambientado por distintos grupos art\u00edsticos, los cuales realizaron cantos coreados y representaciones teatrales mostrando el nacimiento del ni\u00f1o Jes\u00fas.<\/p>\n<p style=\"text-align: justify;\">La emoci\u00f3n de todos lleg\u00f3 pasadas las 10:00 horas, cuando se encendi\u00f3 el gran pino compuesto de miles de luces en el centro de la plaza. Con esto tambi\u00e9n, se iluminaron al mismo tiempo el \u00e1rbol del centro, las luces del puente Presidente Ib\u00e1\u00f1ez, las guirnaldas de la calle Sargento Aldea, los adornos de la costanera y las distintas representaciones navide\u00f1as compuestas de luces en la ciudad.<\/p>\n<p style=\"text-align: justify;\">Finalmente, las familias pudieron disfrutar de los villancicos de la reconocida cantante Cecilia Echenique, que por a\u00f1os fue la voz que dio alegr\u00eda a miles de ni\u00f1os con las canciones de \u201cMazap\u00e1n\u201d; y que en la actualidad, a m\u00e1s de cuarenta a\u00f1os de carrera, sigue ambientando este tipo de eventos familiares.<\/p>\n<p style=\"text-align: justify;\">\u201cLa verdad es que yo recorr\u00ed el pa\u00eds encendiendo pinos y la verdad que este me impresion\u00f3 por su belleza, el entusiasmo del p\u00fablico y, a pesar de que es muy tarde, los ni\u00f1os cantando villancicos. Veo una comunidad entusiasmada y lo mejor es que est\u00e9 toda la gente en familia, yo creo que eso es lo lindo de la Navidad. As\u00ed que estoy muy contenta de haber podido participar con esta comunidad tan linda de Puerto Ays\u00e9n y entregar un poquito un esp\u00edritu navide\u00f1o para celebrar esta fiesta\u201d, expres\u00f3 Cecilia Echenique.<\/p>\n<\/div><\/section><\/div><div  style='height:50px' class='hr hr-invisible   avia-builder-el-6  el_after_av_one_full  el_before_av_social_share '><span class='hr-inner ' ><span class='hr-inner-style'><\/span><\/span><\/div><\/p>\n<div  class='av-social-sharing-box  avia-builder-el-7  el_after_av_hr  el_before_av_hr  '><div class='av-share-box'><h5 class='av-share-link-description av-no-toc '>Compartir esta noticia<\/h5><ul class='av-share-box-list noLightbox'><li class='av-share-link av-social-link-facebook' ><a target=\"_blank\" aria-label=\"Compartir en Facebook\" href='https:\/\/www.facebook.com\/sharer.php?u=https:\/\/radiorevelacionfm.cl\/?p=48933&#038;t=Espectacular%20encendido%20de%20luces%20vuelve%20a%20llenar%20de%20magia%20navide%C3%B1a%20a%20Puerto%20Ays%C3%A9n' aria-hidden='false' data-av_icon='\ue8f3' data-av_iconfont='entypo-fontello' title='' data-avia-related-tooltip='Compartir en Facebook' rel=\"noopener\"><span class='avia_hidden_link_text'>Compartir en Facebook<\/span><\/a><\/li><li class='av-share-link av-social-link-twitter' ><a target=\"_blank\" aria-label=\"Compartir en Twitter\" href='https:\/\/twitter.com\/share?text=Espectacular%20encendido%20de%20luces%20vuelve%20a%20llenar%20de%20magia%20navide%C3%B1a%20a%20Puerto%20Ays%C3%A9n&#038;url=https:\/\/radiorevelacionfm.cl\/?p=48933' aria-hidden='false' data-av_icon='\ue8f1' data-av_iconfont='entypo-fontello' title='' data-avia-related-tooltip='Compartir en Twitter' rel=\"noopener\"><span class='avia_hidden_link_text'>Compartir en Twitter<\/span><\/a><\/li><li class='av-share-link av-social-link-whatsapp' ><a target=\"_blank\" aria-label=\"Compartir en Whatsapp\" href='https:\/\/api.whatsapp.com\/send?text=https:\/\/radiorevelacionfm.cl\/?p=48933' aria-hidden='false' data-av_icon='\uf232' data-av_iconfont='entypo-fontello' title='' data-avia-related-tooltip='Compartir en Whatsapp' rel=\"noopener\"><span class='avia_hidden_link_text'>Compartir en Whatsapp<\/span><\/a><\/li><li class='av-share-link av-social-link-linkedin' ><a target=\"_blank\" aria-label=\"Compartir en LinkedIn\" href='https:\/\/linkedin.com\/shareArticle?mini=true&#038;title=Espectacular%20encendido%20de%20luces%20vuelve%20a%20llenar%20de%20magia%20navide%C3%B1a%20a%20Puerto%20Ays%C3%A9n&#038;url=https:\/\/radiorevelacionfm.cl\/?p=48933' aria-hidden='false' data-av_icon='\ue8fc' data-av_iconfont='entypo-fontello' title='' data-avia-related-tooltip='Compartir en LinkedIn' rel=\"noopener\"><span class='avia_hidden_link_text'>Compartir en LinkedIn<\/span><\/a><\/li><li class='av-share-link av-social-link-mail' ><a  aria-label=\"Compartir por correo\" href='mailto:?subject=Espectacular%20encendido%20de%20luces%20vuelve%20a%20llenar%20de%20magia%20navide%C3%B1a%20a%20Puerto%20Ays%C3%A9n&#038;body=https:\/\/radiorevelacionfm.cl\/?p=48933' aria-hidden='false' data-av_icon='\ue805' data-av_iconfont='entypo-fontello' title='' data-avia-related-tooltip='Compartir por correo'><span class='avia_hidden_link_text'>Compartir por correo<\/span><\/a><\/li><\/ul><\/div><\/div>\n<div  style='height:50px' class='hr hr-invisible   avia-builder-el-8  el_after_av_social_share  el_before_av_comments_list '><span class='hr-inner ' ><span class='hr-inner-style'><\/span><\/span><\/div>\n<div  class='av-buildercomment  av-blog-meta-html-info-disabled av-blog-meta-tag-disabled  '><\/div>\n","protected":false},"excerpt":{"rendered":"","protected":false},"author":1,"featured_media":48934,"comment_status":"open","ping_status":"open","sticky":false,"template":"","format":"standard","meta":{"footnotes":""},"categories":[38],"tags":[],"class_list":["post-48933","post","type-post","status-publish","format-standard","has-post-thumbnail","hentry","category-regional"],"jetpack_featured_media_url":"https:\/\/radiorevelacionfm.cl\/wp-content\/uploads\/2024\/12\/arbol-2-2-1_optimized-1.jpeg","_links":{"self":[{"href":"https:\/\/radiorevelacionfm.cl\/index.php?rest_route=\/wp\/v2\/posts\/48933","targetHints":{"allow":["GET"]}}],"collection":[{"href":"https:\/\/radiorevelacionfm.cl\/index.php?rest_route=\/wp\/v2\/posts"}],"about":[{"href":"https:\/\/radiorevelacionfm.cl\/index.php?rest_route=\/wp\/v2\/types\/post"}],"author":[{"embeddable":true,"href":"https:\/\/radiorevelacionfm.cl\/index.php?rest_route=\/wp\/v2\/users\/1"}],"replies":[{"embeddable":true,"href":"https:\/\/radiorevelacionfm.cl\/index.php?rest_route=%2Fwp%2Fv2%2Fcomments&post=48933"}],"version-history":[{"count":1,"href":"https:\/\/radiorevelacionfm.cl\/index.php?rest_route=\/wp\/v2\/posts\/48933\/revisions"}],"predecessor-version":[{"id":48935,"href":"https:\/\/radiorevelacionfm.cl\/index.php?rest_route=\/wp\/v2\/posts\/48933\/revisions\/48935"}],"wp:featuredmedia":[{"embeddable":true,"href":"https:\/\/radiorevelacionfm.cl\/index.php?rest_route=\/wp\/v2\/media\/48934"}],"wp:attachment":[{"href":"https:\/\/radiorevelacionfm.cl\/index.php?rest_route=%2Fwp%2Fv2%2Fmedia&parent=48933"}],"wp:term":[{"taxonomy":"category","embeddable":true,"href":"https:\/\/radiorevelacionfm.cl\/index.php?rest_route=%2Fwp%2Fv2%2Fcategories&post=48933"},{"taxonomy":"post_tag","embeddable":true,"href":"https:\/\/radiorevelacionfm.cl\/index.php?rest_route=%2Fwp%2Fv2%2Ftags&post=48933"}],"curies":[{"name":"wp","href":"https:\/\/api.w.org\/{rel}","templated":true}]}}