{"id":48930,"date":"2024-12-16T17:55:26","date_gmt":"2024-12-16T20:55:26","guid":{"rendered":"https:\/\/radiorevelacionfm.cl\/?p=48930"},"modified":"2024-12-16T17:55:26","modified_gmt":"2024-12-16T20:55:26","slug":"mop-participa-activamente-en-trabajo-colaborativo-con-zoit-chelenko-y-zoit-queulat","status":"publish","type":"post","link":"https:\/\/radiorevelacionfm.cl\/?p=48930","title":{"rendered":"MOP participa activamente en trabajo colaborativo con Zoit Chelenko y Zoit Queulat"},"content":{"rendered":"<div class=\"flex_column av_one_full  flex_column_div av-zero-column-padding first  avia-builder-el-0  el_before_av_one_full  avia-builder-el-first  \" style='border-radius:0px; '><div  class='avia-image-container  av-styling-    avia-builder-el-1  avia-builder-el-no-sibling  avia-align-center '  itemprop=\"image\" itemscope=\"itemscope\" itemtype=\"https:\/\/schema.org\/ImageObject\"  ><div class='avia-image-container-inner'><div class='avia-image-overlay-wrap'><img decoding=\"async\" class='wp-image-48931 avia-img-lazy-loading-not-48931 avia_image' src=\"https:\/\/radiorevelacionfm.cl\/wp-content\/uploads\/2024\/12\/zoit-queulat-1_optimized.jpg\" alt='' title='zoit-queulat-(1)_optimized' height=\"600\" width=\"900\"  itemprop=\"thumbnailUrl\" srcset=\"https:\/\/radiorevelacionfm.cl\/wp-content\/uploads\/2024\/12\/zoit-queulat-1_optimized.jpg 900w, https:\/\/radiorevelacionfm.cl\/wp-content\/uploads\/2024\/12\/zoit-queulat-1_optimized-300x200.jpg 300w, https:\/\/radiorevelacionfm.cl\/wp-content\/uploads\/2024\/12\/zoit-queulat-1_optimized-768x512.jpg 768w, https:\/\/radiorevelacionfm.cl\/wp-content\/uploads\/2024\/12\/zoit-queulat-1_optimized-705x470.jpg 705w, https:\/\/radiorevelacionfm.cl\/wp-content\/uploads\/2024\/12\/zoit-queulat-1_optimized-450x300.jpg 450w, https:\/\/radiorevelacionfm.cl\/wp-content\/uploads\/2024\/12\/zoit-queulat-1_optimized-600x400.jpg 600w\" sizes=\"(max-width: 900px) 100vw, 900px\" \/><\/div><\/div><\/div><\/div><div class=\"flex_column av_one_full  flex_column_div av-zero-column-padding first  avia-builder-el-2  el_after_av_one_full  el_before_av_one_full  column-top-margin\" style='border-radius:0px; '><section class=\"av_textblock_section \"  itemscope=\"itemscope\" itemtype=\"https:\/\/schema.org\/BlogPosting\" itemprop=\"blogPost\" ><div class='avia_textblock  '   itemprop=\"text\" ><p style=\"text-align: center;\"><strong><span style=\"font-size: 18pt;\">MOP participa activamente en trabajo colaborativo con Zoit Chelenko y Zoit Queulat<\/span><\/strong><\/p>\n<div id=\"gtx-trans\" style=\"position: absolute; left: -50px; top: 4.31534px;\">\n<div class=\"gtx-trans-icon\"><\/div>\n<\/div>\n<\/div><\/section><\/div><div class=\"flex_column av_one_full  flex_column_div av-zero-column-padding first  avia-builder-el-4  el_after_av_one_full  el_before_av_hr  column-top-margin\" style='border-radius:0px; '><section class=\"av_textblock_section \"  itemscope=\"itemscope\" itemtype=\"https:\/\/schema.org\/BlogPosting\" itemprop=\"blogPost\" ><div class='avia_textblock  '   itemprop=\"text\" ><p style=\"text-align: justify;\">Importantes reuniones ha sostenido el Ministerio de Obras P\u00fablicas con los y las representantes de las Zonas de Inter\u00e9s Tur\u00edstico ZOIT Chelenko en Chile Chico y ZOIT Queulat en Puerto Cisnes, oportunidad en la que fue representado por la Secretaria Regional Ministerial de Obras P\u00fablicas, Paloma Jara Vald\u00e9s y el Director Regional de Planeamiento MOP Wildman Dur\u00e1n.<\/p>\n<p style=\"text-align: justify;\">En la oportunidad, Paloma Jara expres\u00f3 que iniciativas como estas facilitan el encuentro del sector p\u00fablico y privado para trabajar conjuntamente las materias que son relevantes para el desarrollo del territorio. \u201cFuimos a Chile Chico a mostrar toda la cartera que tienen el Ministerio de Obras P\u00fablicas con respecto a conectividad tanto lacustre como terrestre. Para nosotros es importante que el mundo del turismo y la sociedad civil puedan vincularse con los proyectos que tiene el MOP entendiendo las externalidades que estos tienen y programar as\u00ed c\u00f3mo va a ser su temporada. Pudimos tambi\u00e9n recoger algunas impresiones de lo que estamos haciendo actualmente y c\u00f3mo eso est\u00e1 impactando en las y los habitantes de la cuenca del Lago General Carrera. Ha sido una gran oportunidad, tambi\u00e9n como OOPP hemos podido participar en la ZOIT Queulat y vamos a participar en la ZOIT Glaciares en Villa O\u00b4Higgins de modo que todas las gobernanzas que coexisten de ZOIT dentro de nuestra regi\u00f3n sepan claramente cu\u00e1l es la cartera MOP que les incluye y tambi\u00e9n puedan priorizar algunas iniciativas que ellos piensen que tenemos que tomar en cuenta\u201d<\/p>\n<p style=\"text-align: justify;\">En tanto, Wildman Dur\u00e1n, Director Regional de Planeamiento MOP expres\u00f3: \u201cEstamos en la localidad de Cisnes, trabajando en la ZOIT Queulat en el proceso de actualizaci\u00f3n de los compromisos del a\u00f1o 2025. Es una mesa p\u00fablico-privada que integramos representantes de varios Ministerios asociados a las iniciativas enmarcadas dentro de la ZOIT, y la idea fue hacer un trabajo de coordinaci\u00f3n y revisar las propuestas que ten\u00eda la ZOIT para el pr\u00f3ximo a\u00f1o y hacerlas concordar con nuestros planes sectoriales. Fue un trabajo en el que pudimos observar, colocar nuevas iniciativas y tambi\u00e9n poder definir nuevas reuniones para poder coordinar algunas iniciativas. Los proyectos m\u00e1s relevantes en el caso nuestro son la Ruta 7. El tema de conectividad para ellos es una prioridad, la segunda tem\u00e1tica se relaciona con infraestructura costera tanto en Puyuhuapi como en Puerto Ra\u00fal Mar\u00edn Balmaceda e infraestructura de conectividad en Isla Toto\u201d.<\/p>\n<p style=\"text-align: justify;\">Para el Concejal por la comuna de Cisnes, Francisco Abarca instancias como estas son muy relevantes. \u201cLa verdad es que la reuni\u00f3n de hoy ha sido muy provechosa y se agradece la presencia del MOP, que por cierto es protagonista con todo lo que tiene que ver con este desaf\u00edo que es levantar el turismo que se propone la corporaci\u00f3n y la ZOIT. Nos parece que lo que queda de esta reuni\u00f3n son distintas tareas que el MOP est\u00e1 dispuesto a trabajar en conjunto con la Corporaci\u00f3n y con quienes tambi\u00e9n componemos este sector p\u00fablico-privado. Nos quedamos con la satisfacci\u00f3n de que lo que se pueda trabajar le va a dar m\u00e1s sentido a lo que se va avanzado en relaci\u00f3n a la infraestructura y conectividad de la zona norte de la regi\u00f3n de Ays\u00e9n\u201d.<\/p>\n<p style=\"text-align: justify;\">Por su parte, Miriam Chible, presidenta de la Corporaci\u00f3n Chelenko se\u00f1al\u00f3: \u201cEstamos muy contentos como Corporaci\u00f3n Chelenko de la actividad realizada en Chile Chico en el contexto de la Mesa p\u00fablico-privada. La visita de la SEREMI de Obras P\u00fablicas nos permite justamente avanzar en los temas que hemos ido tratando en las mesas anteriores y nos inform\u00f3 de varias tem\u00e1ticas que para nosotros son importantes, algunas noticias buenas y otras no tan buenas, pero quedamos al d\u00eda. La idea es justamente construir esta mesa de trabajo con l\u00edneas de acci\u00f3n para ir monitoreando cada cierto tiempo para los dos lados -tanto en la gobernanza privada como en la \u00a0p\u00fablica- que se vaya avanzando. Hay algunos temas que vamos a seguir planteando como es el puente del desag\u00fce que sabemos que se est\u00e1 planificando para construir otro puente y a nosotros como comunidad en Puerto Guadal nos interesa mucho poder conversar con el MOP para que el puente antiguo se transforme en un museo lacustre y sea un hito tur\u00edstico en s\u00ed mismo, como se ve en muchos otros pa\u00edses que se\u00a0 conserve el patrimonio; y tambi\u00e9n, algunas pavimentaciones que no se van a poder realizar pronto, pero que s\u00ed probablemente el pr\u00f3ximo a\u00f1o van a ocurrir, as\u00ed que quedamos contentos por el hecho de poder juntarnos, compartir ideas, tambi\u00e9n nuestras preocupaciones y que de primera fuente sepamos exactamente el estado del arte de cada iniciativa que nosotros hemos planteado en esta mesa p\u00fablico-privada que es la ZOIT\u201d.<\/p>\n<p style=\"text-align: justify;\">\u00c1lvaro Sal\u00edn, Gerente Per Turismo Ays\u00e9n que particip\u00f3 en la ZOIT Queulat, resalt\u00f3 que su objetivo era estar en esta reuni\u00f3n para colaborar en lo que son los planes y expectativas del territorio ZOIT, en este caso Queulat. \u201cEstuvimos revisando su plan de acci\u00f3n e identificamos algunas iniciativas en donde hay cruce con los intereses y las iniciativas de Per Turismo Ays\u00e9n. Destaco esta instancia de conversaci\u00f3n, la importancia de que este el Municipio presente, que est\u00e9n las organizaciones sociales en general, particularmente las AG de Turismo y los Servicios P\u00fablicos y podamos ponernos de acuerdo en dar pasos concretos en lo que es el desarrollo tur\u00edstico, en este caso en el territorio Queulat. Hoy d\u00eda nuevamente la propuesta del MOP y la cercan\u00eda adem\u00e1s para poder informar en qu\u00e9 estado est\u00e1 cada uno de los proyectos gestionados y tomar nota adem\u00e1s de aquellos intereses para mejorar lo que se est\u00e1 haciendo o complementar, tambi\u00e9n lo encuentro s\u00faper positivo\u201d<\/p>\n<p style=\"text-align: justify;\">Finalmente, Olga Sotomayor, presidente de la Corporaci\u00f3n Queulat destac\u00f3: \u201cNosotros como Corporaci\u00f3n Queulat hacemos dos veces al a\u00f1o reuniones en distintas localidades y es la manera de acercarnos a la autoridad local y a los distintos Servicios P\u00fablicos para comunicarles lo que necesitamos desarrollar y tambi\u00e9n qu\u00e9 se necesita dentro de la regi\u00f3n desarrollar. Entonces, de qu\u00e9 manera podemos aportar los gremios que estamos asociados a este desarrollo local y m\u00e1s en relaci\u00f3n a la visi\u00f3n del territorio, y a la vez aprovechar los recursos y medios que tiene el gobierno. Siento que hoy m\u00e1s que nunca se est\u00e1 haciendo un trabajo acotado para obtener un mayor resultado y en este aprendizaje y crecimiento hemos estado hartos a\u00f1os trabajando. En el caso de la Corporaci\u00f3n Queulat directamente, nosotros estamos trabajando el tema de liderazgo porque es una de las cosas que falta en la regi\u00f3n en general y tambi\u00e9n estamos viendo lo que necesita la ZOIT que es el desarrollo del turismo sustentable y sostenible en el tiempo que es lo m\u00e1s importante. En relaci\u00f3n con el MOP, est\u00e1n trabajando en la parte infraestructura entiendo yo, y hoy nos est\u00e1n comunicando por ejemplo el tema de las Barcazas que ha ido en crecimiento y mejora, tal vez por los convenios tienen una relaci\u00f3n mucho m\u00e1s cercana y m\u00e1s conveniente para los territorios, as\u00ed que agradecer a todas las personas que del sector privado que han dejado su negocio y trabajo para estar aqu\u00ed y a los Servicios P\u00fablicos que van a los territorios, as\u00ed que estamos muy agradecidos de los Servicios P\u00fablicos que tambi\u00e9n lograron llegar aqu\u00ed, para escuchar nuestras solicitudes y ver c\u00f3mo vamos mejorando en general\u201d.<\/p>\n<\/div><\/section><\/div><div  style='height:50px' class='hr hr-invisible   avia-builder-el-6  el_after_av_one_full  el_before_av_social_share '><span class='hr-inner ' ><span class='hr-inner-style'><\/span><\/span><\/div><\/p>\n<div  class='av-social-sharing-box  avia-builder-el-7  el_after_av_hr  el_before_av_hr  '><div class='av-share-box'><h5 class='av-share-link-description av-no-toc '>Compartir esta noticia<\/h5><ul class='av-share-box-list noLightbox'><li class='av-share-link av-social-link-facebook' ><a target=\"_blank\" aria-label=\"Compartir en Facebook\" href='https:\/\/www.facebook.com\/sharer.php?u=https:\/\/radiorevelacionfm.cl\/?p=48930&#038;t=MOP%20participa%20activamente%20en%20trabajo%20colaborativo%20con%20Zoit%20Chelenko%20y%20Zoit%20Queulat' aria-hidden='false' data-av_icon='\ue8f3' data-av_iconfont='entypo-fontello' title='' data-avia-related-tooltip='Compartir en Facebook' rel=\"noopener\"><span class='avia_hidden_link_text'>Compartir en Facebook<\/span><\/a><\/li><li class='av-share-link av-social-link-twitter' ><a target=\"_blank\" aria-label=\"Compartir en Twitter\" href='https:\/\/twitter.com\/share?text=MOP%20participa%20activamente%20en%20trabajo%20colaborativo%20con%20Zoit%20Chelenko%20y%20Zoit%20Queulat&#038;url=https:\/\/radiorevelacionfm.cl\/?p=48930' aria-hidden='false' data-av_icon='\ue8f1' data-av_iconfont='entypo-fontello' title='' data-avia-related-tooltip='Compartir en Twitter' rel=\"noopener\"><span class='avia_hidden_link_text'>Compartir en Twitter<\/span><\/a><\/li><li class='av-share-link av-social-link-whatsapp' ><a target=\"_blank\" aria-label=\"Compartir en Whatsapp\" href='https:\/\/api.whatsapp.com\/send?text=https:\/\/radiorevelacionfm.cl\/?p=48930' aria-hidden='false' data-av_icon='\uf232' data-av_iconfont='entypo-fontello' title='' data-avia-related-tooltip='Compartir en Whatsapp' rel=\"noopener\"><span class='avia_hidden_link_text'>Compartir en Whatsapp<\/span><\/a><\/li><li class='av-share-link av-social-link-linkedin' ><a target=\"_blank\" aria-label=\"Compartir en LinkedIn\" href='https:\/\/linkedin.com\/shareArticle?mini=true&#038;title=MOP%20participa%20activamente%20en%20trabajo%20colaborativo%20con%20Zoit%20Chelenko%20y%20Zoit%20Queulat&#038;url=https:\/\/radiorevelacionfm.cl\/?p=48930' aria-hidden='false' data-av_icon='\ue8fc' data-av_iconfont='entypo-fontello' title='' data-avia-related-tooltip='Compartir en LinkedIn' rel=\"noopener\"><span class='avia_hidden_link_text'>Compartir en LinkedIn<\/span><\/a><\/li><li class='av-share-link av-social-link-mail' ><a  aria-label=\"Compartir por correo\" href='mailto:?subject=MOP%20participa%20activamente%20en%20trabajo%20colaborativo%20con%20Zoit%20Chelenko%20y%20Zoit%20Queulat&#038;body=https:\/\/radiorevelacionfm.cl\/?p=48930' aria-hidden='false' data-av_icon='\ue805' data-av_iconfont='entypo-fontello' title='' data-avia-related-tooltip='Compartir por correo'><span class='avia_hidden_link_text'>Compartir por correo<\/span><\/a><\/li><\/ul><\/div><\/div>\n<div  style='height:50px' class='hr hr-invisible   avia-builder-el-8  el_after_av_social_share  el_before_av_comments_list '><span class='hr-inner ' ><span class='hr-inner-style'><\/span><\/span><\/div>\n<div  class='av-buildercomment  av-blog-meta-html-info-disabled av-blog-meta-tag-disabled  '><\/div>\n","protected":false},"excerpt":{"rendered":"","protected":false},"author":1,"featured_media":48931,"comment_status":"open","ping_status":"open","sticky":false,"template":"","format":"standard","meta":{"footnotes":""},"categories":[38],"tags":[],"class_list":["post-48930","post","type-post","status-publish","format-standard","has-post-thumbnail","hentry","category-regional"],"jetpack_featured_media_url":"https:\/\/radiorevelacionfm.cl\/wp-content\/uploads\/2024\/12\/zoit-queulat-1_optimized.jpg","_links":{"self":[{"href":"https:\/\/radiorevelacionfm.cl\/index.php?rest_route=\/wp\/v2\/posts\/48930","targetHints":{"allow":["GET"]}}],"collection":[{"href":"https:\/\/radiorevelacionfm.cl\/index.php?rest_route=\/wp\/v2\/posts"}],"about":[{"href":"https:\/\/radiorevelacionfm.cl\/index.php?rest_route=\/wp\/v2\/types\/post"}],"author":[{"embeddable":true,"href":"https:\/\/radiorevelacionfm.cl\/index.php?rest_route=\/wp\/v2\/users\/1"}],"replies":[{"embeddable":true,"href":"https:\/\/radiorevelacionfm.cl\/index.php?rest_route=%2Fwp%2Fv2%2Fcomments&post=48930"}],"version-history":[{"count":1,"href":"https:\/\/radiorevelacionfm.cl\/index.php?rest_route=\/wp\/v2\/posts\/48930\/revisions"}],"predecessor-version":[{"id":48932,"href":"https:\/\/radiorevelacionfm.cl\/index.php?rest_route=\/wp\/v2\/posts\/48930\/revisions\/48932"}],"wp:featuredmedia":[{"embeddable":true,"href":"https:\/\/radiorevelacionfm.cl\/index.php?rest_route=\/wp\/v2\/media\/48931"}],"wp:attachment":[{"href":"https:\/\/radiorevelacionfm.cl\/index.php?rest_route=%2Fwp%2Fv2%2Fmedia&parent=48930"}],"wp:term":[{"taxonomy":"category","embeddable":true,"href":"https:\/\/radiorevelacionfm.cl\/index.php?rest_route=%2Fwp%2Fv2%2Fcategories&post=48930"},{"taxonomy":"post_tag","embeddable":true,"href":"https:\/\/radiorevelacionfm.cl\/index.php?rest_route=%2Fwp%2Fv2%2Ftags&post=48930"}],"curies":[{"name":"wp","href":"https:\/\/api.w.org\/{rel}","templated":true}]}}