{"id":48924,"date":"2024-12-16T16:33:01","date_gmt":"2024-12-16T19:33:01","guid":{"rendered":"https:\/\/radiorevelacionfm.cl\/?p=48924"},"modified":"2024-12-16T16:36:35","modified_gmt":"2024-12-16T19:36:35","slug":"estudiantes-del-ccp-coyhaique-finalizaron-ano-escolar-2024-ocho-personas-se-licenciaron-de-cuarto-medio","status":"publish","type":"post","link":"https:\/\/radiorevelacionfm.cl\/?p=48924","title":{"rendered":"Estudiantes del Centro Penitenciario Coyhaique finalizaron a\u00f1o escolar 2024: Ocho personas se licenciaron de cuarto medio"},"content":{"rendered":"<div class=\"flex_column av_one_full  flex_column_div av-zero-column-padding first  avia-builder-el-0  el_before_av_one_full  avia-builder-el-first  \" style='border-radius:0px; '><div  class='avia-image-container  av-styling-    avia-builder-el-1  avia-builder-el-no-sibling  avia-align-center '  itemprop=\"image\" itemscope=\"itemscope\" itemtype=\"https:\/\/schema.org\/ImageObject\"  ><div class='avia-image-container-inner'><div class='avia-image-overlay-wrap'><img decoding=\"async\" class='wp-image-48925 avia-img-lazy-loading-not-48925 avia_image' src=\"https:\/\/radiorevelacionfm.cl\/wp-content\/uploads\/2024\/12\/licenciatura-1-1.jpg\" alt='' title='licenciatura (1) (1)' height=\"600\" width=\"900\"  itemprop=\"thumbnailUrl\" srcset=\"https:\/\/radiorevelacionfm.cl\/wp-content\/uploads\/2024\/12\/licenciatura-1-1.jpg 900w, https:\/\/radiorevelacionfm.cl\/wp-content\/uploads\/2024\/12\/licenciatura-1-1-300x200.jpg 300w, https:\/\/radiorevelacionfm.cl\/wp-content\/uploads\/2024\/12\/licenciatura-1-1-768x512.jpg 768w, https:\/\/radiorevelacionfm.cl\/wp-content\/uploads\/2024\/12\/licenciatura-1-1-705x470.jpg 705w, https:\/\/radiorevelacionfm.cl\/wp-content\/uploads\/2024\/12\/licenciatura-1-1-450x300.jpg 450w, https:\/\/radiorevelacionfm.cl\/wp-content\/uploads\/2024\/12\/licenciatura-1-1-600x400.jpg 600w\" sizes=\"(max-width: 900px) 100vw, 900px\" \/><\/div><\/div><\/div><\/div>\n<div class=\"flex_column av_one_full  flex_column_div av-zero-column-padding first  avia-builder-el-2  el_after_av_one_full  el_before_av_one_full  column-top-margin\" style='border-radius:0px; '><section class=\"av_textblock_section \"  itemscope=\"itemscope\" itemtype=\"https:\/\/schema.org\/BlogPosting\" itemprop=\"blogPost\" ><div class='avia_textblock  '   itemprop=\"text\" ><p style=\"text-align: center;\"><strong><span style=\"font-size: 18pt;\">Estudiantes del Centro Penitenciario Coyhaique finalizaron a\u00f1o escolar 2024: Ocho personas se licenciaron de cuarto medio<\/span><\/strong><\/p>\n<div id=\"gtx-trans\" style=\"position: absolute; left: -50px; top: 4.31534px;\">\n<div class=\"gtx-trans-icon\"><\/div>\n<\/div>\n<\/div><\/section><\/div><div class=\"flex_column av_one_full  flex_column_div av-zero-column-padding first  avia-builder-el-4  el_after_av_one_full  el_before_av_hr  column-top-margin\" style='border-radius:0px; '><section class=\"av_textblock_section \"  itemscope=\"itemscope\" itemtype=\"https:\/\/schema.org\/BlogPosting\" itemprop=\"blogPost\" ><div class='avia_textblock  '   itemprop=\"text\" ><p style=\"text-align: justify;\">Con la presencia de diversas autoridades, cuerpo docente y familiares de los alumnos se realiz\u00f3 la finalizaci\u00f3n del a\u00f1o escolar de la Escuela Anexa Independencia del Centro de Cumplimiento Penitenciario de Coyhaique.<\/p>\n<p style=\"text-align: justify;\">En la ocasi\u00f3n se realiz\u00f3 la promoci\u00f3n a segundo ciclo de ense\u00f1anza media, para posteriormente llevar adelante la licenciatura de los estudiantes de 4\u00b0 a\u00f1o medio, siendo el componente educacional uno de los m\u00e1s relevantes desde el punto de vista de las herramientas que se le pueden entregar a una persona privada de libertad para llevar adelante su proceso de reinserci\u00f3n social.<\/p>\n<p style=\"text-align: justify;\">\u201cSon herramientas que les entregamos a nuestros usuarios con la finalidad de que puedan proyectarse a futuro, ellos est\u00e1n por un tiempo determinado en este lugar\u2026 y nosotros nos encargamos de entregarles las herramientas que ellos necesitan para que ellos puedan seguir surgiendo una vez que salgan de este recinto penal\u201d explic\u00f3 el alcaide del CCP de Coyhaique, teniente coronel, \u00c1lvaro L\u00f3pez Acu\u00f1a.<\/p>\n<p style=\"text-align: justify;\">El seremi de Justicia y Derechos Humanos Samuel Navarro Castro indic\u00f3 que \u201cpara el Gobierno del Presidente Gabriel Boric es muy importante seguir invirtiendo y seguir gastando energ\u00edas en lo que tiene que ver con la reinserci\u00f3n de las personas privadas de libertad, siendo la educaci\u00f3n es una de ellas, y en este esfuerzo de hacer distintos tipos de actividades que van en la l\u00ednea que no solo puedan hacer conducta para eventuales beneficios, sino tambi\u00e9n de entregarles herramientas que para que cuando cumplan sus condenas y egresen del sistema penitenciario, cuenten con m\u00e1s elementos para poder reinsertarse en la sociedad\u201d.<\/p>\n<p style=\"text-align: justify;\">En total fueron ocho las personas privadas de libertad, entre ellas una mujer, las que egresaron este a\u00f1o de cuarto medio en la Escuela Anexa Independencia, establecimiento educacional de car\u00e1cter p\u00fablico que en sus inicios fue municipal, pero que hoy est\u00e1 bajo la administraci\u00f3n del Servicio Local de Educaci\u00f3n P\u00fablica.<\/p>\n<p style=\"text-align: justify;\">Seg\u00fan explic\u00f3 la profesora jefe del curso que culmin\u00f3 su proceso educativo, es importante que de los diez estudiantes matriculados, ocho hayan finalizado con su a\u00f1o escolar, destacando adem\u00e1s el compromiso de cada uno de ellos con sus estudios.<\/p>\n<p style=\"text-align: justify;\">\u201cLos ocho que quedaron en el curso, todos aprobaron satisfactoriamente, es un curso muy motivado, con alumnos bastante responsables, no bajaron del 85% de asistencia, el que menos ten\u00eda. En definitiva, fueron alumnos muy comprometidos con su proceso educativo\u201d destac\u00f3 la profesora jefe, Carola Pustela Aguilar.<\/p>\n<\/div><\/section><\/div><\/p>\n<div  style='height:50px' class='hr hr-invisible   avia-builder-el-6  el_after_av_one_full  el_before_av_social_share '><span class='hr-inner ' ><span class='hr-inner-style'><\/span><\/span><\/div>\n<div  class='av-social-sharing-box  avia-builder-el-7  el_after_av_hr  el_before_av_hr  '><div class='av-share-box'><h5 class='av-share-link-description av-no-toc '>Compartir esta noticia<\/h5><ul class='av-share-box-list noLightbox'><li class='av-share-link av-social-link-facebook' ><a target=\"_blank\" aria-label=\"Compartir en Facebook\" href='https:\/\/www.facebook.com\/sharer.php?u=https:\/\/radiorevelacionfm.cl\/?p=48924&#038;t=Estudiantes%20del%20Centro%20Penitenciario%20Coyhaique%20finalizaron%20a%C3%B1o%20escolar%202024%3A%20Ocho%20personas%20se%20licenciaron%20de%20cuarto%20medio' aria-hidden='false' data-av_icon='\ue8f3' data-av_iconfont='entypo-fontello' title='' data-avia-related-tooltip='Compartir en Facebook' rel=\"noopener\"><span class='avia_hidden_link_text'>Compartir en Facebook<\/span><\/a><\/li><li class='av-share-link av-social-link-twitter' ><a target=\"_blank\" aria-label=\"Compartir en Twitter\" href='https:\/\/twitter.com\/share?text=Estudiantes%20del%20Centro%20Penitenciario%20Coyhaique%20finalizaron%20a%C3%B1o%20escolar%202024%3A%20Ocho%20personas%20se%20licenciaron%20de%20cuarto%20medio&#038;url=https:\/\/radiorevelacionfm.cl\/?p=48924' aria-hidden='false' data-av_icon='\ue8f1' data-av_iconfont='entypo-fontello' title='' data-avia-related-tooltip='Compartir en Twitter' rel=\"noopener\"><span class='avia_hidden_link_text'>Compartir en Twitter<\/span><\/a><\/li><li class='av-share-link av-social-link-whatsapp' ><a target=\"_blank\" aria-label=\"Compartir en Whatsapp\" href='https:\/\/api.whatsapp.com\/send?text=https:\/\/radiorevelacionfm.cl\/?p=48924' aria-hidden='false' data-av_icon='\uf232' data-av_iconfont='entypo-fontello' title='' data-avia-related-tooltip='Compartir en Whatsapp' rel=\"noopener\"><span class='avia_hidden_link_text'>Compartir en Whatsapp<\/span><\/a><\/li><li class='av-share-link av-social-link-linkedin' ><a target=\"_blank\" aria-label=\"Compartir en LinkedIn\" href='https:\/\/linkedin.com\/shareArticle?mini=true&#038;title=Estudiantes%20del%20Centro%20Penitenciario%20Coyhaique%20finalizaron%20a%C3%B1o%20escolar%202024%3A%20Ocho%20personas%20se%20licenciaron%20de%20cuarto%20medio&#038;url=https:\/\/radiorevelacionfm.cl\/?p=48924' aria-hidden='false' data-av_icon='\ue8fc' data-av_iconfont='entypo-fontello' title='' data-avia-related-tooltip='Compartir en LinkedIn' rel=\"noopener\"><span class='avia_hidden_link_text'>Compartir en LinkedIn<\/span><\/a><\/li><li class='av-share-link av-social-link-mail' ><a  aria-label=\"Compartir por correo\" href='mailto:?subject=Estudiantes%20del%20Centro%20Penitenciario%20Coyhaique%20finalizaron%20a%C3%B1o%20escolar%202024%3A%20Ocho%20personas%20se%20licenciaron%20de%20cuarto%20medio&#038;body=https:\/\/radiorevelacionfm.cl\/?p=48924' aria-hidden='false' data-av_icon='\ue805' data-av_iconfont='entypo-fontello' title='' data-avia-related-tooltip='Compartir por correo'><span class='avia_hidden_link_text'>Compartir por correo<\/span><\/a><\/li><\/ul><\/div><\/div>\n<div  style='height:50px' class='hr hr-invisible   avia-builder-el-8  el_after_av_social_share  el_before_av_comments_list '><span class='hr-inner ' ><span class='hr-inner-style'><\/span><\/span><\/div>\n<div  class='av-buildercomment  av-blog-meta-html-info-disabled av-blog-meta-tag-disabled  '><\/div>\n","protected":false},"excerpt":{"rendered":"","protected":false},"author":1,"featured_media":48925,"comment_status":"open","ping_status":"open","sticky":false,"template":"","format":"standard","meta":{"footnotes":""},"categories":[38],"tags":[],"class_list":["post-48924","post","type-post","status-publish","format-standard","has-post-thumbnail","hentry","category-regional"],"jetpack_featured_media_url":"https:\/\/radiorevelacionfm.cl\/wp-content\/uploads\/2024\/12\/licenciatura-1-1.jpg","_links":{"self":[{"href":"https:\/\/radiorevelacionfm.cl\/index.php?rest_route=\/wp\/v2\/posts\/48924","targetHints":{"allow":["GET"]}}],"collection":[{"href":"https:\/\/radiorevelacionfm.cl\/index.php?rest_route=\/wp\/v2\/posts"}],"about":[{"href":"https:\/\/radiorevelacionfm.cl\/index.php?rest_route=\/wp\/v2\/types\/post"}],"author":[{"embeddable":true,"href":"https:\/\/radiorevelacionfm.cl\/index.php?rest_route=\/wp\/v2\/users\/1"}],"replies":[{"embeddable":true,"href":"https:\/\/radiorevelacionfm.cl\/index.php?rest_route=%2Fwp%2Fv2%2Fcomments&post=48924"}],"version-history":[{"count":2,"href":"https:\/\/radiorevelacionfm.cl\/index.php?rest_route=\/wp\/v2\/posts\/48924\/revisions"}],"predecessor-version":[{"id":48929,"href":"https:\/\/radiorevelacionfm.cl\/index.php?rest_route=\/wp\/v2\/posts\/48924\/revisions\/48929"}],"wp:featuredmedia":[{"embeddable":true,"href":"https:\/\/radiorevelacionfm.cl\/index.php?rest_route=\/wp\/v2\/media\/48925"}],"wp:attachment":[{"href":"https:\/\/radiorevelacionfm.cl\/index.php?rest_route=%2Fwp%2Fv2%2Fmedia&parent=48924"}],"wp:term":[{"taxonomy":"category","embeddable":true,"href":"https:\/\/radiorevelacionfm.cl\/index.php?rest_route=%2Fwp%2Fv2%2Fcategories&post=48924"},{"taxonomy":"post_tag","embeddable":true,"href":"https:\/\/radiorevelacionfm.cl\/index.php?rest_route=%2Fwp%2Fv2%2Ftags&post=48924"}],"curies":[{"name":"wp","href":"https:\/\/api.w.org\/{rel}","templated":true}]}}