{"id":48921,"date":"2024-12-16T15:11:09","date_gmt":"2024-12-16T18:11:09","guid":{"rendered":"https:\/\/radiorevelacionfm.cl\/?p=48921"},"modified":"2024-12-16T15:11:09","modified_gmt":"2024-12-16T18:11:09","slug":"nino-coyhaiquino-se-prepara-para-cumplir-el-sueno-de-visitar-la-nasa-gracias-a-su-buena-asistencia-a-clases","status":"publish","type":"post","link":"https:\/\/radiorevelacionfm.cl\/?p=48921","title":{"rendered":"Ni\u00f1o coyhaiquino se prepara para cumplir el sue\u00f1o de visitar la NASA gracias a su buena asistencia a clases"},"content":{"rendered":"<div class=\"flex_column av_one_full  flex_column_div av-zero-column-padding first  avia-builder-el-0  el_before_av_one_full  avia-builder-el-first  \" style='border-radius:0px; '><div  class='avia-image-container  av-styling-    avia-builder-el-1  avia-builder-el-no-sibling  avia-align-center '  itemprop=\"image\" itemscope=\"itemscope\" itemtype=\"https:\/\/schema.org\/ImageObject\"  ><div class='avia-image-container-inner'><div class='avia-image-overlay-wrap'><img decoding=\"async\" class='wp-image-48922 avia-img-lazy-loading-not-48922 avia_image' src=\"https:\/\/radiorevelacionfm.cl\/wp-content\/uploads\/2024\/12\/maximiliano-jara6-1-1_optimized.jpeg\" alt='' title='maximiliano-jara6-(1)-(1)_optimized' height=\"600\" width=\"884\"  itemprop=\"thumbnailUrl\" srcset=\"https:\/\/radiorevelacionfm.cl\/wp-content\/uploads\/2024\/12\/maximiliano-jara6-1-1_optimized.jpeg 884w, https:\/\/radiorevelacionfm.cl\/wp-content\/uploads\/2024\/12\/maximiliano-jara6-1-1_optimized-300x204.jpeg 300w, https:\/\/radiorevelacionfm.cl\/wp-content\/uploads\/2024\/12\/maximiliano-jara6-1-1_optimized-768x521.jpeg 768w, https:\/\/radiorevelacionfm.cl\/wp-content\/uploads\/2024\/12\/maximiliano-jara6-1-1_optimized-705x479.jpeg 705w, https:\/\/radiorevelacionfm.cl\/wp-content\/uploads\/2024\/12\/maximiliano-jara6-1-1_optimized-450x305.jpeg 450w, https:\/\/radiorevelacionfm.cl\/wp-content\/uploads\/2024\/12\/maximiliano-jara6-1-1_optimized-600x407.jpeg 600w\" sizes=\"(max-width: 884px) 100vw, 884px\" \/><\/div><\/div><\/div><\/div><div class=\"flex_column av_one_full  flex_column_div av-zero-column-padding first  avia-builder-el-2  el_after_av_one_full  el_before_av_one_full  column-top-margin\" style='border-radius:0px; '><section class=\"av_textblock_section \"  itemscope=\"itemscope\" itemtype=\"https:\/\/schema.org\/BlogPosting\" itemprop=\"blogPost\" ><div class='avia_textblock  '   itemprop=\"text\" ><p style=\"text-align: center;\"><strong><span style=\"font-size: 18pt;\">Ni\u00f1o coyhaiquino se prepara para cumplir el sue\u00f1o de visitar la NASA gracias a su buena asistencia a clases<\/span><\/strong><\/p>\n<div id=\"gtx-trans\" style=\"position: absolute; left: -50px; top: 4.31534px;\">\n<div class=\"gtx-trans-icon\"><\/div>\n<\/div>\n<\/div><\/section><\/div><div class=\"flex_column av_one_full  flex_column_div av-zero-column-padding first  avia-builder-el-4  el_after_av_one_full  el_before_av_hr  column-top-margin\" style='border-radius:0px; '><section class=\"av_textblock_section \"  itemscope=\"itemscope\" itemtype=\"https:\/\/schema.org\/BlogPosting\" itemprop=\"blogPost\" ><div class='avia_textblock  '   itemprop=\"text\" ><p style=\"text-align: justify;\"><em>En enero pr\u00f3ximo, Maximiliano Jara Molina, concretar\u00e1 el viaje a Estados Unidos junto a su madre, donde tendr\u00e1n la oportunidad de disfrutar del Centro Espacial Kennedy en Orlando y del parque tem\u00e1tico Sea World.\u00a0 Se trata de uno de los 16 ganadores del concurso Haz que Despeguen.<\/em><\/p>\n<p style=\"text-align: justify;\">Maximiliano Jara y su madre Moira Molina, cuentan los d\u00edas para viajar Centro Espacial Kennedy de la NASA. \u201c\u2060Mi hijo cree que este premio es un sue\u00f1o. Nos dice que se imagina el lugar con muchas naves y astronautas paseando por los pasillos\u201d, indic\u00f3 la mam\u00e1 del ganador del concurso Haz que Despeguen de Fundaci\u00f3n Educacional Oportunidad en la Regi\u00f3n de Ays\u00e9n. Esta iniciativa busca fomentar que las ni\u00f1as y ni\u00f1os de educaci\u00f3n parvularia, asistan regularmente a clases por los beneficios que esto aporta en su trayectoria educativa.<\/p>\n<p style=\"text-align: justify;\">Maximiliano tiene 6 a\u00f1os, asiste a k\u00ednder en el Liceo Francisco Xavier Buti\u00f1\u00e1 de Coyhaique y su asistencia, entre el 15 de marzo y 28 de junio, periodo que eval\u00faa el concurso, fue de un 95%.<\/p>\n<p style=\"text-align: justify;\">\u201cNos hemos estado preparando para el viaje viendo videos e im\u00e1genes del centro espacial, leyendo el Atlas del espacio que le regal\u00f3 la fundaci\u00f3n y conversando con \u00e9l, de la linda experiencia que vamos a vivir\u201d, dijo Moira Molina.<\/p>\n<p style=\"text-align: justify;\">Y agreg\u00f3:\u00a0\u201cA Maximiliano le he explicado sobre la importancia de aprovechar este viaje de aprendizaje, de recalcarle que este premio es gracias a su esfuerzo y tambi\u00e9n, que conocer\u00e1 a muchos ni\u00f1os de distintos lugares del pa\u00eds y que s\u00f3lo debe disfrutar\u201d.<\/p>\n<p style=\"text-align: justify;\">Maximiliano, junto a los otros 15 p\u00e1rvulos ganadores y sus respectivos acompa\u00f1antes, volar\u00e1 el 20 de enero desde Santiago a Houston para luego dirigirse a Orlando donde se hospedar\u00e1n en el hotel Universal\u2019s Surfside. El itinerario incluye una visita guiada al Centro Espacial Kennedy, donde aprender\u00e1n sobre la exploraci\u00f3n espacial, y una jornada completa en el parque tem\u00e1tico Sea World, famoso por sus espect\u00e1culos marinos y atracciones familiares.<\/p>\n<p style=\"text-align: justify;\">La jefa del programa de Asistencia de Fundaci\u00f3n Educacional Oportunidad, Yanira Al\u00e9e, se\u00f1al\u00f3 que \u201csabemos que esta experiencia les cambiar\u00e1 la vida a las ni\u00f1as y ni\u00f1os y a sus familias. Esto es exactamente lo que queremos, que vean que si asisten a clases regularmente pueden so\u00f1ar con lo que se propongan porque, en definitiva, asistir a la educaci\u00f3n parvularia es un paso fundamental para que las ni\u00f1as y ni\u00f1os tengan trayectorias educativas positivas, lo que redundar\u00e1 en que puedan desarrollar sus proyectos de vida de manera \u00edntegra\u201d.<\/p>\n<\/div><\/section><\/div><div  style='height:50px' class='hr hr-invisible   avia-builder-el-6  el_after_av_one_full  el_before_av_social_share '><span class='hr-inner ' ><span class='hr-inner-style'><\/span><\/span><\/div><\/p>\n<div  class='av-social-sharing-box  avia-builder-el-7  el_after_av_hr  el_before_av_hr  '><div class='av-share-box'><h5 class='av-share-link-description av-no-toc '>Compartir esta noticia<\/h5><ul class='av-share-box-list noLightbox'><li class='av-share-link av-social-link-facebook' ><a target=\"_blank\" aria-label=\"Compartir en Facebook\" href='https:\/\/www.facebook.com\/sharer.php?u=https:\/\/radiorevelacionfm.cl\/?p=48921&#038;t=Ni%C3%B1o%20coyhaiquino%20se%20prepara%20para%20cumplir%20el%20sue%C3%B1o%20de%20visitar%20la%20NASA%20gracias%20a%20su%20buena%20asistencia%20a%20clases' aria-hidden='false' data-av_icon='\ue8f3' data-av_iconfont='entypo-fontello' title='' data-avia-related-tooltip='Compartir en Facebook' rel=\"noopener\"><span class='avia_hidden_link_text'>Compartir en Facebook<\/span><\/a><\/li><li class='av-share-link av-social-link-twitter' ><a target=\"_blank\" aria-label=\"Compartir en Twitter\" href='https:\/\/twitter.com\/share?text=Ni%C3%B1o%20coyhaiquino%20se%20prepara%20para%20cumplir%20el%20sue%C3%B1o%20de%20visitar%20la%20NASA%20gracias%20a%20su%20buena%20asistencia%20a%20clases&#038;url=https:\/\/radiorevelacionfm.cl\/?p=48921' aria-hidden='false' data-av_icon='\ue8f1' data-av_iconfont='entypo-fontello' title='' data-avia-related-tooltip='Compartir en Twitter' rel=\"noopener\"><span class='avia_hidden_link_text'>Compartir en Twitter<\/span><\/a><\/li><li class='av-share-link av-social-link-whatsapp' ><a target=\"_blank\" aria-label=\"Compartir en Whatsapp\" href='https:\/\/api.whatsapp.com\/send?text=https:\/\/radiorevelacionfm.cl\/?p=48921' aria-hidden='false' data-av_icon='\uf232' data-av_iconfont='entypo-fontello' title='' data-avia-related-tooltip='Compartir en Whatsapp' rel=\"noopener\"><span class='avia_hidden_link_text'>Compartir en Whatsapp<\/span><\/a><\/li><li class='av-share-link av-social-link-linkedin' ><a target=\"_blank\" aria-label=\"Compartir en LinkedIn\" href='https:\/\/linkedin.com\/shareArticle?mini=true&#038;title=Ni%C3%B1o%20coyhaiquino%20se%20prepara%20para%20cumplir%20el%20sue%C3%B1o%20de%20visitar%20la%20NASA%20gracias%20a%20su%20buena%20asistencia%20a%20clases&#038;url=https:\/\/radiorevelacionfm.cl\/?p=48921' aria-hidden='false' data-av_icon='\ue8fc' data-av_iconfont='entypo-fontello' title='' data-avia-related-tooltip='Compartir en LinkedIn' rel=\"noopener\"><span class='avia_hidden_link_text'>Compartir en LinkedIn<\/span><\/a><\/li><li class='av-share-link av-social-link-mail' ><a  aria-label=\"Compartir por correo\" href='mailto:?subject=Ni%C3%B1o%20coyhaiquino%20se%20prepara%20para%20cumplir%20el%20sue%C3%B1o%20de%20visitar%20la%20NASA%20gracias%20a%20su%20buena%20asistencia%20a%20clases&#038;body=https:\/\/radiorevelacionfm.cl\/?p=48921' aria-hidden='false' data-av_icon='\ue805' data-av_iconfont='entypo-fontello' title='' data-avia-related-tooltip='Compartir por correo'><span class='avia_hidden_link_text'>Compartir por correo<\/span><\/a><\/li><\/ul><\/div><\/div>\n<div  style='height:50px' class='hr hr-invisible   avia-builder-el-8  el_after_av_social_share  el_before_av_comments_list '><span class='hr-inner ' ><span class='hr-inner-style'><\/span><\/span><\/div>\n<div  class='av-buildercomment  av-blog-meta-html-info-disabled av-blog-meta-tag-disabled  '><\/div>\n","protected":false},"excerpt":{"rendered":"","protected":false},"author":1,"featured_media":48922,"comment_status":"open","ping_status":"open","sticky":false,"template":"","format":"standard","meta":{"footnotes":""},"categories":[49],"tags":[],"class_list":["post-48921","post","type-post","status-publish","format-standard","has-post-thumbnail","hentry","category-educacion"],"jetpack_featured_media_url":"https:\/\/radiorevelacionfm.cl\/wp-content\/uploads\/2024\/12\/maximiliano-jara6-1-1_optimized.jpeg","_links":{"self":[{"href":"https:\/\/radiorevelacionfm.cl\/index.php?rest_route=\/wp\/v2\/posts\/48921","targetHints":{"allow":["GET"]}}],"collection":[{"href":"https:\/\/radiorevelacionfm.cl\/index.php?rest_route=\/wp\/v2\/posts"}],"about":[{"href":"https:\/\/radiorevelacionfm.cl\/index.php?rest_route=\/wp\/v2\/types\/post"}],"author":[{"embeddable":true,"href":"https:\/\/radiorevelacionfm.cl\/index.php?rest_route=\/wp\/v2\/users\/1"}],"replies":[{"embeddable":true,"href":"https:\/\/radiorevelacionfm.cl\/index.php?rest_route=%2Fwp%2Fv2%2Fcomments&post=48921"}],"version-history":[{"count":1,"href":"https:\/\/radiorevelacionfm.cl\/index.php?rest_route=\/wp\/v2\/posts\/48921\/revisions"}],"predecessor-version":[{"id":48923,"href":"https:\/\/radiorevelacionfm.cl\/index.php?rest_route=\/wp\/v2\/posts\/48921\/revisions\/48923"}],"wp:featuredmedia":[{"embeddable":true,"href":"https:\/\/radiorevelacionfm.cl\/index.php?rest_route=\/wp\/v2\/media\/48922"}],"wp:attachment":[{"href":"https:\/\/radiorevelacionfm.cl\/index.php?rest_route=%2Fwp%2Fv2%2Fmedia&parent=48921"}],"wp:term":[{"taxonomy":"category","embeddable":true,"href":"https:\/\/radiorevelacionfm.cl\/index.php?rest_route=%2Fwp%2Fv2%2Fcategories&post=48921"},{"taxonomy":"post_tag","embeddable":true,"href":"https:\/\/radiorevelacionfm.cl\/index.php?rest_route=%2Fwp%2Fv2%2Ftags&post=48921"}],"curies":[{"name":"wp","href":"https:\/\/api.w.org\/{rel}","templated":true}]}}