{"id":48915,"date":"2024-12-17T10:04:49","date_gmt":"2024-12-17T13:04:49","guid":{"rendered":"https:\/\/radiorevelacionfm.cl\/?p=48915"},"modified":"2024-12-17T10:04:49","modified_gmt":"2024-12-17T13:04:49","slug":"calisto-valora-avances-de-proyecto-habitacional-que-beneficiara-a-151-familias-de-chile-chico-vecinos-eligieron-sus-viviendas","status":"publish","type":"post","link":"https:\/\/radiorevelacionfm.cl\/?p=48915","title":{"rendered":"Calisto valora avances de proyecto habitacional que beneficiar\u00e1 a 151 familias de Chile Chico: Vecinos eligieron sus viviendas"},"content":{"rendered":"<div class=\"flex_column av_one_full  flex_column_div av-zero-column-padding first  avia-builder-el-0  el_before_av_one_full  avia-builder-el-first  \" style='border-radius:0px; '><div  class='avia-image-container  av-styling-    avia-builder-el-1  avia-builder-el-no-sibling  avia-align-center '  itemprop=\"image\" itemscope=\"itemscope\" itemtype=\"https:\/\/schema.org\/ImageObject\"  ><div class='avia-image-container-inner'><div class='avia-image-overlay-wrap'><img decoding=\"async\" class='wp-image-48916 avia-img-lazy-loading-not-48916 avia_image' src=\"https:\/\/radiorevelacionfm.cl\/wp-content\/uploads\/2024\/12\/foto-calisto-comitEs-rukantu-y-sueNos-del-chelenko-1_optimized-1.jpg\" alt='' title='foto-calisto-comit\u00c9s-rukantu-y-sue\u00d1os-del-chelenko-(1)_optimized (1)' height=\"600\" width=\"1067\"  itemprop=\"thumbnailUrl\" srcset=\"https:\/\/radiorevelacionfm.cl\/wp-content\/uploads\/2024\/12\/foto-calisto-comitEs-rukantu-y-sueNos-del-chelenko-1_optimized-1.jpg 1067w, https:\/\/radiorevelacionfm.cl\/wp-content\/uploads\/2024\/12\/foto-calisto-comitEs-rukantu-y-sueNos-del-chelenko-1_optimized-1-300x169.jpg 300w, https:\/\/radiorevelacionfm.cl\/wp-content\/uploads\/2024\/12\/foto-calisto-comitEs-rukantu-y-sueNos-del-chelenko-1_optimized-1-1030x579.jpg 1030w, https:\/\/radiorevelacionfm.cl\/wp-content\/uploads\/2024\/12\/foto-calisto-comitEs-rukantu-y-sueNos-del-chelenko-1_optimized-1-768x432.jpg 768w, https:\/\/radiorevelacionfm.cl\/wp-content\/uploads\/2024\/12\/foto-calisto-comitEs-rukantu-y-sueNos-del-chelenko-1_optimized-1-705x396.jpg 705w, https:\/\/radiorevelacionfm.cl\/wp-content\/uploads\/2024\/12\/foto-calisto-comitEs-rukantu-y-sueNos-del-chelenko-1_optimized-1-450x253.jpg 450w, https:\/\/radiorevelacionfm.cl\/wp-content\/uploads\/2024\/12\/foto-calisto-comitEs-rukantu-y-sueNos-del-chelenko-1_optimized-1-600x337.jpg 600w\" sizes=\"(max-width: 1067px) 100vw, 1067px\" \/><\/div><\/div><\/div><\/div><div class=\"flex_column av_one_full  flex_column_div av-zero-column-padding first  avia-builder-el-2  el_after_av_one_full  el_before_av_one_full  column-top-margin\" style='border-radius:0px; '><section class=\"av_textblock_section \"  itemscope=\"itemscope\" itemtype=\"https:\/\/schema.org\/BlogPosting\" itemprop=\"blogPost\" ><div class='avia_textblock  '   itemprop=\"text\" ><p style=\"text-align: center;\"><span style=\"font-size: 18pt;\"><b><span lang=\"ES-CL\">Calisto valora avances de proyecto habitacional que beneficiar\u00e1 a 151 familias de Chile Chico: Vecinos eligieron sus viviendas<\/span><\/b><\/span><\/p>\n<div id=\"gtx-trans\" style=\"position: absolute; left: -50px; top: 4.31534px;\">\n<div class=\"gtx-trans-icon\"><\/div>\n<\/div>\n<\/div><\/section><\/div><div class=\"flex_column av_one_full  flex_column_div av-zero-column-padding first  avia-builder-el-4  el_after_av_one_full  el_before_av_hr  column-top-margin\" style='border-radius:0px; '><section class=\"av_textblock_section \"  itemscope=\"itemscope\" itemtype=\"https:\/\/schema.org\/BlogPosting\" itemprop=\"blogPost\" ><div class='avia_textblock  '   itemprop=\"text\" ><p style=\"font-weight: 400; text-align: justify;\"><em>Se trata de los comit\u00e9s Sue\u00f1os del Chelenko y Rukant\u00fa quienes se reunieron con el legislador, el alcalde Ariel Keim y la entidad patrocinante.<\/em><\/p>\n<p style=\"font-weight: 400; text-align: justify;\">El diputado Miguel \u00c1ngel Calisto se traslad\u00f3 hasta la comuna de Chile Chico para reunirse con la entidad patrocinante y los socios de los comit\u00e9s Sue\u00f1os del Chelenko y Rukant\u00fa, instancia en que estas 151 familias que llevan bastante tiempo esperando por concretar el sue\u00f1o de la casa propia, pudieron elegir sus viviendas, hecho que fue resaltado por el legislador.<\/p>\n<p style=\"font-weight: 400; text-align: justify;\">Seg\u00fan el diputado Calisto, \u201cestamos muy contentos porque los comit\u00e9s Sue\u00f1os del Chelenko y el comit\u00e9 Rucant\u00fa, est\u00e1n ya eligiendo los modelos de casas y van a poder prontamente iniciar el proceso de estudio, despu\u00e9s de evaluaci\u00f3n en la DOM de la Municipalidad de Chile Chico para que puedan finalmente tener sus subsidios y comience la construcci\u00f3n de sus viviendas\u201d.<\/p>\n<p style=\"font-weight: 400; text-align: justify;\">\u201cMuy contentos con esta noticia y los vamos a seguir acompa\u00f1ando con todas las gestiones regionales y nacionales\u201d, asegur\u00f3 el diputado Miguel \u00c1ngel Calisto.<\/p>\n<p style=\"font-weight: 400; text-align: justify;\">Por su parte, el alcalde de Chile Chico, Ariel Keim, indic\u00f3 que \u201cquedamos a disposici\u00f3n como municipio y con cada uno de los funcionarios municipales para que esta iniciativa pueda cumplirse lo antes posible. Sabemos que el proceso de transici\u00f3n y de avance de este proyecto habitacional debe pasar por la municipalidad y, por supuesto, que ah\u00ed vamos a estar tambi\u00e9n agilizando todo lo que dice en relaci\u00f3n con la tramitaci\u00f3n para que, ojal\u00e1, lo antes posible, estos comit\u00e9s puedan tener su proyecto aprobado y as\u00ed tambi\u00e9n puedan apalancar los recursos suficientes para poder ejecutar en tiempo y en forma en algo sumamente esperado por tantos a\u00f1os\u201d.<\/p>\n<p style=\"font-weight: 400; text-align: justify;\">La Concejera Regional por la provincia de General Carrera, Paulina Hern\u00e1ndez, indic\u00f3 que \u201cesto engrandece tambi\u00e9n la gesti\u00f3n p\u00fablica y engrandece la gesti\u00f3n de los dirigentes, por sobre todo poner en valor ese trabajo desinteresado y que ha rendido buenos frutos. El d\u00eda de hoy pudimos acompa\u00f1ar hasta m\u00e1s de 100 familias que eligen la vivienda que sue\u00f1an, que anhelan tener para ellos y sus familias. As\u00ed que nada m\u00e1s me resta de continuar renovando el compromiso que hicimos en un principio con ellos\u201d.<\/p>\n<p style=\"font-weight: 400; text-align: justify;\">Finalmente, Maira Igor, Presidenta del Comit\u00e9 Sue\u00f1os del Chelenko, afirm\u00f3 que \u201choy d\u00eda tuvimos una reuni\u00f3n sobre la informaci\u00f3n para elecci\u00f3n de vivienda. Agradecidos de esta instancia, igual agradecer a Miguel \u00c1ngel, agradecerle a Ariel Keim tambi\u00e9n que estuvo con nosotros y agradecer m\u00e1s que nada a la entidad patrocinante, que gracias a ellos igual estamos trabajando hasta lograr un sue\u00f1o que realmente muchas familias queremos\u201d.<\/p>\n<\/div><\/section><\/div><div  style='height:50px' class='hr hr-invisible   avia-builder-el-6  el_after_av_one_full  el_before_av_social_share '><span class='hr-inner ' ><span class='hr-inner-style'><\/span><\/span><\/div><\/p>\n<div  class='av-social-sharing-box  avia-builder-el-7  el_after_av_hr  el_before_av_hr  '><div class='av-share-box'><h5 class='av-share-link-description av-no-toc '>Compartir esta noticia<\/h5><ul class='av-share-box-list noLightbox'><li class='av-share-link av-social-link-facebook' ><a target=\"_blank\" aria-label=\"Compartir en Facebook\" href='https:\/\/www.facebook.com\/sharer.php?u=https:\/\/radiorevelacionfm.cl\/?p=48915&#038;t=Calisto%20valora%20avances%20de%20proyecto%20habitacional%20que%20beneficiar%C3%A1%20a%20151%20familias%20de%20Chile%20Chico%3A%20Vecinos%20eligieron%20sus%20viviendas' aria-hidden='false' data-av_icon='\ue8f3' data-av_iconfont='entypo-fontello' title='' data-avia-related-tooltip='Compartir en Facebook' rel=\"noopener\"><span class='avia_hidden_link_text'>Compartir en Facebook<\/span><\/a><\/li><li class='av-share-link av-social-link-twitter' ><a target=\"_blank\" aria-label=\"Compartir en Twitter\" href='https:\/\/twitter.com\/share?text=Calisto%20valora%20avances%20de%20proyecto%20habitacional%20que%20beneficiar%C3%A1%20a%20151%20familias%20de%20Chile%20Chico%3A%20Vecinos%20eligieron%20sus%20viviendas&#038;url=https:\/\/radiorevelacionfm.cl\/?p=48915' aria-hidden='false' data-av_icon='\ue8f1' data-av_iconfont='entypo-fontello' title='' data-avia-related-tooltip='Compartir en Twitter' rel=\"noopener\"><span class='avia_hidden_link_text'>Compartir en Twitter<\/span><\/a><\/li><li class='av-share-link av-social-link-whatsapp' ><a target=\"_blank\" aria-label=\"Compartir en Whatsapp\" href='https:\/\/api.whatsapp.com\/send?text=https:\/\/radiorevelacionfm.cl\/?p=48915' aria-hidden='false' data-av_icon='\uf232' data-av_iconfont='entypo-fontello' title='' data-avia-related-tooltip='Compartir en Whatsapp' rel=\"noopener\"><span class='avia_hidden_link_text'>Compartir en Whatsapp<\/span><\/a><\/li><li class='av-share-link av-social-link-linkedin' ><a target=\"_blank\" aria-label=\"Compartir en LinkedIn\" href='https:\/\/linkedin.com\/shareArticle?mini=true&#038;title=Calisto%20valora%20avances%20de%20proyecto%20habitacional%20que%20beneficiar%C3%A1%20a%20151%20familias%20de%20Chile%20Chico%3A%20Vecinos%20eligieron%20sus%20viviendas&#038;url=https:\/\/radiorevelacionfm.cl\/?p=48915' aria-hidden='false' data-av_icon='\ue8fc' data-av_iconfont='entypo-fontello' title='' data-avia-related-tooltip='Compartir en LinkedIn' rel=\"noopener\"><span class='avia_hidden_link_text'>Compartir en LinkedIn<\/span><\/a><\/li><li class='av-share-link av-social-link-mail' ><a  aria-label=\"Compartir por correo\" href='mailto:?subject=Calisto%20valora%20avances%20de%20proyecto%20habitacional%20que%20beneficiar%C3%A1%20a%20151%20familias%20de%20Chile%20Chico%3A%20Vecinos%20eligieron%20sus%20viviendas&#038;body=https:\/\/radiorevelacionfm.cl\/?p=48915' aria-hidden='false' data-av_icon='\ue805' data-av_iconfont='entypo-fontello' title='' data-avia-related-tooltip='Compartir por correo'><span class='avia_hidden_link_text'>Compartir por correo<\/span><\/a><\/li><\/ul><\/div><\/div>\n<div  style='height:50px' class='hr hr-invisible   avia-builder-el-8  el_after_av_social_share  el_before_av_comments_list '><span class='hr-inner ' ><span class='hr-inner-style'><\/span><\/span><\/div>\n<div  class='av-buildercomment  av-blog-meta-html-info-disabled av-blog-meta-tag-disabled  '><\/div>\n","protected":false},"excerpt":{"rendered":"","protected":false},"author":1,"featured_media":48916,"comment_status":"open","ping_status":"open","sticky":false,"template":"","format":"standard","meta":{"footnotes":""},"categories":[57],"tags":[],"class_list":["post-48915","post","type-post","status-publish","format-standard","has-post-thumbnail","hentry","category-vivienda"],"jetpack_featured_media_url":"https:\/\/radiorevelacionfm.cl\/wp-content\/uploads\/2024\/12\/foto-calisto-comitEs-rukantu-y-sueNos-del-chelenko-1_optimized-1.jpg","_links":{"self":[{"href":"https:\/\/radiorevelacionfm.cl\/index.php?rest_route=\/wp\/v2\/posts\/48915","targetHints":{"allow":["GET"]}}],"collection":[{"href":"https:\/\/radiorevelacionfm.cl\/index.php?rest_route=\/wp\/v2\/posts"}],"about":[{"href":"https:\/\/radiorevelacionfm.cl\/index.php?rest_route=\/wp\/v2\/types\/post"}],"author":[{"embeddable":true,"href":"https:\/\/radiorevelacionfm.cl\/index.php?rest_route=\/wp\/v2\/users\/1"}],"replies":[{"embeddable":true,"href":"https:\/\/radiorevelacionfm.cl\/index.php?rest_route=%2Fwp%2Fv2%2Fcomments&post=48915"}],"version-history":[{"count":1,"href":"https:\/\/radiorevelacionfm.cl\/index.php?rest_route=\/wp\/v2\/posts\/48915\/revisions"}],"predecessor-version":[{"id":48917,"href":"https:\/\/radiorevelacionfm.cl\/index.php?rest_route=\/wp\/v2\/posts\/48915\/revisions\/48917"}],"wp:featuredmedia":[{"embeddable":true,"href":"https:\/\/radiorevelacionfm.cl\/index.php?rest_route=\/wp\/v2\/media\/48916"}],"wp:attachment":[{"href":"https:\/\/radiorevelacionfm.cl\/index.php?rest_route=%2Fwp%2Fv2%2Fmedia&parent=48915"}],"wp:term":[{"taxonomy":"category","embeddable":true,"href":"https:\/\/radiorevelacionfm.cl\/index.php?rest_route=%2Fwp%2Fv2%2Fcategories&post=48915"},{"taxonomy":"post_tag","embeddable":true,"href":"https:\/\/radiorevelacionfm.cl\/index.php?rest_route=%2Fwp%2Fv2%2Ftags&post=48915"}],"curies":[{"name":"wp","href":"https:\/\/api.w.org\/{rel}","templated":true}]}}