{"id":48912,"date":"2024-12-16T15:33:29","date_gmt":"2024-12-16T18:33:29","guid":{"rendered":"https:\/\/radiorevelacionfm.cl\/?p=48912"},"modified":"2024-12-16T15:33:29","modified_gmt":"2024-12-16T18:33:29","slug":"emprendedores-as-de-cisnes-apoyados-por-el-fosis-mostraron-sus-productos-a-la-comunidad","status":"publish","type":"post","link":"https:\/\/radiorevelacionfm.cl\/?p=48912","title":{"rendered":"Emprendedores\/as de Cisnes apoyados por el FOSIS mostraron sus productos a la comunidad"},"content":{"rendered":"<div class=\"flex_column av_one_full  flex_column_div av-zero-column-padding first  avia-builder-el-0  el_before_av_one_full  avia-builder-el-first  \" style='border-radius:0px; '><div  class='avia-image-container  av-styling-    avia-builder-el-1  avia-builder-el-no-sibling  avia-align-center '  itemprop=\"image\" itemscope=\"itemscope\" itemtype=\"https:\/\/schema.org\/ImageObject\"  ><div class='avia-image-container-inner'><div class='avia-image-overlay-wrap'><img decoding=\"async\" class='wp-image-48913 avia-img-lazy-loading-not-48913 avia_image' src=\"https:\/\/radiorevelacionfm.cl\/wp-content\/uploads\/2024\/12\/Cisnes-2-1-1.jpeg\" alt='' title='Cisnes 2 (1) (1)' height=\"600\" width=\"1067\"  itemprop=\"thumbnailUrl\" srcset=\"https:\/\/radiorevelacionfm.cl\/wp-content\/uploads\/2024\/12\/Cisnes-2-1-1.jpeg 1067w, https:\/\/radiorevelacionfm.cl\/wp-content\/uploads\/2024\/12\/Cisnes-2-1-1-300x169.jpeg 300w, https:\/\/radiorevelacionfm.cl\/wp-content\/uploads\/2024\/12\/Cisnes-2-1-1-1030x579.jpeg 1030w, https:\/\/radiorevelacionfm.cl\/wp-content\/uploads\/2024\/12\/Cisnes-2-1-1-768x432.jpeg 768w, https:\/\/radiorevelacionfm.cl\/wp-content\/uploads\/2024\/12\/Cisnes-2-1-1-705x396.jpeg 705w, https:\/\/radiorevelacionfm.cl\/wp-content\/uploads\/2024\/12\/Cisnes-2-1-1-450x253.jpeg 450w, https:\/\/radiorevelacionfm.cl\/wp-content\/uploads\/2024\/12\/Cisnes-2-1-1-600x337.jpeg 600w\" sizes=\"(max-width: 1067px) 100vw, 1067px\" \/><\/div><\/div><\/div><\/div><div class=\"flex_column av_one_full  flex_column_div av-zero-column-padding first  avia-builder-el-2  el_after_av_one_full  el_before_av_one_full  column-top-margin\" style='border-radius:0px; '><section class=\"av_textblock_section \"  itemscope=\"itemscope\" itemtype=\"https:\/\/schema.org\/BlogPosting\" itemprop=\"blogPost\" ><div class='avia_textblock  '   itemprop=\"text\" ><p style=\"text-align: center;\"><span style=\"font-size: 18pt;\"><strong>Emprendedores\/as de Cisnes apoyados por el FOSIS mostraron sus productos a la comunidad<\/strong><\/span><\/p>\n<div id=\"gtx-trans\" style=\"position: absolute; left: -50px; top: 4.31534px;\">\n<div class=\"gtx-trans-icon\"><\/div>\n<\/div>\n<\/div><\/section><\/div><div class=\"flex_column av_one_full  flex_column_div av-zero-column-padding first  avia-builder-el-4  el_after_av_one_full  el_before_av_hr  column-top-margin\" style='border-radius:0px; '><section class=\"av_textblock_section \"  itemscope=\"itemscope\" itemtype=\"https:\/\/schema.org\/BlogPosting\" itemprop=\"blogPost\" ><div class='avia_textblock  '   itemprop=\"text\" ><p style=\"text-align: justify;\"><em>49 usuarios y usuarias del programa Emprendamos Semilla y B\u00e1sico recibieron capacitaci\u00f3n, asesor\u00eda y financiamiento para impulsar y fortalecer sus negocios.<\/em><\/p>\n<p style=\"text-align: justify;\">Hasta el Gimnasio Municipal de Puerto Cisnes lleg\u00f3 la directora regional del FOSIS, Fernanda Leiva, para participar de una muestra de emprendimientos y ceremonia de certificaci\u00f3n de los programas Emprendamos B\u00e1sico y Emprendamos Semilla para familias del Subsistema de Seguridades y Oportunidades, financiados por el Fondo de Solidaridad e Inversi\u00f3n Social, FOSIS y ejecutados con apoyo de Chelenko Consultores.<\/p>\n<p style=\"text-align: justify;\">Cuarenta y nueve personas usuarias, de la comuna de Cisnes, finalizaron exitosamente estas instancias formativas, dirigida a quienes tienen una idea de negocio, est\u00e1n iniciando su emprendimiento o ya tienen una iniciativa productiva en funcionamiento y necesitan fortalecerla. Gracias a la ejecuci\u00f3n de los programas Emprendamos Semilla y B\u00e1sico, sus participantes lograron financiar un plan de negocios para comprar herramientas e insumos, junto con recibir asesor\u00eda personalizada y capacitaciones para optimizar el funcionamiento de sus emprendimientos.<\/p>\n<p style=\"text-align: justify;\">Niz Cavellat, emprendedora de Puerto Cisnes, coment\u00f3 que \u201cel apoyo del FOSIS fue muy grande, aprend\u00ed muchas cosas que una a veces pasa por alto y si no te lo dicen, a una se le pasan. Entend\u00ed mucho sobre las finanzas y llevar un orden de las ventas. El financiamiento para renovar mis herramientas ha sido de mucha utilidad para poder presentar mis productos. Mi emprendimiento es de comida en base a plantas y se llama <em>Sana Ra\u00edz<\/em>. En esta muestra estoy haciendo una degustaci\u00f3n para que los prueben y puedan conocer las propiedades que tiene cada producto\u201d.<\/p>\n<p style=\"text-align: justify;\">La directora regional del FOSIS en Ays\u00e9n, Fernanda Leiva, destac\u00f3 que \u201cestamos contento porque estos programas vienen a entregar herramientas y posibilidades para iniciar, mantener y mejorar negocios. Nos vamos felices con todo el talento y trabajo que se realiza desde la comuna de Cisnes y que pudimos ver en esta muestra. Continuaremos nuestra labor para entregar estas oportunidades a m\u00e1s emprendedores y emprendedoras de estas localidades, donde vimos que las diferentes generaciones se encuentran en estos espacios, donde queremos que la comunidad pueda ver el trabajo que realiza el FOSIS\u201d.<\/p>\n<p style=\"text-align: justify;\">En estos programas de autonom\u00eda econ\u00f3mica, financiados por el FOSIS, participaron un total de 49 personas emprendedoras de las localidades de Puerto Cisnes, Las Junta y Puyuhuapi.<\/p>\n<\/div><\/section><\/div><div  style='height:50px' class='hr hr-invisible   avia-builder-el-6  el_after_av_one_full  el_before_av_social_share '><span class='hr-inner ' ><span class='hr-inner-style'><\/span><\/span><\/div><\/p>\n<div  class='av-social-sharing-box  avia-builder-el-7  el_after_av_hr  el_before_av_hr  '><div class='av-share-box'><h5 class='av-share-link-description av-no-toc '>Compartir esta noticia<\/h5><ul class='av-share-box-list noLightbox'><li class='av-share-link av-social-link-facebook' ><a target=\"_blank\" aria-label=\"Compartir en Facebook\" href='https:\/\/www.facebook.com\/sharer.php?u=https:\/\/radiorevelacionfm.cl\/?p=48912&#038;t=Emprendedores%2Fas%20de%20Cisnes%20apoyados%20por%20el%20FOSIS%20mostraron%20sus%20productos%20a%20la%20comunidad' aria-hidden='false' data-av_icon='\ue8f3' data-av_iconfont='entypo-fontello' title='' data-avia-related-tooltip='Compartir en Facebook' rel=\"noopener\"><span class='avia_hidden_link_text'>Compartir en Facebook<\/span><\/a><\/li><li class='av-share-link av-social-link-twitter' ><a target=\"_blank\" aria-label=\"Compartir en Twitter\" href='https:\/\/twitter.com\/share?text=Emprendedores%2Fas%20de%20Cisnes%20apoyados%20por%20el%20FOSIS%20mostraron%20sus%20productos%20a%20la%20comunidad&#038;url=https:\/\/radiorevelacionfm.cl\/?p=48912' aria-hidden='false' data-av_icon='\ue8f1' data-av_iconfont='entypo-fontello' title='' data-avia-related-tooltip='Compartir en Twitter' rel=\"noopener\"><span class='avia_hidden_link_text'>Compartir en Twitter<\/span><\/a><\/li><li class='av-share-link av-social-link-whatsapp' ><a target=\"_blank\" aria-label=\"Compartir en Whatsapp\" href='https:\/\/api.whatsapp.com\/send?text=https:\/\/radiorevelacionfm.cl\/?p=48912' aria-hidden='false' data-av_icon='\uf232' data-av_iconfont='entypo-fontello' title='' data-avia-related-tooltip='Compartir en Whatsapp' rel=\"noopener\"><span class='avia_hidden_link_text'>Compartir en Whatsapp<\/span><\/a><\/li><li class='av-share-link av-social-link-linkedin' ><a target=\"_blank\" aria-label=\"Compartir en LinkedIn\" href='https:\/\/linkedin.com\/shareArticle?mini=true&#038;title=Emprendedores%2Fas%20de%20Cisnes%20apoyados%20por%20el%20FOSIS%20mostraron%20sus%20productos%20a%20la%20comunidad&#038;url=https:\/\/radiorevelacionfm.cl\/?p=48912' aria-hidden='false' data-av_icon='\ue8fc' data-av_iconfont='entypo-fontello' title='' data-avia-related-tooltip='Compartir en LinkedIn' rel=\"noopener\"><span class='avia_hidden_link_text'>Compartir en LinkedIn<\/span><\/a><\/li><li class='av-share-link av-social-link-mail' ><a  aria-label=\"Compartir por correo\" href='mailto:?subject=Emprendedores%2Fas%20de%20Cisnes%20apoyados%20por%20el%20FOSIS%20mostraron%20sus%20productos%20a%20la%20comunidad&#038;body=https:\/\/radiorevelacionfm.cl\/?p=48912' aria-hidden='false' data-av_icon='\ue805' data-av_iconfont='entypo-fontello' title='' data-avia-related-tooltip='Compartir por correo'><span class='avia_hidden_link_text'>Compartir por correo<\/span><\/a><\/li><\/ul><\/div><\/div>\n<div  style='height:50px' class='hr hr-invisible   avia-builder-el-8  el_after_av_social_share  el_before_av_comments_list '><span class='hr-inner ' ><span class='hr-inner-style'><\/span><\/span><\/div>\n<div  class='av-buildercomment  av-blog-meta-html-info-disabled av-blog-meta-tag-disabled  '><\/div>\n","protected":false},"excerpt":{"rendered":"","protected":false},"author":1,"featured_media":48913,"comment_status":"open","ping_status":"open","sticky":false,"template":"","format":"standard","meta":{"footnotes":""},"categories":[38],"tags":[],"class_list":["post-48912","post","type-post","status-publish","format-standard","has-post-thumbnail","hentry","category-regional"],"jetpack_featured_media_url":"https:\/\/radiorevelacionfm.cl\/wp-content\/uploads\/2024\/12\/Cisnes-2-1-1.jpeg","_links":{"self":[{"href":"https:\/\/radiorevelacionfm.cl\/index.php?rest_route=\/wp\/v2\/posts\/48912","targetHints":{"allow":["GET"]}}],"collection":[{"href":"https:\/\/radiorevelacionfm.cl\/index.php?rest_route=\/wp\/v2\/posts"}],"about":[{"href":"https:\/\/radiorevelacionfm.cl\/index.php?rest_route=\/wp\/v2\/types\/post"}],"author":[{"embeddable":true,"href":"https:\/\/radiorevelacionfm.cl\/index.php?rest_route=\/wp\/v2\/users\/1"}],"replies":[{"embeddable":true,"href":"https:\/\/radiorevelacionfm.cl\/index.php?rest_route=%2Fwp%2Fv2%2Fcomments&post=48912"}],"version-history":[{"count":1,"href":"https:\/\/radiorevelacionfm.cl\/index.php?rest_route=\/wp\/v2\/posts\/48912\/revisions"}],"predecessor-version":[{"id":48914,"href":"https:\/\/radiorevelacionfm.cl\/index.php?rest_route=\/wp\/v2\/posts\/48912\/revisions\/48914"}],"wp:featuredmedia":[{"embeddable":true,"href":"https:\/\/radiorevelacionfm.cl\/index.php?rest_route=\/wp\/v2\/media\/48913"}],"wp:attachment":[{"href":"https:\/\/radiorevelacionfm.cl\/index.php?rest_route=%2Fwp%2Fv2%2Fmedia&parent=48912"}],"wp:term":[{"taxonomy":"category","embeddable":true,"href":"https:\/\/radiorevelacionfm.cl\/index.php?rest_route=%2Fwp%2Fv2%2Fcategories&post=48912"},{"taxonomy":"post_tag","embeddable":true,"href":"https:\/\/radiorevelacionfm.cl\/index.php?rest_route=%2Fwp%2Fv2%2Ftags&post=48912"}],"curies":[{"name":"wp","href":"https:\/\/api.w.org\/{rel}","templated":true}]}}