{"id":48909,"date":"2024-12-16T10:14:17","date_gmt":"2024-12-16T13:14:17","guid":{"rendered":"https:\/\/radiorevelacionfm.cl\/?p=48909"},"modified":"2024-12-16T10:14:17","modified_gmt":"2024-12-16T13:14:17","slug":"uaysen-cierra-2024-con-logros-financieros-academicos-y-gestion-fortalecida","status":"publish","type":"post","link":"https:\/\/radiorevelacionfm.cl\/?p=48909","title":{"rendered":"UAys\u00e9n cierra 2024 con logros financieros, acad\u00e9micos y gesti\u00f3n fortalecida"},"content":{"rendered":"<div class=\"flex_column av_one_full  flex_column_div av-zero-column-padding first  avia-builder-el-0  el_before_av_one_full  avia-builder-el-first  \" style='border-radius:0px; '><div  class='avia-image-container  av-styling-    avia-builder-el-1  avia-builder-el-no-sibling  avia-align-center '  itemprop=\"image\" itemscope=\"itemscope\" itemtype=\"https:\/\/schema.org\/ImageObject\"  ><div class='avia-image-container-inner'><div class='avia-image-overlay-wrap'><img decoding=\"async\" class='wp-image-48910 avia-img-lazy-loading-not-48910 avia_image' src=\"https:\/\/radiorevelacionfm.cl\/wp-content\/uploads\/2024\/12\/IMG_7898-1-1.jpg\" alt='' title='IMG_7898 (1) (1)' height=\"600\" width=\"898\"  itemprop=\"thumbnailUrl\" srcset=\"https:\/\/radiorevelacionfm.cl\/wp-content\/uploads\/2024\/12\/IMG_7898-1-1.jpg 898w, https:\/\/radiorevelacionfm.cl\/wp-content\/uploads\/2024\/12\/IMG_7898-1-1-300x200.jpg 300w, https:\/\/radiorevelacionfm.cl\/wp-content\/uploads\/2024\/12\/IMG_7898-1-1-768x513.jpg 768w, https:\/\/radiorevelacionfm.cl\/wp-content\/uploads\/2024\/12\/IMG_7898-1-1-705x471.jpg 705w, https:\/\/radiorevelacionfm.cl\/wp-content\/uploads\/2024\/12\/IMG_7898-1-1-450x301.jpg 450w, https:\/\/radiorevelacionfm.cl\/wp-content\/uploads\/2024\/12\/IMG_7898-1-1-600x401.jpg 600w\" sizes=\"(max-width: 898px) 100vw, 898px\" \/><\/div><\/div><\/div><\/div><div class=\"flex_column av_one_full  flex_column_div av-zero-column-padding first  avia-builder-el-2  el_after_av_one_full  el_before_av_one_full  column-top-margin\" style='border-radius:0px; '><section class=\"av_textblock_section \"  itemscope=\"itemscope\" itemtype=\"https:\/\/schema.org\/BlogPosting\" itemprop=\"blogPost\" ><div class='avia_textblock  '   itemprop=\"text\" ><p style=\"text-align: center;\"><strong><span style=\"font-size: 18pt;\">UAys\u00e9n cierra 2024 con logros financieros, acad\u00e9micos y gesti\u00f3n fortalecida<\/span><\/strong><\/p>\n<div id=\"gtx-trans\" style=\"position: absolute; left: -50px; top: 4.31534px;\">\n<div class=\"gtx-trans-icon\"><\/div>\n<\/div>\n<\/div><\/section><\/div><div class=\"flex_column av_one_full  flex_column_div av-zero-column-padding first  avia-builder-el-4  el_after_av_one_full  el_before_av_hr  column-top-margin\" style='border-radius:0px; '><section class=\"av_textblock_section \"  itemscope=\"itemscope\" itemtype=\"https:\/\/schema.org\/BlogPosting\" itemprop=\"blogPost\" ><div class='avia_textblock  '   itemprop=\"text\" ><p dir=\"ltr\" style=\"text-align: justify;\"><em>En su primera Cuenta P\u00fablica, el Administrador Provisional de la casa de estudios manifest\u00f3 que gracias a una gesti\u00f3n estrat\u00e9gica y colaborativa, se logr\u00f3 consolidar la estabilidad financiera, ampliar la oferta acad\u00e9mica, fortalecer la infraestructura y estrechar v\u00ednculos con la comunidad regional, reafirmando el compromiso con el desarrollo sostenible de la Patagonia.<\/em><\/p>\n<p dir=\"ltr\" style=\"text-align: justify;\">En las dependencias del Centro Cultural de Coyhaique, hace algunos d\u00edas, el Administrador Provisional de la Universidad de Ays\u00e9n, Juan Pablo Prieto Cox, realiz\u00f3 ante los asistententes entre los que se encontraban autoridades, acad\u00e9micos\/as, estudiantes y funcionarios, su primera Cuenta P\u00fablica en la que enumer\u00f3 los principales avances de la casa de estudios del presente a\u00f1o y las proyecciones para el 2025.<\/p>\n<p dir=\"ltr\" style=\"text-align: justify;\">En la ocasi\u00f3n, el administrador provisional\u00a0 expres\u00f3 su satisfacci\u00f3n con los resultados obtenidos durante el presente a\u00f1o y adelant\u00f3 lo que se tiene planificado para el 2025. \u00abDimos un balance de la gesti\u00f3n del a\u00f1o 2024 de la Administraci\u00f3n Provisional, que buscaba transparentar y dar a conocer lo que hemos hecho durante este a\u00f1o y la verdad, los resultados han sido muy satisfactorios. Tenemos resultados, financieros primeramente, que son sencillamente importantes para la universidad, es muy notable lo que se ha logrado en este a\u00f1o y lo que se ha proyectado para el a\u00f1o 2025. Esta universidad ya gir\u00f3, est\u00e1 en otra etapa de desarrollo, empe\u00f1ada en formar profesionales de excelencia, y por eso hemos hecho una inversi\u00f3n importante en laboratorios y en infraestructura, por lo tanto, vamos a recibir el a\u00f1o 2025 a los estudiantes con m\u00e1s infraestructura, con mejores y m\u00e1s laboratorios, con m\u00e1s profesores, es decir, realmente un cambio important\u00edsimo, y seguiremos el pr\u00f3ximo a\u00f1o; tenemos planificado un presupuesto muy ambicioso, con inversiones de m\u00e1s de 12.000 millones de pesos, para lograr que esta universidad se yerga como la universidad referente en la macrozona austral, y eso es lo que estamos construyendo, con el apoyo de una comunidad muy motivada, muy comprometida, y que ha trabajado muy duro este a\u00f1o, y bueno, lo seguiremos haciendo tambi\u00e9n el a\u00f1o 2025, porque es necesario hacer ese trabajo intenso, dedicado y estrat\u00e9gico, para lograr los prop\u00f3sitos y atender las aspiraciones de esta regi\u00f3n, especialmente de sus j\u00f3venes\u00bb, enfatiz\u00f3 Prieto.<\/p>\n<p dir=\"ltr\" style=\"text-align: justify;\">Esta Cuenta P\u00fablica anual de la Universidad de Ays\u00e9n, tambi\u00e9n cont\u00f3 con la presencia del Superintendente de Educaci\u00f3n Superior, Jos\u00e9 Miguel Salazar, quien tambi\u00e9n valor\u00f3 esta instancia de transparencia hacia la comunidad y los importantes avances presentados por la administraci\u00f3n provisional de la Universidad de Ays\u00e9n. \u00abLa verdad que es bien impresionante, pensando que hace un a\u00f1o est\u00e1bamos en una situaci\u00f3n tan distinta de la universidad, hace un a\u00f1o ten\u00edamos dificultades para pagar sueldos, ten\u00edamos que ver cu\u00e1nta gente iba a ser desvinculada, y est\u00e1bamos viendo c\u00f3mo empezar a construir las bases para una instituci\u00f3n que se proyecte al futuro. Hoy vemos que a prop\u00f3sito de la gesti\u00f3n del equipo de la administraci\u00f3n provisional, se ha producido un cambio bien sustantivo en el desarrollo de la universidad, uno puede ver cifras que son muy promisorias y compromisos expl\u00edcitos, que creo que dan cuenta de un escenario nuevo para la universidad, que es un escenario mejor para su comunidad acad\u00e9mica, y para la regi\u00f3n como un todo. Estamos muy esperanzados de que esta l\u00ednea que ha instalado la administraci\u00f3n provisional se profundice en el tiempo, y que cuando los acad\u00e9micos de la universidad se hagan cargo del gobierno propiamente universitario, nos ayuden a continuar en esta senda. Es verdad, muy estimulante poder ver resultados tan concretos, que marcan una diferencia tan sustantiva respecto a la situaci\u00f3n anterior, que solo nos queda hacerle mucho \u00e9xito a la administraci\u00f3n provisional en el tiempo\u00bb, expres\u00f3 la autoridad.<\/p>\n<p dir=\"ltr\" style=\"text-align: justify;\">En la Cuenta P\u00fablica, Juan Pablo Prieto puntualiz\u00f3 que en 2024, la Universidad de Ays\u00e9n dio pasos importantes para asegurar su estabilidad financiera y administrativa, destacando la regularizaci\u00f3n de deudas y compromisos acumulados. Durante este a\u00f1o, se logr\u00f3 el pago total de 1.109 millones de pesos, que incluy\u00f3 la cancelaci\u00f3n de 500 millones de deuda interna y 609 millones en compromisos con proveedores y funcionarios. Este esfuerzo estuvo acompa\u00f1ado por la entrega puntual de reportes a entidades fiscalizadoras como la Contralor\u00eda y la Superintendencia de Educaci\u00f3n Superior, lo que marc\u00f3 un hito en la transparencia institucional.<\/p>\n<p dir=\"ltr\" style=\"text-align: justify;\">Adem\u00e1s, se llevaron a cabo negociaciones clave que permitieron reducir significativamente costos. La gesti\u00f3n financiera no solo se centr\u00f3 en ahorro, sino tambi\u00e9n en generaci\u00f3n de recursos. Las inversiones estrat\u00e9gicas en el mercado de capitales generaron m\u00e1s de 150 millones de pesos en intereses, mientras que la recuperaci\u00f3n de licencias m\u00e9dicas atrasadas de Fonasa represent\u00f3 un ingreso adicional de 120 millones. Esto permiti\u00f3 disponer de 650 millones de pesos adicionales en el presupuesto de 2024, fortaleciendo tanto las operaciones acad\u00e9micas como administrativas.<\/p>\n<p dir=\"ltr\" style=\"text-align: justify;\">En cuanto al bienestar de la comunidad universitaria, se implementaron mejoras significativas, como el reajuste salarial del 3% desde julio de 2024 y otro del 4,5% a partir de diciembre, ambos aprobados por el Consejo Superior. Adem\u00e1s, por primera vez en la historia de la universidad, se implement\u00f3 un Seguro Complementario de Salud para el personal, vigente desde agosto, reforzando el compromiso con el bienestar de acad\u00e9micos y colaboradores.<\/p>\n<p dir=\"ltr\" style=\"text-align: justify;\">La gesti\u00f3n administrativa tambi\u00e9n dio un paso adelante con la implementaci\u00f3n de un sistema de gesti\u00f3n documental y flujo de procesos en noviembre de 2024, optimizando las operaciones internas. Paralelamente, se avanz\u00f3 en la infraestructura con el desarrollo de los campus R\u00edo Coyhaique y Err\u00e1zuriz, incorporando 21 salas de clases, 6 laboratorios, una biblioteca, un casino y espacios administrativos y de investigaci\u00f3n.<\/p>\n<p dir=\"ltr\" style=\"text-align: justify;\">En el \u00e1mbito acad\u00e9mico, se incorporaron nuevas carreras como Ingenier\u00eda Comercial y Terapia Ocupacional para el 2025, adem\u00e1s de proyectar tres nuevas carreras para 2026. Estas iniciativas fortalecen la oferta acad\u00e9mica y responden a las demandas del mercado laboral y las necesidades de la regi\u00f3n.<\/p>\n<p dir=\"ltr\" style=\"text-align: justify;\">La vinculaci\u00f3n con el entorno tambi\u00e9n fue prioritaria, trabajando con instituciones regionales y nacionales en \u00e1reas clave como la educaci\u00f3n, la salud, la cultura y el desarrollo productivo. Estas alianzas refuerzan la confianza de la comunidad regional y consolidan a la universidad como un actor clave en el desarrollo de Ays\u00e9n.<\/p>\n<p dir=\"ltr\" style=\"text-align: justify;\">En resumen, 2024 marc\u00f3 un a\u00f1o de logros significativos para la Universidad de Ays\u00e9n, que ha fortalecido su gesti\u00f3n, su estabilidad financiera y su impacto acad\u00e9mico y social. Estos avances sientan las bases para un futuro prometedor, consolidando su posici\u00f3n como una instituci\u00f3n p\u00fablica y regional comprometida con el desarrollo sostenible de la Patagonia.<\/p>\n<\/div><\/section><\/div><div  style='height:50px' class='hr hr-invisible   avia-builder-el-6  el_after_av_one_full  el_before_av_social_share '><span class='hr-inner ' ><span class='hr-inner-style'><\/span><\/span><\/div><\/p>\n<div  class='av-social-sharing-box  avia-builder-el-7  el_after_av_hr  el_before_av_hr  '><div class='av-share-box'><h5 class='av-share-link-description av-no-toc '>Compartir esta noticia<\/h5><ul class='av-share-box-list noLightbox'><li class='av-share-link av-social-link-facebook' ><a target=\"_blank\" aria-label=\"Compartir en Facebook\" href='https:\/\/www.facebook.com\/sharer.php?u=https:\/\/radiorevelacionfm.cl\/?p=48909&#038;t=UAys%C3%A9n%20cierra%202024%20con%20logros%20financieros%2C%20acad%C3%A9micos%20y%20gesti%C3%B3n%20fortalecida' aria-hidden='false' data-av_icon='\ue8f3' data-av_iconfont='entypo-fontello' title='' data-avia-related-tooltip='Compartir en Facebook' rel=\"noopener\"><span class='avia_hidden_link_text'>Compartir en Facebook<\/span><\/a><\/li><li class='av-share-link av-social-link-twitter' ><a target=\"_blank\" aria-label=\"Compartir en Twitter\" href='https:\/\/twitter.com\/share?text=UAys%C3%A9n%20cierra%202024%20con%20logros%20financieros%2C%20acad%C3%A9micos%20y%20gesti%C3%B3n%20fortalecida&#038;url=https:\/\/radiorevelacionfm.cl\/?p=48909' aria-hidden='false' data-av_icon='\ue8f1' data-av_iconfont='entypo-fontello' title='' data-avia-related-tooltip='Compartir en Twitter' rel=\"noopener\"><span class='avia_hidden_link_text'>Compartir en Twitter<\/span><\/a><\/li><li class='av-share-link av-social-link-whatsapp' ><a target=\"_blank\" aria-label=\"Compartir en Whatsapp\" href='https:\/\/api.whatsapp.com\/send?text=https:\/\/radiorevelacionfm.cl\/?p=48909' aria-hidden='false' data-av_icon='\uf232' data-av_iconfont='entypo-fontello' title='' data-avia-related-tooltip='Compartir en Whatsapp' rel=\"noopener\"><span class='avia_hidden_link_text'>Compartir en Whatsapp<\/span><\/a><\/li><li class='av-share-link av-social-link-linkedin' ><a target=\"_blank\" aria-label=\"Compartir en LinkedIn\" href='https:\/\/linkedin.com\/shareArticle?mini=true&#038;title=UAys%C3%A9n%20cierra%202024%20con%20logros%20financieros%2C%20acad%C3%A9micos%20y%20gesti%C3%B3n%20fortalecida&#038;url=https:\/\/radiorevelacionfm.cl\/?p=48909' aria-hidden='false' data-av_icon='\ue8fc' data-av_iconfont='entypo-fontello' title='' data-avia-related-tooltip='Compartir en LinkedIn' rel=\"noopener\"><span class='avia_hidden_link_text'>Compartir en LinkedIn<\/span><\/a><\/li><li class='av-share-link av-social-link-mail' ><a  aria-label=\"Compartir por correo\" href='mailto:?subject=UAys%C3%A9n%20cierra%202024%20con%20logros%20financieros%2C%20acad%C3%A9micos%20y%20gesti%C3%B3n%20fortalecida&#038;body=https:\/\/radiorevelacionfm.cl\/?p=48909' aria-hidden='false' data-av_icon='\ue805' data-av_iconfont='entypo-fontello' title='' data-avia-related-tooltip='Compartir por correo'><span class='avia_hidden_link_text'>Compartir por correo<\/span><\/a><\/li><\/ul><\/div><\/div>\n<div  style='height:50px' class='hr hr-invisible   avia-builder-el-8  el_after_av_social_share  el_before_av_comments_list '><span class='hr-inner ' ><span class='hr-inner-style'><\/span><\/span><\/div>\n<div  class='av-buildercomment  av-blog-meta-html-info-disabled av-blog-meta-tag-disabled  '><\/div>\n","protected":false},"excerpt":{"rendered":"","protected":false},"author":1,"featured_media":48910,"comment_status":"open","ping_status":"open","sticky":false,"template":"","format":"standard","meta":{"footnotes":""},"categories":[49],"tags":[],"class_list":["post-48909","post","type-post","status-publish","format-standard","has-post-thumbnail","hentry","category-educacion"],"jetpack_featured_media_url":"https:\/\/radiorevelacionfm.cl\/wp-content\/uploads\/2024\/12\/IMG_7898-1-1.jpg","_links":{"self":[{"href":"https:\/\/radiorevelacionfm.cl\/index.php?rest_route=\/wp\/v2\/posts\/48909","targetHints":{"allow":["GET"]}}],"collection":[{"href":"https:\/\/radiorevelacionfm.cl\/index.php?rest_route=\/wp\/v2\/posts"}],"about":[{"href":"https:\/\/radiorevelacionfm.cl\/index.php?rest_route=\/wp\/v2\/types\/post"}],"author":[{"embeddable":true,"href":"https:\/\/radiorevelacionfm.cl\/index.php?rest_route=\/wp\/v2\/users\/1"}],"replies":[{"embeddable":true,"href":"https:\/\/radiorevelacionfm.cl\/index.php?rest_route=%2Fwp%2Fv2%2Fcomments&post=48909"}],"version-history":[{"count":1,"href":"https:\/\/radiorevelacionfm.cl\/index.php?rest_route=\/wp\/v2\/posts\/48909\/revisions"}],"predecessor-version":[{"id":48911,"href":"https:\/\/radiorevelacionfm.cl\/index.php?rest_route=\/wp\/v2\/posts\/48909\/revisions\/48911"}],"wp:featuredmedia":[{"embeddable":true,"href":"https:\/\/radiorevelacionfm.cl\/index.php?rest_route=\/wp\/v2\/media\/48910"}],"wp:attachment":[{"href":"https:\/\/radiorevelacionfm.cl\/index.php?rest_route=%2Fwp%2Fv2%2Fmedia&parent=48909"}],"wp:term":[{"taxonomy":"category","embeddable":true,"href":"https:\/\/radiorevelacionfm.cl\/index.php?rest_route=%2Fwp%2Fv2%2Fcategories&post=48909"},{"taxonomy":"post_tag","embeddable":true,"href":"https:\/\/radiorevelacionfm.cl\/index.php?rest_route=%2Fwp%2Fv2%2Ftags&post=48909"}],"curies":[{"name":"wp","href":"https:\/\/api.w.org\/{rel}","templated":true}]}}