{"id":48905,"date":"2024-12-15T23:56:34","date_gmt":"2024-12-16T02:56:34","guid":{"rendered":"https:\/\/radiorevelacionfm.cl\/?p=48905"},"modified":"2024-12-15T23:56:34","modified_gmt":"2024-12-16T02:56:34","slug":"liberan-completo-informe-sobre-el-impacto-ambiental-de-30-anos-de-salmoneras-en-areas-protegidas-de-aysen","status":"publish","type":"post","link":"https:\/\/radiorevelacionfm.cl\/?p=48905","title":{"rendered":"Liberan completo informe sobre el impacto ambiental de 30 a\u00f1os de salmoneras en \u00e1reas protegidas de Ays\u00e9n"},"content":{"rendered":"<div class=\"flex_column av_one_full  flex_column_div av-zero-column-padding first  avia-builder-el-0  el_before_av_one_full  avia-builder-el-first  \" style='border-radius:0px; '><div  class='avia-image-container  av-styling-    avia-builder-el-1  avia-builder-el-no-sibling  avia-align-center '  itemprop=\"image\" itemscope=\"itemscope\" itemtype=\"https:\/\/schema.org\/ImageObject\"  ><div class='avia-image-container-inner'><div class='avia-image-overlay-wrap'><img decoding=\"async\" class='wp-image-48907 avia-img-lazy-loading-not-48907 avia_image' src=\"https:\/\/radiorevelacionfm.cl\/wp-content\/uploads\/2024\/12\/Salmoneras1-1-1.jpg\" alt='' title='Salmoneras1 (1) (1)' height=\"600\" width=\"1002\"  itemprop=\"thumbnailUrl\" srcset=\"https:\/\/radiorevelacionfm.cl\/wp-content\/uploads\/2024\/12\/Salmoneras1-1-1.jpg 1002w, https:\/\/radiorevelacionfm.cl\/wp-content\/uploads\/2024\/12\/Salmoneras1-1-1-300x180.jpg 300w, https:\/\/radiorevelacionfm.cl\/wp-content\/uploads\/2024\/12\/Salmoneras1-1-1-768x460.jpg 768w, https:\/\/radiorevelacionfm.cl\/wp-content\/uploads\/2024\/12\/Salmoneras1-1-1-705x422.jpg 705w, https:\/\/radiorevelacionfm.cl\/wp-content\/uploads\/2024\/12\/Salmoneras1-1-1-450x269.jpg 450w, https:\/\/radiorevelacionfm.cl\/wp-content\/uploads\/2024\/12\/Salmoneras1-1-1-600x359.jpg 600w\" sizes=\"(max-width: 1002px) 100vw, 1002px\" \/><\/div><\/div><\/div><\/div><div class=\"flex_column av_one_full  flex_column_div av-zero-column-padding first  avia-builder-el-2  el_after_av_one_full  el_before_av_one_full  column-top-margin\" style='border-radius:0px; '><section class=\"av_textblock_section \"  itemscope=\"itemscope\" itemtype=\"https:\/\/schema.org\/BlogPosting\" itemprop=\"blogPost\" ><div class='avia_textblock  '   itemprop=\"text\" ><p style=\"text-align: center;\"><span style=\"font-size: 18pt;\"><b><span lang=\"ES-TRAD\">Liberan completo informe sobre el impacto ambiental de 30 a\u00f1os de salmoneras en \u00e1reas protegidas de Ays\u00e9n<\/span><\/b><\/span><\/p>\n<div id=\"gtx-trans\" style=\"position: absolute; left: -50px; top: 4.31534px;\">\n<div class=\"gtx-trans-icon\"><\/div>\n<\/div>\n<\/div><\/section><\/div><div class=\"flex_column av_one_full  flex_column_div av-zero-column-padding first  avia-builder-el-4  el_after_av_one_full  el_before_av_hr  column-top-margin\" style='border-radius:0px; '><section class=\"av_textblock_section \"  itemscope=\"itemscope\" itemtype=\"https:\/\/schema.org\/BlogPosting\" itemprop=\"blogPost\" ><div class='avia_textblock  '   itemprop=\"text\" ><p class=\"v1gmail-MsoListParagraph\" style=\"text-align: justify;\"><i><span lang=\"ES-TRAD\">El objetivo es \u00abdar a conocer, transparentar y evaluar la ubicaci\u00f3n e impactos de las concesiones salmoneras en las \u00e1reas protegidas de la regi\u00f3n de Ays\u00e9n, considerando aspectos ambientales y normativos\u00bb; \u00abidentificar y analizar la distribuci\u00f3n, origen, concentraci\u00f3n y control de las concesiones y su situaci\u00f3n de caducidad e hipotecas\u00bb; e \u00abidentificar y evaluar los efectos de la salmonicultura sobre \u00e1reas protegidas\u00bb.<\/span><\/i><\/p>\n<p class=\"v1MsoNormal\" style=\"text-align: justify;\"><span lang=\"ES-TRAD\">Un<span class=\"v1gmail-Apple-converted-space\">\u00a0<\/span><a href=\"https:\/\/www.aisenreservadevida.cl\/2024\/12\/09\/salmoneras-en-areas-protegidas-de-la-region-de-aisen\/\" target=\"_blank\" rel=\"noopener noreferrer\">completo informe<\/a><span class=\"v1gmail-Apple-converted-space\">\u00a0<\/span>sobre la salmonicultura en Ays\u00e9n, principalmente en las \u00e1reas protegidas, difundi\u00f3 recientemente el director de Codeff Ays\u00e9n y presidente de la Agrupaci\u00f3n Ais\u00e9n Reserva de Vida, Peter Hartmann Samhaber. El texto, de 26 p\u00e1ginas, es el resultado de \u00ab<i>m\u00e1s de 30 a\u00f1os monitoreando la salmonicultura en la regi\u00f3n<\/i>\u00bb se\u00f1ala el autor en la introducci\u00f3n.<\/span><\/p>\n<p class=\"v1MsoNormal\" style=\"text-align: justify;\"><span lang=\"ES-TRAD\">El objetivo declarado es \u00ab<i>dar a conocer, transparentar y evaluar la ubicaci\u00f3n e impactos de las concesiones salmoneras en las \u00e1reas protegidas de la regi\u00f3n de Ays\u00e9n, considerando aspectos ambientales y normativos<\/i>\u00ab. Adem\u00e1s, \u00ab<i>identificar y analizar la distribuci\u00f3n, origen, concentraci\u00f3n y control de las concesiones y su situaci\u00f3n de caducidad e hipotecas<\/i>\u00ab; e \u00ab<i>identificar y evaluar los efectos de la salmonicultura sobre \u00e1reas protegidas<\/i>\u00ab.<\/span><\/p>\n<p class=\"v1MsoNormal\" style=\"text-align: justify;\"><span lang=\"ES-TRAD\">El documento est\u00e1 estructurado en siete cap\u00edtulos, cada uno de los cuales, a trav\u00e9s de tablas, cuadros y fotograf\u00edas, va entregando luces sobre la magnitud de la intervenci\u00f3n de las concesiones salmoneras en las \u00e1reas protegidas del mar austral.<\/span><\/p>\n<p class=\"v1MsoNormal\" style=\"text-align: justify;\"><span lang=\"ES-TRAD\">De esta forma se entrega un contexto de las<span class=\"v1gmail-Apple-converted-space\">\u00a0<\/span>tres d\u00e9cadas de la industria<span class=\"v1gmail-Apple-converted-space\">\u00a0<\/span>en una regi\u00f3n \u00ab<i>con<\/i><span class=\"v1gmail-Apple-converted-space\">\u00a0<\/span><i>cualidades ambientales excepcionales y fr\u00e1giles, m\u00e1s su importancia mundial para la conservaci\u00f3n. En ella se encuentran al menos 80.000 km. lineales de borde costero, sobre 35.000 km2. de la mayor de las tres zonas estuarinas o de fiordo del planeta, y que contiene una alta biodiversidad marina desconocida y priorizada como de importancia para la conservaci\u00f3n mundial<\/i>\u00ab. M\u00e1s a\u00fan, \u00ab<i>al sur de la pen\u00ednsula de Taitao este litoral est\u00e1 identificado como ecorregi\u00f3n \u00fanica a nivel mundial.\u00a0<span class=\"v1gmail-Apple-converted-space\">\u00a0<\/span>Adem\u00e1s, en el golfo de Corcovado y sus cercan\u00edas se encuentra el \u00e1rea m\u00e1s importante de ballenas azules del Hemisferio Sur<\/i>\u00bb explica Hartmann.<\/span><\/p>\n<p class=\"v1MsoNormal\" style=\"text-align: justify;\"><span lang=\"ES-TRAD\">A continuaci\u00f3n, se enfoca en<span class=\"v1gmail-Apple-converted-space\">\u00a0<\/span>visibilizar la presencia de salmoneras en \u00e1reas protegidas, con especial menci\u00f3n a los parques nacionales: 14 en borde de Isla Magdalena, uno en Queulat, m\u00e1s de 20 Melimoyu, uno en el Monumento Natural 5 Hermanas, cuatro en Laguna San Rafael (dos en proceso de relocalizaci\u00f3n, m\u00e1s una en tr\u00e1mite). \u00ab<i>Seg\u00fan Mellado, Villanueva y Gorostiaga, de 855 concesiones en Ays\u00e9n y Magallanes unas 442 se encuentran en \u00e1reas protegidas con un total de 4.081 h\u00e1s. de mar equivalentes al 51% de su superficie del total<\/i>\u00bb explica en el documento.<span class=\"v1gmail-Apple-converted-space\">\u00a0<\/span>Y agrega: esta intervenci\u00f3n les permite cosechar un 51 % de la producci\u00f3n total. El \u00e1rea protegida con mayor n\u00famero de concesiones es la Reserva Nacional Las Guaitecas, con 315 o 316.\u00a0<span class=\"v1gmail-Apple-converted-space\">\u00a0<\/span><\/span><\/p>\n<p class=\"v1MsoNormal\" style=\"text-align: justify;\"><span lang=\"ES-TRAD\">Tambi\u00e9n da cuenta de la<span class=\"v1gmail-Apple-converted-space\">\u00a0<\/span>propiedad en estos maritorios<span class=\"v1gmail-Apple-converted-space\">\u00a0<\/span>bajo salvaguarda, donde \u00ab<i>hay nueve empresas con capitales extranjeros que controlan 175 concesiones y 1.294,84 h\u00e1s.<\/i>\u00ab. Y, vinculado a esto, que cerca de un 40 % del total de estos t\u00edtulos est\u00e1 hipotecado con bancos e instituciones financieras, posibilidad que se estableci\u00f3 tras la crisis del virus ISA en 2007. Este escenario colisiona con la situaci\u00f3n de caducidad en que se encuentra un n\u00famero importante de concesiones por no operaci\u00f3n. \u00ab<i>El bajo uso u operaci\u00f3n de concesiones, en lo que las caducidades e hipotecas son indicadores, lleva a pensar que muchas concesiones pueden tener una finalidad de especulaci\u00f3n financiera \u00bfQu\u00e9 tan v\u00e1lida es la especulaci\u00f3n con concesiones ubicadas, adem\u00e1s, en \u00e1reas protegidas?<\/i>\u00bb se pregunta el dirigente.<i><\/i><\/span><\/p>\n<p class=\"v1MsoNormal\" style=\"text-align: justify;\"><span lang=\"ES-TRAD\">Como conclusi\u00f3n, \u00ab<i>Salmoneras en \u00c1reas Protegidas de la regi\u00f3n de Ays\u00e9n<\/i>\u00bb entrega una sistematizaci\u00f3n de impactos de estos procesos acu\u00edcolas en el maritorio. Entre los principales se pueden mencionar \u00abriesgo, enmalle, choques, heridas, contaminaci\u00f3n, a fauna silvestre, inclusive especies en peligro como cet\u00e1ceos y huillines\u00bb, junto a \u00abdestrucci\u00f3n y fraccionamiento de h\u00e1bitat\u00bb y \u00abcontaminaci\u00f3n, desertificaci\u00f3n del fondo marino por residuos org\u00e1nicos y qu\u00edmicos\u00bb.\u00a0<\/span><span lang=\"ES-TRAD\">Adem\u00e1s, \u00abcontaminaci\u00f3n de fondo y playas con restos de centros, basura y micropl\u00e1sticos\u00bb, \u00abaporte de nutrientes a floraciones algales nocivas\u00bb y \u00abdiseminaci\u00f3n de microalgas, virus y enfermedades mediante cargas de wellboat y traslado de material biol\u00f3gico\u00bb.<\/span><\/p>\n<p class=\"v1MsoNormal\" style=\"text-align: justify;\"><span lang=\"ES-TRAD\">Tambi\u00e9n menciona los \u00abefectos de plaguicidas usados para combatir Caligus sobre larvas de vida silvestre y su muerte\u00bb, los \u00abriesgos y efectos de otros qu\u00edmicos utilizados como aditivos (colorantes, etc.) y preservantes\/\u00e1cido para silo de mortalidad y antifouling\u00bb, y \u00abriesgos y contaminaci\u00f3n con hidrocarburos (naves, generadores)\u00bb, por mencionar s\u00f3lo algunos impactos.<\/span><\/p>\n<p class=\"v1MsoNormal\" style=\"text-align: justify;\"><span lang=\"ES-TRAD\">\u00ab<i>Este informe tiene una gran cantidad de investigaci\u00f3n. Fueron dos a\u00f1os en que estuvimos trabajando en esto, junto a especialistas de base. Est\u00e1 muy documentado e ilustrado, con muchos detalles<\/i>\u00bb se\u00f1al\u00f3 al respecto el dirigente. Y concluy\u00f3: \u00ab<i>En el informe consignamos varios incumplimientos legales y la conclusi\u00f3n es que parece que la \u00fanica ley que vale en el litoral es la ley del embudo del Estado Salmonero<\/i>\u00ab.<\/span><\/p>\n<p class=\"v1MsoNormal\" style=\"text-align: justify;\"><span lang=\"ES-TRAD\">Algunas cifras<\/span><\/p>\n<p class=\"v1gmail-MsoListParagraphCxSpFirst\" style=\"text-align: justify;\"><span lang=\"ES-TRAD\">\u00b7\u00a0\u00a0\u00a0\u00a0\u00a0<span class=\"v1gmail-Apple-converted-space\">\u00a0<\/span><\/span><span lang=\"ES-TRAD\">Hay en total 1.409 concesiones en la Patagonia (por 25 a\u00f1os).<\/span><\/p>\n<p class=\"v1gmail-MsoListParagraphCxSpMiddle\" style=\"text-align: justify;\"><span lang=\"ES-TRAD\">\u00b7\u00a0\u00a0\u00a0\u00a0\u00a0<span class=\"v1gmail-Apple-converted-space\">\u00a0<\/span><\/span><span lang=\"ES-TRAD\">De este total, 719 en la regi\u00f3n Ais\u00e9n, en 5.901 h\u00e1s y que representa el 51% del total nacional.<\/span><\/p>\n<p class=\"v1gmail-MsoListParagraphCxSpMiddle\" style=\"text-align: justify;\"><span lang=\"ES-TRAD\">\u00b7\u00a0\u00a0\u00a0\u00a0\u00a0<span class=\"v1gmail-Apple-converted-space\">\u00a0<\/span><\/span><span lang=\"ES-TRAD\">Un 49% se ubica en \u00e1reas protegidas, que generan un 40% salm\u00f3n cosechado<\/span><\/p>\n<p class=\"v1gmail-MsoListParagraphCxSpMiddle\" style=\"text-align: justify;\"><span lang=\"ES-TRAD\">\u00b7\u00a0\u00a0\u00a0\u00a0\u00a0<span class=\"v1gmail-Apple-converted-space\">\u00a0<\/span><\/span><span lang=\"ES-TRAD\">El a\u00f1o 2022 operaron 152 (un 23%), de las cuales 73 se ubican en alg\u00fan \u00e1rea protegida.<\/span><\/p>\n<p class=\"v1gmail-MsoListParagraphCxSpMiddle\" style=\"text-align: justify;\"><span lang=\"ES-TRAD\">\u00b7\u00a0\u00a0\u00a0\u00a0\u00a0<span class=\"v1gmail-Apple-converted-space\">\u00a0<\/span><\/span><span lang=\"ES-TRAD\">Un 30% han presentado casos de sobreproducci\u00f3n.<\/span><\/p>\n<p class=\"v1gmail-MsoListParagraphCxSpMiddle\" style=\"text-align: justify;\"><span lang=\"ES-TRAD\">\u00b7\u00a0\u00a0\u00a0\u00a0\u00a0<span class=\"v1gmail-Apple-converted-space\">\u00a0<\/span><\/span><span lang=\"ES-TRAD\">Un 32,8 % impactaron la columna de agua eliminando el ox\u00edgeno (anaer\u00f3bicas).\u00a0<span class=\"v1gmail-Apple-converted-space\">\u00a0<\/span>Poco m\u00e1s de la mitad (un 51%), son reincidentes en esta pr\u00e1ctica.<\/span><\/p>\n<p class=\"v1gmail-MsoListParagraphCxSpMiddle\" style=\"text-align: justify;\"><span lang=\"ES-TRAD\">\u00b7\u00a0\u00a0\u00a0\u00a0\u00a0<span class=\"v1gmail-Apple-converted-space\">\u00a0<\/span><\/span><span lang=\"ES-TRAD\">Un total de 272 est\u00e1n en situaci\u00f3n de caducidad (un 37,2%), de las cuales un 40% se ubican en \u00e1reas protegidas.<\/span><\/p>\n<p class=\"v1gmail-MsoListParagraphCxSpMiddle\" style=\"text-align: justify;\"><span lang=\"ES-TRAD\">\u00b7\u00a0\u00a0\u00a0\u00a0\u00a0<span class=\"v1gmail-Apple-converted-space\">\u00a0<\/span><\/span><span lang=\"ES-TRAD\">Hay 643 hipotecadas (42,3% del total): 277 en Ays\u00e9n (42,3%).<span class=\"v1gmail-Apple-converted-space\">\u00a0<\/span><\/span><\/p>\n<p class=\"v1gmail-MsoListParagraphCxSpMiddle\" style=\"text-align: justify;\"><span lang=\"ES-TRAD\">\u00b7\u00a0\u00a0\u00a0\u00a0\u00a0<span class=\"v1gmail-Apple-converted-space\">\u00a0<\/span><\/span><span lang=\"ES-TRAD\">Agrosuper es la empresa con mayor concentraci\u00f3n de concesiones con 223, mientras que las \u00abSiete familias\u00bb son titulares de 80.<\/span><\/p>\n<p class=\"v1gmail-MsoListParagraphCxSpLast\" style=\"text-align: justify;\"><span lang=\"ES-TRAD\">\u00b7\u00a0\u00a0\u00a0\u00a0\u00a0<span class=\"v1gmail-Apple-converted-space\">\u00a0<\/span><\/span><span lang=\"ES-TRAD\">Un 42,6% de los t\u00edtulos est\u00e1n en manos de empresas extranjeras (307).\u00a0<span class=\"v1gmail-Apple-converted-space\">\u00a0<\/span>De ellas, MOWI tiene 104 (Noruega).<\/span><\/p>\n<p class=\"v1MsoNormal\" style=\"text-align: justify;\"><span lang=\"ES-TRAD\">\u00a0<\/span><\/p>\n<p class=\"v1MsoNormal\" style=\"text-align: justify;\"><span lang=\"ES-TRAD\">Revisar el informe en:\u00a0<a href=\"https:\/\/www.aisenreservadevida.cl\/2024\/12\/09\/salmoneras-en-areas-protegidas-de-la-region-de-aisen\/\" target=\"_blank\" rel=\"noopener noreferrer\">https:\/\/www.aisenreservadevida.cl\/2024\/12\/09\/salmoneras-en-areas-protegidas-de-la-region-de-aisen\/<\/a><\/span><\/p>\n<\/div><\/section><\/div><div  style='height:50px' class='hr hr-invisible   avia-builder-el-6  el_after_av_one_full  el_before_av_social_share '><span class='hr-inner ' ><span class='hr-inner-style'><\/span><\/span><\/div><\/p>\n<div  class='av-social-sharing-box  avia-builder-el-7  el_after_av_hr  el_before_av_hr  '><div class='av-share-box'><h5 class='av-share-link-description av-no-toc '>Compartir esta noticia<\/h5><ul class='av-share-box-list noLightbox'><li class='av-share-link av-social-link-facebook' ><a target=\"_blank\" aria-label=\"Compartir en Facebook\" href='https:\/\/www.facebook.com\/sharer.php?u=https:\/\/radiorevelacionfm.cl\/?p=48905&#038;t=Liberan%20completo%20informe%20sobre%20el%20impacto%20ambiental%20de%2030%20a%C3%B1os%20de%20salmoneras%20en%20%C3%A1reas%20protegidas%20de%20Ays%C3%A9n' aria-hidden='false' data-av_icon='\ue8f3' data-av_iconfont='entypo-fontello' title='' data-avia-related-tooltip='Compartir en Facebook' rel=\"noopener\"><span class='avia_hidden_link_text'>Compartir en Facebook<\/span><\/a><\/li><li class='av-share-link av-social-link-twitter' ><a target=\"_blank\" aria-label=\"Compartir en Twitter\" href='https:\/\/twitter.com\/share?text=Liberan%20completo%20informe%20sobre%20el%20impacto%20ambiental%20de%2030%20a%C3%B1os%20de%20salmoneras%20en%20%C3%A1reas%20protegidas%20de%20Ays%C3%A9n&#038;url=https:\/\/radiorevelacionfm.cl\/?p=48905' aria-hidden='false' data-av_icon='\ue8f1' data-av_iconfont='entypo-fontello' title='' data-avia-related-tooltip='Compartir en Twitter' rel=\"noopener\"><span class='avia_hidden_link_text'>Compartir en Twitter<\/span><\/a><\/li><li class='av-share-link av-social-link-whatsapp' ><a target=\"_blank\" aria-label=\"Compartir en Whatsapp\" href='https:\/\/api.whatsapp.com\/send?text=https:\/\/radiorevelacionfm.cl\/?p=48905' aria-hidden='false' data-av_icon='\uf232' data-av_iconfont='entypo-fontello' title='' data-avia-related-tooltip='Compartir en Whatsapp' rel=\"noopener\"><span class='avia_hidden_link_text'>Compartir en Whatsapp<\/span><\/a><\/li><li class='av-share-link av-social-link-linkedin' ><a target=\"_blank\" aria-label=\"Compartir en LinkedIn\" href='https:\/\/linkedin.com\/shareArticle?mini=true&#038;title=Liberan%20completo%20informe%20sobre%20el%20impacto%20ambiental%20de%2030%20a%C3%B1os%20de%20salmoneras%20en%20%C3%A1reas%20protegidas%20de%20Ays%C3%A9n&#038;url=https:\/\/radiorevelacionfm.cl\/?p=48905' aria-hidden='false' data-av_icon='\ue8fc' data-av_iconfont='entypo-fontello' title='' data-avia-related-tooltip='Compartir en LinkedIn' rel=\"noopener\"><span class='avia_hidden_link_text'>Compartir en LinkedIn<\/span><\/a><\/li><li class='av-share-link av-social-link-mail' ><a  aria-label=\"Compartir por correo\" href='mailto:?subject=Liberan%20completo%20informe%20sobre%20el%20impacto%20ambiental%20de%2030%20a%C3%B1os%20de%20salmoneras%20en%20%C3%A1reas%20protegidas%20de%20Ays%C3%A9n&#038;body=https:\/\/radiorevelacionfm.cl\/?p=48905' aria-hidden='false' data-av_icon='\ue805' data-av_iconfont='entypo-fontello' title='' data-avia-related-tooltip='Compartir por correo'><span class='avia_hidden_link_text'>Compartir por correo<\/span><\/a><\/li><\/ul><\/div><\/div>\n<div  style='height:50px' class='hr hr-invisible   avia-builder-el-8  el_after_av_social_share  el_before_av_comments_list '><span class='hr-inner ' ><span class='hr-inner-style'><\/span><\/span><\/div>\n<div  class='av-buildercomment  av-blog-meta-html-info-disabled av-blog-meta-tag-disabled  '><\/div>\n","protected":false},"excerpt":{"rendered":"","protected":false},"author":1,"featured_media":48907,"comment_status":"open","ping_status":"open","sticky":false,"template":"","format":"standard","meta":{"footnotes":""},"categories":[39],"tags":[],"class_list":["post-48905","post","type-post","status-publish","format-standard","has-post-thumbnail","hentry","category-medio-ambiente"],"jetpack_featured_media_url":"https:\/\/radiorevelacionfm.cl\/wp-content\/uploads\/2024\/12\/Salmoneras1-1-1.jpg","_links":{"self":[{"href":"https:\/\/radiorevelacionfm.cl\/index.php?rest_route=\/wp\/v2\/posts\/48905","targetHints":{"allow":["GET"]}}],"collection":[{"href":"https:\/\/radiorevelacionfm.cl\/index.php?rest_route=\/wp\/v2\/posts"}],"about":[{"href":"https:\/\/radiorevelacionfm.cl\/index.php?rest_route=\/wp\/v2\/types\/post"}],"author":[{"embeddable":true,"href":"https:\/\/radiorevelacionfm.cl\/index.php?rest_route=\/wp\/v2\/users\/1"}],"replies":[{"embeddable":true,"href":"https:\/\/radiorevelacionfm.cl\/index.php?rest_route=%2Fwp%2Fv2%2Fcomments&post=48905"}],"version-history":[{"count":1,"href":"https:\/\/radiorevelacionfm.cl\/index.php?rest_route=\/wp\/v2\/posts\/48905\/revisions"}],"predecessor-version":[{"id":48908,"href":"https:\/\/radiorevelacionfm.cl\/index.php?rest_route=\/wp\/v2\/posts\/48905\/revisions\/48908"}],"wp:featuredmedia":[{"embeddable":true,"href":"https:\/\/radiorevelacionfm.cl\/index.php?rest_route=\/wp\/v2\/media\/48907"}],"wp:attachment":[{"href":"https:\/\/radiorevelacionfm.cl\/index.php?rest_route=%2Fwp%2Fv2%2Fmedia&parent=48905"}],"wp:term":[{"taxonomy":"category","embeddable":true,"href":"https:\/\/radiorevelacionfm.cl\/index.php?rest_route=%2Fwp%2Fv2%2Fcategories&post=48905"},{"taxonomy":"post_tag","embeddable":true,"href":"https:\/\/radiorevelacionfm.cl\/index.php?rest_route=%2Fwp%2Fv2%2Ftags&post=48905"}],"curies":[{"name":"wp","href":"https:\/\/api.w.org\/{rel}","templated":true}]}}