{"id":48901,"date":"2024-12-15T23:28:33","date_gmt":"2024-12-16T02:28:33","guid":{"rendered":"https:\/\/radiorevelacionfm.cl\/?p=48901"},"modified":"2024-12-15T23:31:46","modified_gmt":"2024-12-16T02:31:46","slug":"busqueda-de-mujer-desaparecida-en-las-aguas-del-rio-finaliza-sin-resultados-positivos-en-esta-jornada","status":"publish","type":"post","link":"https:\/\/radiorevelacionfm.cl\/?p=48901","title":{"rendered":"B\u00fasqueda de mujer desaparecida en las aguas del r\u00edo, finaliza sin resultados positivos en esta jornada"},"content":{"rendered":"<div class=\"flex_column av_one_full  flex_column_div av-zero-column-padding first  avia-builder-el-0  el_before_av_one_full  avia-builder-el-first  \" style='border-radius:0px; '><div  class='avia-image-container  av-styling-    avia-builder-el-1  avia-builder-el-no-sibling  avia-align-center '  itemprop=\"image\" itemscope=\"itemscope\" itemtype=\"https:\/\/schema.org\/ImageObject\"  ><div class='avia-image-container-inner'><div class='avia-image-overlay-wrap'><img decoding=\"async\" class='wp-image-48902 avia-img-lazy-loading-not-48902 avia_image' src=\"https:\/\/radiorevelacionfm.cl\/wp-content\/uploads\/2024\/12\/Busqueda-Aysen-15.12.24-1-1.jpg\" alt='' title='Busqueda Aysen 15.12.24 (1) (1)' height=\"600\" width=\"1067\"  itemprop=\"thumbnailUrl\" srcset=\"https:\/\/radiorevelacionfm.cl\/wp-content\/uploads\/2024\/12\/Busqueda-Aysen-15.12.24-1-1.jpg 1067w, https:\/\/radiorevelacionfm.cl\/wp-content\/uploads\/2024\/12\/Busqueda-Aysen-15.12.24-1-1-300x169.jpg 300w, https:\/\/radiorevelacionfm.cl\/wp-content\/uploads\/2024\/12\/Busqueda-Aysen-15.12.24-1-1-1030x579.jpg 1030w, https:\/\/radiorevelacionfm.cl\/wp-content\/uploads\/2024\/12\/Busqueda-Aysen-15.12.24-1-1-768x432.jpg 768w, https:\/\/radiorevelacionfm.cl\/wp-content\/uploads\/2024\/12\/Busqueda-Aysen-15.12.24-1-1-705x396.jpg 705w, https:\/\/radiorevelacionfm.cl\/wp-content\/uploads\/2024\/12\/Busqueda-Aysen-15.12.24-1-1-450x253.jpg 450w, https:\/\/radiorevelacionfm.cl\/wp-content\/uploads\/2024\/12\/Busqueda-Aysen-15.12.24-1-1-600x337.jpg 600w\" sizes=\"(max-width: 1067px) 100vw, 1067px\" \/><\/div><\/div><\/div><\/div>\n<div class=\"flex_column av_one_full  flex_column_div av-zero-column-padding first  avia-builder-el-2  el_after_av_one_full  el_before_av_one_full  column-top-margin\" style='border-radius:0px; '><section class=\"av_textblock_section \"  itemscope=\"itemscope\" itemtype=\"https:\/\/schema.org\/BlogPosting\" itemprop=\"blogPost\" ><div class='avia_textblock  '   itemprop=\"text\" ><p style=\"text-align: center;\"><strong><span style=\"font-size: 18pt;\">B\u00fasqueda de mujer desaparecida en las aguas del r\u00edo finaliza sin resultados positivos en esta jornada<\/span><\/strong><\/p>\n<div id=\"gtx-trans\" style=\"position: absolute; left: -50px; top: 4.31534px;\">\n<div class=\"gtx-trans-icon\"><\/div>\n<\/div>\n<\/div><\/section><\/div>\n<div class=\"flex_column av_one_full  flex_column_div av-zero-column-padding first  avia-builder-el-4  el_after_av_one_full  el_before_av_hr  column-top-margin\" style='border-radius:0px; '><section class=\"av_textblock_section \"  itemscope=\"itemscope\" itemtype=\"https:\/\/schema.org\/BlogPosting\" itemprop=\"blogPost\" ><div class='avia_textblock  '   itemprop=\"text\" ><p style=\"text-align: justify;\">Cerca de las 13:00 horas de esta tarde de domingo 15 de diciembre de 2024, se activ\u00f3 el ABC de la emergencia en la ciudad de Puerto Ays\u00e9n, por rescate de una persona que habr\u00eda sido arrastrada por las aguas del r\u00edo.<\/p>\n<p style=\"text-align: justify;\">Personal de rescate de Bomberos y GOPE de Carabineros concurrieron hasta el kil\u00f3metro 20 aproximadamente de la ruta 240 que une Puerto Ays\u00e9n y Coyhaique, en el lugar equipos trabajaron en la b\u00fasqueda de una persona de sexo femenino de unos 33 a\u00f1os de edad, de nacionalidad extranjera (colombiana) la que desapareci\u00f3 en el sector antes indicado.<\/p>\n<p style=\"text-align: justify;\">Seg\u00fan los primeros antecedentes, la mujer habr\u00eda ingresado a las aguas del r\u00edo a eso de las 12:30 horas, quien se encontraba en compa\u00f1\u00eda de amigos, quienes dieron aviso de la emergencia, inici\u00e1ndose la b\u00fasqueda.<\/p>\n<p style=\"text-align: justify;\">Durante toda la tarde personal especializado de GERSA, GRIMP, GOPE de Carabineros y personas voluntarias, trabajaron en el rastreo, sin resultados positivos por ahora.<\/p>\n<p style=\"text-align: justify;\">La b\u00fasqueda adem\u00e1s fue acompa\u00f1ada por un equipo dron, el comandante del Cuerpo de Bomberos de Puerto Ays\u00e9n, Carlos D\u00edaz, se\u00f1al\u00f3 que \u00abCon los deshielos hay mucha corriente. Lo positivo es que est\u00e1 clara el agua y se puede hacer una b\u00fasqueda con buceo en conjunto con el GOPE para visualizar donde podr\u00edamos tener un punto de inter\u00e9s\u00bb, puntualizo. Confirmando adem\u00e1s que se encontraron prendas de vestir y en tel\u00e9fono celular de la persona desaparecida.<\/p>\n<p style=\"text-align: justify;\">La b\u00fasqueda se retomar\u00e1 a primera hora del lunes 16 de diciembre.<\/p>\n<\/div><\/section><\/div><div  style='height:50px' class='hr hr-invisible   avia-builder-el-6  el_after_av_one_full  el_before_av_social_share '><span class='hr-inner ' ><span class='hr-inner-style'><\/span><\/span><\/div><\/p>\n<div  class='av-social-sharing-box  avia-builder-el-7  el_after_av_hr  el_before_av_hr  '><div class='av-share-box'><h5 class='av-share-link-description av-no-toc '>Compartir esta noticia<\/h5><ul class='av-share-box-list noLightbox'><li class='av-share-link av-social-link-facebook' ><a target=\"_blank\" aria-label=\"Compartir en Facebook\" href='https:\/\/www.facebook.com\/sharer.php?u=https:\/\/radiorevelacionfm.cl\/?p=48901&#038;t=B%C3%BAsqueda%20de%20mujer%20desaparecida%20en%20las%20aguas%20del%20r%C3%ADo%2C%20finaliza%20sin%20resultados%20positivos%20en%20esta%20jornada' aria-hidden='false' data-av_icon='\ue8f3' data-av_iconfont='entypo-fontello' title='' data-avia-related-tooltip='Compartir en Facebook' rel=\"noopener\"><span class='avia_hidden_link_text'>Compartir en Facebook<\/span><\/a><\/li><li class='av-share-link av-social-link-twitter' ><a target=\"_blank\" aria-label=\"Compartir en Twitter\" href='https:\/\/twitter.com\/share?text=B%C3%BAsqueda%20de%20mujer%20desaparecida%20en%20las%20aguas%20del%20r%C3%ADo%2C%20finaliza%20sin%20resultados%20positivos%20en%20esta%20jornada&#038;url=https:\/\/radiorevelacionfm.cl\/?p=48901' aria-hidden='false' data-av_icon='\ue8f1' data-av_iconfont='entypo-fontello' title='' data-avia-related-tooltip='Compartir en Twitter' rel=\"noopener\"><span class='avia_hidden_link_text'>Compartir en Twitter<\/span><\/a><\/li><li class='av-share-link av-social-link-whatsapp' ><a target=\"_blank\" aria-label=\"Compartir en Whatsapp\" href='https:\/\/api.whatsapp.com\/send?text=https:\/\/radiorevelacionfm.cl\/?p=48901' aria-hidden='false' data-av_icon='\uf232' data-av_iconfont='entypo-fontello' title='' data-avia-related-tooltip='Compartir en Whatsapp' rel=\"noopener\"><span class='avia_hidden_link_text'>Compartir en Whatsapp<\/span><\/a><\/li><li class='av-share-link av-social-link-linkedin' ><a target=\"_blank\" aria-label=\"Compartir en LinkedIn\" href='https:\/\/linkedin.com\/shareArticle?mini=true&#038;title=B%C3%BAsqueda%20de%20mujer%20desaparecida%20en%20las%20aguas%20del%20r%C3%ADo%2C%20finaliza%20sin%20resultados%20positivos%20en%20esta%20jornada&#038;url=https:\/\/radiorevelacionfm.cl\/?p=48901' aria-hidden='false' data-av_icon='\ue8fc' data-av_iconfont='entypo-fontello' title='' data-avia-related-tooltip='Compartir en LinkedIn' rel=\"noopener\"><span class='avia_hidden_link_text'>Compartir en LinkedIn<\/span><\/a><\/li><li class='av-share-link av-social-link-mail' ><a  aria-label=\"Compartir por correo\" href='mailto:?subject=B%C3%BAsqueda%20de%20mujer%20desaparecida%20en%20las%20aguas%20del%20r%C3%ADo%2C%20finaliza%20sin%20resultados%20positivos%20en%20esta%20jornada&#038;body=https:\/\/radiorevelacionfm.cl\/?p=48901' aria-hidden='false' data-av_icon='\ue805' data-av_iconfont='entypo-fontello' title='' data-avia-related-tooltip='Compartir por correo'><span class='avia_hidden_link_text'>Compartir por correo<\/span><\/a><\/li><\/ul><\/div><\/div>\n<div  style='height:50px' class='hr hr-invisible   avia-builder-el-8  el_after_av_social_share  el_before_av_comments_list '><span class='hr-inner ' ><span class='hr-inner-style'><\/span><\/span><\/div>\n<div  class='av-buildercomment  av-blog-meta-html-info-disabled av-blog-meta-tag-disabled  '><\/div>\n","protected":false},"excerpt":{"rendered":"","protected":false},"author":1,"featured_media":48902,"comment_status":"open","ping_status":"open","sticky":false,"template":"","format":"standard","meta":{"footnotes":""},"categories":[38],"tags":[],"class_list":["post-48901","post","type-post","status-publish","format-standard","has-post-thumbnail","hentry","category-regional"],"jetpack_featured_media_url":"https:\/\/radiorevelacionfm.cl\/wp-content\/uploads\/2024\/12\/Busqueda-Aysen-15.12.24-1-1.jpg","_links":{"self":[{"href":"https:\/\/radiorevelacionfm.cl\/index.php?rest_route=\/wp\/v2\/posts\/48901","targetHints":{"allow":["GET"]}}],"collection":[{"href":"https:\/\/radiorevelacionfm.cl\/index.php?rest_route=\/wp\/v2\/posts"}],"about":[{"href":"https:\/\/radiorevelacionfm.cl\/index.php?rest_route=\/wp\/v2\/types\/post"}],"author":[{"embeddable":true,"href":"https:\/\/radiorevelacionfm.cl\/index.php?rest_route=\/wp\/v2\/users\/1"}],"replies":[{"embeddable":true,"href":"https:\/\/radiorevelacionfm.cl\/index.php?rest_route=%2Fwp%2Fv2%2Fcomments&post=48901"}],"version-history":[{"count":2,"href":"https:\/\/radiorevelacionfm.cl\/index.php?rest_route=\/wp\/v2\/posts\/48901\/revisions"}],"predecessor-version":[{"id":48904,"href":"https:\/\/radiorevelacionfm.cl\/index.php?rest_route=\/wp\/v2\/posts\/48901\/revisions\/48904"}],"wp:featuredmedia":[{"embeddable":true,"href":"https:\/\/radiorevelacionfm.cl\/index.php?rest_route=\/wp\/v2\/media\/48902"}],"wp:attachment":[{"href":"https:\/\/radiorevelacionfm.cl\/index.php?rest_route=%2Fwp%2Fv2%2Fmedia&parent=48901"}],"wp:term":[{"taxonomy":"category","embeddable":true,"href":"https:\/\/radiorevelacionfm.cl\/index.php?rest_route=%2Fwp%2Fv2%2Fcategories&post=48901"},{"taxonomy":"post_tag","embeddable":true,"href":"https:\/\/radiorevelacionfm.cl\/index.php?rest_route=%2Fwp%2Fv2%2Ftags&post=48901"}],"curies":[{"name":"wp","href":"https:\/\/api.w.org\/{rel}","templated":true}]}}