{"id":4890,"date":"2021-06-04T12:29:05","date_gmt":"2021-06-04T15:29:05","guid":{"rendered":"https:\/\/radiorevelacionfm.cl\/?p=4890"},"modified":"2021-06-04T12:35:49","modified_gmt":"2021-06-04T15:35:49","slug":"lanzan-consulta-ciudadana-para-facilitar-gestion-y-desarrollo-de-ciclovias-en-el-pais","status":"publish","type":"post","link":"https:\/\/radiorevelacionfm.cl\/?p=4890","title":{"rendered":"Lanzan Consulta Ciudadana para facilitar gesti\u00f3n y desarrollo de ciclov\u00edas en el pa\u00eds"},"content":{"rendered":"<div class=\"flex_column av_one_full  flex_column_div av-zero-column-padding first  avia-builder-el-0  el_before_av_one_full  avia-builder-el-first  \" style='border-radius:0px; '><div  class='avia-image-container  av-styling-    avia-builder-el-1  avia-builder-el-no-sibling  avia-align-center '  itemprop=\"image\" itemscope=\"itemscope\" itemtype=\"https:\/\/schema.org\/ImageObject\"  ><div class='avia-image-container-inner'><div class='avia-image-overlay-wrap'><img decoding=\"async\" class='wp-image-0 avia-img-lazy-loading-not-0 avia_image' src=\"https:\/\/radiorevelacionfm.cl\/wp-content\/uploads\/2021\/06\/Ciclovias-002-1-1.jpg\" alt='' title=''   itemprop=\"thumbnailUrl\"  \/><\/div><\/div><\/div><\/div><div class=\"flex_column av_one_full  flex_column_div av-zero-column-padding first  avia-builder-el-2  el_after_av_one_full  el_before_av_one_full  column-top-margin\" style='border-radius:0px; '><section class=\"av_textblock_section \"  itemscope=\"itemscope\" itemtype=\"https:\/\/schema.org\/BlogPosting\" itemprop=\"blogPost\" ><div class='avia_textblock  '   itemprop=\"text\" ><p style=\"text-align: center;\"><strong><span style=\"font-size: 18pt;\">Lanzan Consulta Ciudadana para facilitar gesti\u00f3n y desarrollo de ciclov\u00edas en el pa\u00eds<\/span><\/strong><\/p>\n<div id=\"gtx-trans\" style=\"position: absolute; left: -50px; top: 4.31534px;\">\n<div class=\"gtx-trans-icon\"><\/div>\n<\/div>\n<\/div><\/section><\/div><div class=\"flex_column av_one_full  flex_column_div av-zero-column-padding first  avia-builder-el-4  el_after_av_one_full  el_before_av_hr  column-top-margin\" style='border-radius:0px; '><section class=\"av_textblock_section \"  itemscope=\"itemscope\" itemtype=\"https:\/\/schema.org\/BlogPosting\" itemprop=\"blogPost\" ><div class='avia_textblock  '   itemprop=\"text\" ><p style=\"font-weight: 400; text-align: justify;\">El Ministerio de Vivienda y Urbanismo lanz\u00f3 este jueves una\u00a0Consulta Ciudadana\u00a0para ciclov\u00edas, que considera una serie de cambios normativos que se aplicar\u00e1n a la Ordenanza General de Urbanismo y Construcciones (OGUC). Entre las modificaciones figuran la eliminaci\u00f3n de los anchos de pistas de una calzada para facilitar as\u00ed la gesti\u00f3n, planificaci\u00f3n y desarrollo de ciclov\u00edas en el pa\u00eds.<\/p>\n<p style=\"font-weight: 400; text-align: justify;\">Esta consulta p\u00fablica, que se enmarca en el\u00a0D\u00eda Mundial de la Bicicleta, estar\u00e1 disponible hasta el 27 de junio en el sitio web del ministerio (<a href=\"http:\/\/www.minvu.cl\/\" data-saferedirecturl=\"https:\/\/www.google.com\/url?q=http:\/\/www.minvu.cl&amp;source=gmail&amp;ust=1622905230410000&amp;usg=AFQjCNE-cw0t6WEa4PTtYa8LwfyOqz6Z7g\">www.minvu.cl<\/a>) y permitir\u00e1 conocer y opinar sobre tres cambios principales en esta materia:\u00a0Definici\u00f3n de criterios para ciclov\u00edas en calzadas, bandejones y parques; Nueva gesti\u00f3n de la calzada, lo que permitir\u00eda la construcci\u00f3n de\u00a0ciclov\u00edas m\u00e1s r\u00e1pido y m\u00e1s econ\u00f3mica; Generaci\u00f3n de una faja separadora (al menos 40 cms) para mejorar la convivencia entre peatones y ciclistas.<\/p>\n<p style=\"font-weight: 400; text-align: justify;\">El ministro Felipe Ward invit\u00f3 a participar a la ciudadan\u00eda y se\u00f1al\u00f3 que \u201clas mejores ciudades son las que se construyen entre todos. Por eso, en el Minvu\u00a0impulsamos una consulta p\u00fablica en la que todo ciudadano puede participar, donde se expondr\u00e1n las modificaciones a la Ordenanza General de Urbanismo y Construcciones de una forma abierta, y donde las personas u organizaciones podr\u00e1n hacer sus comentarios y observaciones a la propuesta en general o a un punto espec\u00edfico\u201d.<\/p>\n<p style=\"font-weight: 400; text-align: justify;\">La autoridad del Minvu explic\u00f3 que con esta modificaci\u00f3n se busca actualizar la OGUC y armonizar su contenido con las nuevas disposiciones que en materia de ciclov\u00edas introdujo la Ley de Convivencia Vial, que modific\u00f3 la Ley de Tr\u00e1nsito en 2018.<\/p>\n<p style=\"font-weight: 400; text-align: justify;\">\u201cEsta ordenanza siempre se ha adaptado a los nuevos procesos y din\u00e1micas que se dan en las ciudades y esta consulta p\u00fablica es prueba de ello. Por ese mismo motivo, uno de los ajustes que se proponen es aquel que elimina las restricciones de ancho de pistas vehiculares al momento de habilitar una ciclov\u00eda por la calzada\u201d, expres\u00f3 el ministro.<\/p>\n<p style=\"font-weight: 400; text-align: justify;\">Una vez concluido el per\u00edodo de consulta p\u00fablica, la Divisi\u00f3n de Desarrollo Urbano (DDU) del Minvu consolidar\u00e1 dichas contribuciones y se incorporar\u00e1n aspectos que pudieran considerarse relevantes en miras de mejorar la actualizaci\u00f3n de este reglamento. La publicaci\u00f3n de las contribuciones recibidas se realizar\u00e1 el 27 de agosto de este a\u00f1o.<\/p>\n<p style=\"font-weight: 400;\"><em>Para acceder directamente a la<strong> Consulta Ciudadana<\/strong> <a href=\"https:\/\/www.minvu.gob.cl\/consulta-ciudadana-para-ciclovias\/\" data-saferedirecturl=\"https:\/\/www.google.com\/url?q=https:\/\/www.minvu.gob.cl\/consulta-ciudadana-para-ciclovias\/&amp;source=gmail&amp;ust=1622905230410000&amp;usg=AFQjCNH767NlNju2nWdlyerPOBxcDFmOtA\">presiona aqu\u00ed<\/a>.<\/em><\/p>\n<\/div><\/section><\/div><div  style='height:50px' class='hr hr-invisible   avia-builder-el-6  el_after_av_one_full  el_before_av_social_share '><span class='hr-inner ' ><span class='hr-inner-style'><\/span><\/span><\/div><\/p>\n<div  class='av-social-sharing-box  avia-builder-el-7  el_after_av_hr  el_before_av_hr  '><div class='av-share-box'><h5 class='av-share-link-description av-no-toc '>Compartir esta noticia<\/h5><ul class='av-share-box-list noLightbox'><li class='av-share-link av-social-link-facebook' ><a target=\"_blank\" aria-label=\"Compartir en Facebook\" href='https:\/\/www.facebook.com\/sharer.php?u=https:\/\/radiorevelacionfm.cl\/?p=4890&#038;t=Lanzan%20Consulta%20Ciudadana%20para%20facilitar%20gesti%C3%B3n%20y%20desarrollo%20de%20ciclov%C3%ADas%20en%20el%20pa%C3%ADs' aria-hidden='false' data-av_icon='\ue8f3' data-av_iconfont='entypo-fontello' title='' data-avia-related-tooltip='Compartir en Facebook' rel=\"noopener\"><span class='avia_hidden_link_text'>Compartir en Facebook<\/span><\/a><\/li><li class='av-share-link av-social-link-twitter' ><a target=\"_blank\" aria-label=\"Compartir en Twitter\" href='https:\/\/twitter.com\/share?text=Lanzan%20Consulta%20Ciudadana%20para%20facilitar%20gesti%C3%B3n%20y%20desarrollo%20de%20ciclov%C3%ADas%20en%20el%20pa%C3%ADs&#038;url=https:\/\/radiorevelacionfm.cl\/?p=4890' aria-hidden='false' data-av_icon='\ue8f1' data-av_iconfont='entypo-fontello' title='' data-avia-related-tooltip='Compartir en Twitter' rel=\"noopener\"><span class='avia_hidden_link_text'>Compartir en Twitter<\/span><\/a><\/li><li class='av-share-link av-social-link-whatsapp' ><a target=\"_blank\" aria-label=\"Compartir en Whatsapp\" href='https:\/\/api.whatsapp.com\/send?text=https:\/\/radiorevelacionfm.cl\/?p=4890' aria-hidden='false' data-av_icon='\uf232' data-av_iconfont='entypo-fontello' title='' data-avia-related-tooltip='Compartir en Whatsapp' rel=\"noopener\"><span class='avia_hidden_link_text'>Compartir en Whatsapp<\/span><\/a><\/li><li class='av-share-link av-social-link-linkedin' ><a target=\"_blank\" aria-label=\"Compartir en LinkedIn\" href='https:\/\/linkedin.com\/shareArticle?mini=true&#038;title=Lanzan%20Consulta%20Ciudadana%20para%20facilitar%20gesti%C3%B3n%20y%20desarrollo%20de%20ciclov%C3%ADas%20en%20el%20pa%C3%ADs&#038;url=https:\/\/radiorevelacionfm.cl\/?p=4890' aria-hidden='false' data-av_icon='\ue8fc' data-av_iconfont='entypo-fontello' title='' data-avia-related-tooltip='Compartir en LinkedIn' rel=\"noopener\"><span class='avia_hidden_link_text'>Compartir en LinkedIn<\/span><\/a><\/li><li class='av-share-link av-social-link-mail' ><a  aria-label=\"Compartir por correo\" href='mailto:?subject=Lanzan%20Consulta%20Ciudadana%20para%20facilitar%20gesti%C3%B3n%20y%20desarrollo%20de%20ciclov%C3%ADas%20en%20el%20pa%C3%ADs&#038;body=https:\/\/radiorevelacionfm.cl\/?p=4890' aria-hidden='false' data-av_icon='\ue805' data-av_iconfont='entypo-fontello' title='' data-avia-related-tooltip='Compartir por correo'><span class='avia_hidden_link_text'>Compartir por correo<\/span><\/a><\/li><\/ul><\/div><\/div>\n<div  style='height:50px' class='hr hr-invisible   avia-builder-el-8  el_after_av_social_share  el_before_av_comments_list '><span class='hr-inner ' ><span class='hr-inner-style'><\/span><\/span><\/div>\n<div  class='av-buildercomment  av-blog-meta-html-info-disabled av-blog-meta-tag-disabled  '><\/div>\n","protected":false},"excerpt":{"rendered":"","protected":false},"author":1,"featured_media":0,"comment_status":"open","ping_status":"open","sticky":false,"template":"","format":"standard","meta":{"footnotes":""},"categories":[61,38],"tags":[],"class_list":["post-4890","post","type-post","status-publish","format-standard","hentry","category-nacional","category-regional"],"jetpack_featured_media_url":"","_links":{"self":[{"href":"https:\/\/radiorevelacionfm.cl\/index.php?rest_route=\/wp\/v2\/posts\/4890","targetHints":{"allow":["GET"]}}],"collection":[{"href":"https:\/\/radiorevelacionfm.cl\/index.php?rest_route=\/wp\/v2\/posts"}],"about":[{"href":"https:\/\/radiorevelacionfm.cl\/index.php?rest_route=\/wp\/v2\/types\/post"}],"author":[{"embeddable":true,"href":"https:\/\/radiorevelacionfm.cl\/index.php?rest_route=\/wp\/v2\/users\/1"}],"replies":[{"embeddable":true,"href":"https:\/\/radiorevelacionfm.cl\/index.php?rest_route=%2Fwp%2Fv2%2Fcomments&post=4890"}],"version-history":[{"count":1,"href":"https:\/\/radiorevelacionfm.cl\/index.php?rest_route=\/wp\/v2\/posts\/4890\/revisions"}],"predecessor-version":[{"id":4892,"href":"https:\/\/radiorevelacionfm.cl\/index.php?rest_route=\/wp\/v2\/posts\/4890\/revisions\/4892"}],"wp:attachment":[{"href":"https:\/\/radiorevelacionfm.cl\/index.php?rest_route=%2Fwp%2Fv2%2Fmedia&parent=4890"}],"wp:term":[{"taxonomy":"category","embeddable":true,"href":"https:\/\/radiorevelacionfm.cl\/index.php?rest_route=%2Fwp%2Fv2%2Fcategories&post=4890"},{"taxonomy":"post_tag","embeddable":true,"href":"https:\/\/radiorevelacionfm.cl\/index.php?rest_route=%2Fwp%2Fv2%2Ftags&post=4890"}],"curies":[{"name":"wp","href":"https:\/\/api.w.org\/{rel}","templated":true}]}}