{"id":48898,"date":"2024-12-15T14:58:50","date_gmt":"2024-12-15T17:58:50","guid":{"rendered":"https:\/\/radiorevelacionfm.cl\/?p=48898"},"modified":"2024-12-15T14:58:50","modified_gmt":"2024-12-15T17:58:50","slug":"injuv-aysen-apuesta-por-potenciar-la-escalada-como-deporte-competitivo-entre-las-juventudes-de-la-region","status":"publish","type":"post","link":"https:\/\/radiorevelacionfm.cl\/?p=48898","title":{"rendered":"INJUV Ays\u00e9n apuesta por potenciar la escalada como deporte competitivo entre las juventudes de la regi\u00f3n"},"content":{"rendered":"<div class=\"flex_column av_one_full  flex_column_div av-zero-column-padding first  avia-builder-el-0  el_before_av_one_full  avia-builder-el-first  \" style='border-radius:0px; '><div  class='avia-image-container  av-styling-    avia-builder-el-1  avia-builder-el-no-sibling  avia-align-center '  itemprop=\"image\" itemscope=\"itemscope\" itemtype=\"https:\/\/schema.org\/ImageObject\"  ><div class='avia-image-container-inner'><div class='avia-image-overlay-wrap'><img decoding=\"async\" class='wp-image-48899 avia-img-lazy-loading-not-48899 avia_image' src=\"https:\/\/radiorevelacionfm.cl\/wp-content\/uploads\/2024\/12\/foto-2-66-1_optimized.jpg\" alt='' title='foto-2-(66)-(1)_optimized' height=\"605\" width=\"803\"  itemprop=\"thumbnailUrl\" srcset=\"https:\/\/radiorevelacionfm.cl\/wp-content\/uploads\/2024\/12\/foto-2-66-1_optimized.jpg 803w, https:\/\/radiorevelacionfm.cl\/wp-content\/uploads\/2024\/12\/foto-2-66-1_optimized-300x226.jpg 300w, https:\/\/radiorevelacionfm.cl\/wp-content\/uploads\/2024\/12\/foto-2-66-1_optimized-768x579.jpg 768w, https:\/\/radiorevelacionfm.cl\/wp-content\/uploads\/2024\/12\/foto-2-66-1_optimized-705x531.jpg 705w, https:\/\/radiorevelacionfm.cl\/wp-content\/uploads\/2024\/12\/foto-2-66-1_optimized-450x339.jpg 450w, https:\/\/radiorevelacionfm.cl\/wp-content\/uploads\/2024\/12\/foto-2-66-1_optimized-600x452.jpg 600w\" sizes=\"(max-width: 803px) 100vw, 803px\" \/><\/div><\/div><\/div><\/div><div class=\"flex_column av_one_full  flex_column_div av-zero-column-padding first  avia-builder-el-2  el_after_av_one_full  el_before_av_one_full  column-top-margin\" style='border-radius:0px; '><section class=\"av_textblock_section \"  itemscope=\"itemscope\" itemtype=\"https:\/\/schema.org\/BlogPosting\" itemprop=\"blogPost\" ><div class='avia_textblock  '   itemprop=\"text\" ><p style=\"text-align: center;\"><strong><span style=\"font-size: 18pt;\">INJUV Ays\u00e9n apuesta por potenciar la escalada como deporte competitivo entre las juventudes de la regi\u00f3n<\/span><\/strong><\/p>\n<div id=\"gtx-trans\" style=\"position: absolute; left: -50px; top: 4.31534px;\">\n<div class=\"gtx-trans-icon\"><\/div>\n<\/div>\n<\/div><\/section><\/div><div class=\"flex_column av_one_full  flex_column_div av-zero-column-padding first  avia-builder-el-4  el_after_av_one_full  el_before_av_hr  column-top-margin\" style='border-radius:0px; '><section class=\"av_textblock_section \"  itemscope=\"itemscope\" itemtype=\"https:\/\/schema.org\/BlogPosting\" itemprop=\"blogPost\" ><div class='avia_textblock  '   itemprop=\"text\" ><p style=\"text-align: justify;\">El Club de Escalada Kosten Coyhaique, \u00a0llev\u00f3 a cabo la ejecuci\u00f3n de su proyecto<em>,<\/em> <em>Equipando a j\u00f3venes escaladores<\/em> <em>de Coyhaique,<\/em> iniciativa financiada por el programa Compromiso Joven del\u00a0 Instituto Nacional de la Juventud (INJUV), y que\u00a0 tuvo por objetivo, promover en las juventudes el deporte y la vida sana, y aumentar la competitividad de las juventudes\u00a0 practicantes de escalada deportiva, en la comuna de Coyhaique y en la regi\u00f3n, desarrollando habilidades en la disciplina de velocidad y dificultad.<\/p>\n<p style=\"text-align: justify;\">Durante el desarrollo del proyecto, las juventudes participaron en entrenamientos quincenales de escalada deportiva, en las disciplinas de dificultad y velocidad, donde se incorpor\u00f3 el equipamiento adquirido con el proyecto. Adem\u00e1s las y los participantes asistieron a cl\u00ednicas enfocadas en ense\u00f1arles sobre el uso del equipamiento de seguridad, abordando cada parte que compone un equipo, \u00a0para escalada de velocidad y dificultad, y toda\u00a0 la metodolog\u00eda a utilizar en cuanto a seguridad, cuando se lleva a la pr\u00e1ctica este deporte extremo.<\/p>\n<p style=\"text-align: justify;\">\u201cEn un contexto donde los estilos de vida sedentarios y los problemas de salud mental van en aumento, fomentar estas actividades ofrece a las juventudes herramientas para enfrentar desaf\u00edos, construir h\u00e1bitos saludables y fortalecer su sentido de pertenencia y comunidad. Adem\u00e1s, invertir en la promoci\u00f3n de la vida sana es apostar por un futuro en el que las juventudes puedan alcanzar su m\u00e1ximo potencial, convirti\u00e9ndose en agentes de cambio positivos para la sociedad\u201d, sostuvo el Director Regional de INJUV Ays\u00e9n, Camilo Trivi\u00f1o Urtubia.<\/p>\n<p style=\"text-align: justify;\"><strong>Juventudes agradecidas<\/strong><\/p>\n<p style=\"text-align: justify;\">B\u00e1rbara V\u00e1squez Godoy, joven participante, agradeci\u00f3 las instancias deportivas y se\u00f1al\u00f3 que \u201cestuvieron s\u00faper buenas, aprend\u00ed mucho. Las clases fueron\u00a0 din\u00e1micas,\u00a0 los profesores ense\u00f1aron muy bien, y que hayan participado personas de nuestra edad lo hizo\u00a0 a\u00fan m\u00e1s entretenido, porque as\u00ed tambi\u00e9n conocemos e interact\u00faanos con\u00a0\u00a0 personas nuevas. Espero que se sigan dando este tipo de oportunidades para las juventudes porque son muy provechosas\u201d.<\/p>\n<p style=\"text-align: justify;\">Para Mart\u00edn Zamora Moraga, las actividades fueron positivas \u201casist\u00ed a las jornadas porque un amigo me invit\u00f3, fue una excelente experiencia, entretenida y divertida, ya que estuve acompa\u00f1ado de mis amigos tambi\u00e9n. Yo pr\u00e1ctico escalada y particip\u00e9 porque me interesaba poder reforzar los conocimientos que tengo actualmente. Me gustar\u00eda que se siguieran realizando estas iniciativas\u00a0 deportivas para las juventudes, ya que son un real aporte\u201d.<\/p>\n<p style=\"text-align: justify;\">En tanto, Trinidad Bustamante Moraga, indic\u00f3 que\u00a0\u00a0 \u201cme gustaron muchos las clases, fueron entretenidas, aprendimos mucho y practicamos bastante con la implementaci\u00f3n nueva que se adquiri\u00f3, fue una experiencia que sin duda\u00a0 nos va a servir para las competencias donde participemos a futuro. Ojal\u00e1 se siguieran dando este tipo de oportunidades, ya que nos hace adquirir a\u00fan m\u00e1s conocimientos y es una forma segura de practicar escalada\u201d.<\/p>\n<\/div><\/section><\/div><div  style='height:50px' class='hr hr-invisible   avia-builder-el-6  el_after_av_one_full  el_before_av_social_share '><span class='hr-inner ' ><span class='hr-inner-style'><\/span><\/span><\/div><\/p>\n<div  class='av-social-sharing-box  avia-builder-el-7  el_after_av_hr  el_before_av_hr  '><div class='av-share-box'><h5 class='av-share-link-description av-no-toc '>Compartir esta noticia<\/h5><ul class='av-share-box-list noLightbox'><li class='av-share-link av-social-link-facebook' ><a target=\"_blank\" aria-label=\"Compartir en Facebook\" href='https:\/\/www.facebook.com\/sharer.php?u=https:\/\/radiorevelacionfm.cl\/?p=48898&#038;t=INJUV%20Ays%C3%A9n%20apuesta%20por%20potenciar%20la%20escalada%20como%20deporte%20competitivo%20entre%20las%20juventudes%20de%20la%20regi%C3%B3n' aria-hidden='false' data-av_icon='\ue8f3' data-av_iconfont='entypo-fontello' title='' data-avia-related-tooltip='Compartir en Facebook' rel=\"noopener\"><span class='avia_hidden_link_text'>Compartir en Facebook<\/span><\/a><\/li><li class='av-share-link av-social-link-twitter' ><a target=\"_blank\" aria-label=\"Compartir en Twitter\" href='https:\/\/twitter.com\/share?text=INJUV%20Ays%C3%A9n%20apuesta%20por%20potenciar%20la%20escalada%20como%20deporte%20competitivo%20entre%20las%20juventudes%20de%20la%20regi%C3%B3n&#038;url=https:\/\/radiorevelacionfm.cl\/?p=48898' aria-hidden='false' data-av_icon='\ue8f1' data-av_iconfont='entypo-fontello' title='' data-avia-related-tooltip='Compartir en Twitter' rel=\"noopener\"><span class='avia_hidden_link_text'>Compartir en Twitter<\/span><\/a><\/li><li class='av-share-link av-social-link-whatsapp' ><a target=\"_blank\" aria-label=\"Compartir en Whatsapp\" href='https:\/\/api.whatsapp.com\/send?text=https:\/\/radiorevelacionfm.cl\/?p=48898' aria-hidden='false' data-av_icon='\uf232' data-av_iconfont='entypo-fontello' title='' data-avia-related-tooltip='Compartir en Whatsapp' rel=\"noopener\"><span class='avia_hidden_link_text'>Compartir en Whatsapp<\/span><\/a><\/li><li class='av-share-link av-social-link-linkedin' ><a target=\"_blank\" aria-label=\"Compartir en LinkedIn\" href='https:\/\/linkedin.com\/shareArticle?mini=true&#038;title=INJUV%20Ays%C3%A9n%20apuesta%20por%20potenciar%20la%20escalada%20como%20deporte%20competitivo%20entre%20las%20juventudes%20de%20la%20regi%C3%B3n&#038;url=https:\/\/radiorevelacionfm.cl\/?p=48898' aria-hidden='false' data-av_icon='\ue8fc' data-av_iconfont='entypo-fontello' title='' data-avia-related-tooltip='Compartir en LinkedIn' rel=\"noopener\"><span class='avia_hidden_link_text'>Compartir en LinkedIn<\/span><\/a><\/li><li class='av-share-link av-social-link-mail' ><a  aria-label=\"Compartir por correo\" href='mailto:?subject=INJUV%20Ays%C3%A9n%20apuesta%20por%20potenciar%20la%20escalada%20como%20deporte%20competitivo%20entre%20las%20juventudes%20de%20la%20regi%C3%B3n&#038;body=https:\/\/radiorevelacionfm.cl\/?p=48898' aria-hidden='false' data-av_icon='\ue805' data-av_iconfont='entypo-fontello' title='' data-avia-related-tooltip='Compartir por correo'><span class='avia_hidden_link_text'>Compartir por correo<\/span><\/a><\/li><\/ul><\/div><\/div>\n<div  style='height:50px' class='hr hr-invisible   avia-builder-el-8  el_after_av_social_share  el_before_av_comments_list '><span class='hr-inner ' ><span class='hr-inner-style'><\/span><\/span><\/div>\n<div  class='av-buildercomment  av-blog-meta-html-info-disabled av-blog-meta-tag-disabled  '><\/div>\n","protected":false},"excerpt":{"rendered":"","protected":false},"author":1,"featured_media":48899,"comment_status":"open","ping_status":"open","sticky":false,"template":"","format":"standard","meta":{"footnotes":""},"categories":[38],"tags":[],"class_list":["post-48898","post","type-post","status-publish","format-standard","has-post-thumbnail","hentry","category-regional"],"jetpack_featured_media_url":"https:\/\/radiorevelacionfm.cl\/wp-content\/uploads\/2024\/12\/foto-2-66-1_optimized.jpg","_links":{"self":[{"href":"https:\/\/radiorevelacionfm.cl\/index.php?rest_route=\/wp\/v2\/posts\/48898","targetHints":{"allow":["GET"]}}],"collection":[{"href":"https:\/\/radiorevelacionfm.cl\/index.php?rest_route=\/wp\/v2\/posts"}],"about":[{"href":"https:\/\/radiorevelacionfm.cl\/index.php?rest_route=\/wp\/v2\/types\/post"}],"author":[{"embeddable":true,"href":"https:\/\/radiorevelacionfm.cl\/index.php?rest_route=\/wp\/v2\/users\/1"}],"replies":[{"embeddable":true,"href":"https:\/\/radiorevelacionfm.cl\/index.php?rest_route=%2Fwp%2Fv2%2Fcomments&post=48898"}],"version-history":[{"count":1,"href":"https:\/\/radiorevelacionfm.cl\/index.php?rest_route=\/wp\/v2\/posts\/48898\/revisions"}],"predecessor-version":[{"id":48900,"href":"https:\/\/radiorevelacionfm.cl\/index.php?rest_route=\/wp\/v2\/posts\/48898\/revisions\/48900"}],"wp:featuredmedia":[{"embeddable":true,"href":"https:\/\/radiorevelacionfm.cl\/index.php?rest_route=\/wp\/v2\/media\/48899"}],"wp:attachment":[{"href":"https:\/\/radiorevelacionfm.cl\/index.php?rest_route=%2Fwp%2Fv2%2Fmedia&parent=48898"}],"wp:term":[{"taxonomy":"category","embeddable":true,"href":"https:\/\/radiorevelacionfm.cl\/index.php?rest_route=%2Fwp%2Fv2%2Fcategories&post=48898"},{"taxonomy":"post_tag","embeddable":true,"href":"https:\/\/radiorevelacionfm.cl\/index.php?rest_route=%2Fwp%2Fv2%2Ftags&post=48898"}],"curies":[{"name":"wp","href":"https:\/\/api.w.org\/{rel}","templated":true}]}}