{"id":48895,"date":"2024-12-15T14:42:22","date_gmt":"2024-12-15T17:42:22","guid":{"rendered":"https:\/\/radiorevelacionfm.cl\/?p=48895"},"modified":"2024-12-15T14:42:22","modified_gmt":"2024-12-15T17:42:22","slug":"minvu-entrega-subsidios-para-sectores-medios-en-la-region-de-aysen","status":"publish","type":"post","link":"https:\/\/radiorevelacionfm.cl\/?p=48895","title":{"rendered":"Minvu entrega subsidios para sectores medios en la regi\u00f3n de Ays\u00e9n"},"content":{"rendered":"<div class=\"flex_column av_one_full  flex_column_div av-zero-column-padding first  avia-builder-el-0  el_before_av_one_full  avia-builder-el-first  \" style='border-radius:0px; '><div  class='avia-image-container  av-styling-    avia-builder-el-1  avia-builder-el-no-sibling  avia-align-center '  itemprop=\"image\" itemscope=\"itemscope\" itemtype=\"https:\/\/schema.org\/ImageObject\"  ><div class='avia-image-container-inner'><div class='avia-image-overlay-wrap'><img decoding=\"async\" class='wp-image-48896 avia-img-lazy-loading-not-48896 avia_image' src=\"https:\/\/radiorevelacionfm.cl\/wp-content\/uploads\/2024\/12\/Foto-DS1-Cochrane-Seremi-1-1.jpeg\" alt='' title='Foto DS1 Cochrane Seremi (1) (1)' height=\"635\" width=\"802\"  itemprop=\"thumbnailUrl\" srcset=\"https:\/\/radiorevelacionfm.cl\/wp-content\/uploads\/2024\/12\/Foto-DS1-Cochrane-Seremi-1-1.jpeg 802w, https:\/\/radiorevelacionfm.cl\/wp-content\/uploads\/2024\/12\/Foto-DS1-Cochrane-Seremi-1-1-300x238.jpeg 300w, https:\/\/radiorevelacionfm.cl\/wp-content\/uploads\/2024\/12\/Foto-DS1-Cochrane-Seremi-1-1-768x608.jpeg 768w, https:\/\/radiorevelacionfm.cl\/wp-content\/uploads\/2024\/12\/Foto-DS1-Cochrane-Seremi-1-1-705x558.jpeg 705w, https:\/\/radiorevelacionfm.cl\/wp-content\/uploads\/2024\/12\/Foto-DS1-Cochrane-Seremi-1-1-450x356.jpeg 450w, https:\/\/radiorevelacionfm.cl\/wp-content\/uploads\/2024\/12\/Foto-DS1-Cochrane-Seremi-1-1-600x475.jpeg 600w\" sizes=\"(max-width: 802px) 100vw, 802px\" \/><\/div><\/div><\/div><\/div><div class=\"flex_column av_one_full  flex_column_div av-zero-column-padding first  avia-builder-el-2  el_after_av_one_full  el_before_av_one_full  column-top-margin\" style='border-radius:0px; '><section class=\"av_textblock_section \"  itemscope=\"itemscope\" itemtype=\"https:\/\/schema.org\/BlogPosting\" itemprop=\"blogPost\" ><div class='avia_textblock  '   itemprop=\"text\" ><p style=\"text-align: center;\"><strong><span style=\"font-size: 18pt;\">Minvu entrega subsidios para sectores medios en la regi\u00f3n de Ays\u00e9n<\/span><\/strong><\/p>\n<div id=\"gtx-trans\" style=\"position: absolute; left: -50px; top: 4.31534px;\">\n<div class=\"gtx-trans-icon\"><\/div>\n<\/div>\n<\/div><\/section><\/div><div class=\"flex_column av_one_full  flex_column_div av-zero-column-padding first  avia-builder-el-4  el_after_av_one_full  el_before_av_hr  column-top-margin\" style='border-radius:0px; '><section class=\"av_textblock_section \"  itemscope=\"itemscope\" itemtype=\"https:\/\/schema.org\/BlogPosting\" itemprop=\"blogPost\" ><div class='avia_textblock  '   itemprop=\"text\" ><p style=\"text-align: justify;\">Con una emotiva ceremonia en la Sala Multiuso del Serviu, el Ministerio de Vivienda y Urbanismo entreg\u00f3 certificados de subsidios habitacionales a 30 familias de Coyhaique, como parte de un total de 83 beneficiarios a nivel regional. Este beneficio, correspondiente al programa DS1, est\u00e1 dirigido a sectores medios emergentes, permitiendo a las familias adquirir viviendas nuevas o usadas, as\u00ed como construir en sitio propio.<\/p>\n<p style=\"text-align: justify;\">La actividad estuvo marcada por las palabras de diversas autoridades. El Delegado Presidencial Regional, Jorge D\u00edaz Guzm\u00e1n, destac\u00f3: \u201cSeguimos avanzando para cumplir la meta que nos ha propuesto el Presidente de la Rep\u00fablica respecto de las soluciones habitacionales que tenemos ac\u00e1 en desarrollo en la regi\u00f3n de Ays\u00e9n. Ahora hemos entregado 30 subsidios para los sectores medios emergentes, donde familias con sitio propio o con el subsidio pueden postular a viviendas existentes o generar proyectos en enlace con la banca privada y as\u00ed cumplir con el sue\u00f1o de la casa propia. Nosotros como gobierno estamos empe\u00f1ados en cumplir las casi 1300 viviendas que debemos construir en el periodo presidencial actual y estamos muy bien encaminados, por lo tanto, vamos a cumplir no solamente con la comunidad regional, sino que tambi\u00e9n con el compromiso que realiz\u00f3 el presidente de la Rep\u00fablica para avanzar en las soluciones habitacionales de nuestro pa\u00eds.\u201d<\/p>\n<p style=\"text-align: justify;\">Por su parte, la Seremi de Vivienda y Urbanismo, Paulina Ruz Delf\u00edn, resalt\u00f3 la importancia de que estas soluciones lleguen a todos los rincones de la regi\u00f3n: \u201cComo gobierno, nuestra preocupaci\u00f3n fundamental es que las familias se encuentren al centro de las soluciones que esperamos como pol\u00edticas p\u00fablicas. Hoy vivimos una ceremonia muy significativa no solo en Coyhaique, sino tambi\u00e9n en Cochrane, donde entregamos el certificado presencialmente a una beneficiaria. Gracias a esta pol\u00edtica, hemos diversificado los programas, llegando no solo a los sectores m\u00e1s vulnerables, sino tambi\u00e9n a sectores medios, mejorando la calidad de vida de las personas y llevando los beneficios del Estado a todos los territorios.\u201d<\/p>\n<p style=\"text-align: justify;\">En esta ocasi\u00f3n, 26 familias optaron por la adquisici\u00f3n de viviendas, mientras que otras 4 construir\u00e1n en sitio propio. Este avance se enmarca dentro del Plan de Emergencia Habitacional, que ya lleva un 80% de cumplimiento en la regi\u00f3n. Las comunas beneficiadas incluyen, adem\u00e1s de Coyhaique y Cochrane, localidades como Ays\u00e9n, Cisnes, Lago Verde, Chile Chico y R\u00edo Ib\u00e1\u00f1ez, reforzando el compromiso del Minvu de llegar a todos los rincones de Ays\u00e9n con soluciones habitacionales que beneficien a las familias de cada territorio.<\/p>\n<p style=\"text-align: justify;\">La jornada finaliz\u00f3 con un ambiente de alegr\u00eda y esperanza, reafirmando el compromiso del Gobierno de seguir trabajando por soluciones habitacionales que transformen la vida de las familias ayseninas.<\/p>\n<\/div><\/section><\/div><div  style='height:50px' class='hr hr-invisible   avia-builder-el-6  el_after_av_one_full  el_before_av_social_share '><span class='hr-inner ' ><span class='hr-inner-style'><\/span><\/span><\/div><\/p>\n<div  class='av-social-sharing-box  avia-builder-el-7  el_after_av_hr  el_before_av_hr  '><div class='av-share-box'><h5 class='av-share-link-description av-no-toc '>Compartir esta noticia<\/h5><ul class='av-share-box-list noLightbox'><li class='av-share-link av-social-link-facebook' ><a target=\"_blank\" aria-label=\"Compartir en Facebook\" href='https:\/\/www.facebook.com\/sharer.php?u=https:\/\/radiorevelacionfm.cl\/?p=48895&#038;t=Minvu%20entrega%20subsidios%20para%20sectores%20medios%20en%20la%20regi%C3%B3n%20de%20Ays%C3%A9n' aria-hidden='false' data-av_icon='\ue8f3' data-av_iconfont='entypo-fontello' title='' data-avia-related-tooltip='Compartir en Facebook' rel=\"noopener\"><span class='avia_hidden_link_text'>Compartir en Facebook<\/span><\/a><\/li><li class='av-share-link av-social-link-twitter' ><a target=\"_blank\" aria-label=\"Compartir en Twitter\" href='https:\/\/twitter.com\/share?text=Minvu%20entrega%20subsidios%20para%20sectores%20medios%20en%20la%20regi%C3%B3n%20de%20Ays%C3%A9n&#038;url=https:\/\/radiorevelacionfm.cl\/?p=48895' aria-hidden='false' data-av_icon='\ue8f1' data-av_iconfont='entypo-fontello' title='' data-avia-related-tooltip='Compartir en Twitter' rel=\"noopener\"><span class='avia_hidden_link_text'>Compartir en Twitter<\/span><\/a><\/li><li class='av-share-link av-social-link-whatsapp' ><a target=\"_blank\" aria-label=\"Compartir en Whatsapp\" href='https:\/\/api.whatsapp.com\/send?text=https:\/\/radiorevelacionfm.cl\/?p=48895' aria-hidden='false' data-av_icon='\uf232' data-av_iconfont='entypo-fontello' title='' data-avia-related-tooltip='Compartir en Whatsapp' rel=\"noopener\"><span class='avia_hidden_link_text'>Compartir en Whatsapp<\/span><\/a><\/li><li class='av-share-link av-social-link-linkedin' ><a target=\"_blank\" aria-label=\"Compartir en LinkedIn\" href='https:\/\/linkedin.com\/shareArticle?mini=true&#038;title=Minvu%20entrega%20subsidios%20para%20sectores%20medios%20en%20la%20regi%C3%B3n%20de%20Ays%C3%A9n&#038;url=https:\/\/radiorevelacionfm.cl\/?p=48895' aria-hidden='false' data-av_icon='\ue8fc' data-av_iconfont='entypo-fontello' title='' data-avia-related-tooltip='Compartir en LinkedIn' rel=\"noopener\"><span class='avia_hidden_link_text'>Compartir en LinkedIn<\/span><\/a><\/li><li class='av-share-link av-social-link-mail' ><a  aria-label=\"Compartir por correo\" href='mailto:?subject=Minvu%20entrega%20subsidios%20para%20sectores%20medios%20en%20la%20regi%C3%B3n%20de%20Ays%C3%A9n&#038;body=https:\/\/radiorevelacionfm.cl\/?p=48895' aria-hidden='false' data-av_icon='\ue805' data-av_iconfont='entypo-fontello' title='' data-avia-related-tooltip='Compartir por correo'><span class='avia_hidden_link_text'>Compartir por correo<\/span><\/a><\/li><\/ul><\/div><\/div>\n<div  style='height:50px' class='hr hr-invisible   avia-builder-el-8  el_after_av_social_share  el_before_av_comments_list '><span class='hr-inner ' ><span class='hr-inner-style'><\/span><\/span><\/div>\n<div  class='av-buildercomment  av-blog-meta-html-info-disabled av-blog-meta-tag-disabled  '><\/div>\n","protected":false},"excerpt":{"rendered":"","protected":false},"author":1,"featured_media":48896,"comment_status":"open","ping_status":"open","sticky":false,"template":"","format":"standard","meta":{"footnotes":""},"categories":[57],"tags":[],"class_list":["post-48895","post","type-post","status-publish","format-standard","has-post-thumbnail","hentry","category-vivienda"],"jetpack_featured_media_url":"https:\/\/radiorevelacionfm.cl\/wp-content\/uploads\/2024\/12\/Foto-DS1-Cochrane-Seremi-1-1.jpeg","_links":{"self":[{"href":"https:\/\/radiorevelacionfm.cl\/index.php?rest_route=\/wp\/v2\/posts\/48895","targetHints":{"allow":["GET"]}}],"collection":[{"href":"https:\/\/radiorevelacionfm.cl\/index.php?rest_route=\/wp\/v2\/posts"}],"about":[{"href":"https:\/\/radiorevelacionfm.cl\/index.php?rest_route=\/wp\/v2\/types\/post"}],"author":[{"embeddable":true,"href":"https:\/\/radiorevelacionfm.cl\/index.php?rest_route=\/wp\/v2\/users\/1"}],"replies":[{"embeddable":true,"href":"https:\/\/radiorevelacionfm.cl\/index.php?rest_route=%2Fwp%2Fv2%2Fcomments&post=48895"}],"version-history":[{"count":1,"href":"https:\/\/radiorevelacionfm.cl\/index.php?rest_route=\/wp\/v2\/posts\/48895\/revisions"}],"predecessor-version":[{"id":48897,"href":"https:\/\/radiorevelacionfm.cl\/index.php?rest_route=\/wp\/v2\/posts\/48895\/revisions\/48897"}],"wp:featuredmedia":[{"embeddable":true,"href":"https:\/\/radiorevelacionfm.cl\/index.php?rest_route=\/wp\/v2\/media\/48896"}],"wp:attachment":[{"href":"https:\/\/radiorevelacionfm.cl\/index.php?rest_route=%2Fwp%2Fv2%2Fmedia&parent=48895"}],"wp:term":[{"taxonomy":"category","embeddable":true,"href":"https:\/\/radiorevelacionfm.cl\/index.php?rest_route=%2Fwp%2Fv2%2Fcategories&post=48895"},{"taxonomy":"post_tag","embeddable":true,"href":"https:\/\/radiorevelacionfm.cl\/index.php?rest_route=%2Fwp%2Fv2%2Ftags&post=48895"}],"curies":[{"name":"wp","href":"https:\/\/api.w.org\/{rel}","templated":true}]}}