{"id":48889,"date":"2024-12-14T11:54:44","date_gmt":"2024-12-14T14:54:44","guid":{"rendered":"https:\/\/radiorevelacionfm.cl\/?p=48889"},"modified":"2024-12-14T11:54:44","modified_gmt":"2024-12-14T14:54:44","slug":"constatan-positivos-cambios-en-caminos-abordados-con-suelo-cemento-y-sello-asfaltico","status":"publish","type":"post","link":"https:\/\/radiorevelacionfm.cl\/?p=48889","title":{"rendered":"Constatan positivos cambios en caminos abordados con suelo cemento y sello asf\u00e1ltico"},"content":{"rendered":"<div class=\"flex_column av_one_full  flex_column_div av-zero-column-padding first  avia-builder-el-0  el_before_av_one_full  avia-builder-el-first  \" style='border-radius:0px; '><div  class='avia-image-container  av-styling-    avia-builder-el-1  avia-builder-el-no-sibling  avia-align-center '  itemprop=\"image\" itemscope=\"itemscope\" itemtype=\"https:\/\/schema.org\/ImageObject\"  ><div class='avia-image-container-inner'><div class='avia-image-overlay-wrap'><img decoding=\"async\" class='wp-image-48890 avia-img-lazy-loading-not-48890 avia_image' src=\"https:\/\/radiorevelacionfm.cl\/wp-content\/uploads\/2024\/12\/seremi-bjara-2-1_optimized-1.jpg\" alt='' title='seremi-bjara-2-(1)_optimized (1)' height=\"600\" width=\"1150\"  itemprop=\"thumbnailUrl\" srcset=\"https:\/\/radiorevelacionfm.cl\/wp-content\/uploads\/2024\/12\/seremi-bjara-2-1_optimized-1.jpg 1150w, https:\/\/radiorevelacionfm.cl\/wp-content\/uploads\/2024\/12\/seremi-bjara-2-1_optimized-1-300x157.jpg 300w, https:\/\/radiorevelacionfm.cl\/wp-content\/uploads\/2024\/12\/seremi-bjara-2-1_optimized-1-1030x537.jpg 1030w, https:\/\/radiorevelacionfm.cl\/wp-content\/uploads\/2024\/12\/seremi-bjara-2-1_optimized-1-768x401.jpg 768w, https:\/\/radiorevelacionfm.cl\/wp-content\/uploads\/2024\/12\/seremi-bjara-2-1_optimized-1-705x368.jpg 705w, https:\/\/radiorevelacionfm.cl\/wp-content\/uploads\/2024\/12\/seremi-bjara-2-1_optimized-1-450x235.jpg 450w, https:\/\/radiorevelacionfm.cl\/wp-content\/uploads\/2024\/12\/seremi-bjara-2-1_optimized-1-600x313.jpg 600w\" sizes=\"(max-width: 1150px) 100vw, 1150px\" \/><\/div><\/div><\/div><\/div><div class=\"flex_column av_one_full  flex_column_div av-zero-column-padding first  avia-builder-el-2  el_after_av_one_full  el_before_av_one_full  column-top-margin\" style='border-radius:0px; '><section class=\"av_textblock_section \"  itemscope=\"itemscope\" itemtype=\"https:\/\/schema.org\/BlogPosting\" itemprop=\"blogPost\" ><div class='avia_textblock  '   itemprop=\"text\" ><p style=\"text-align: center;\"><strong><span style=\"font-size: 18pt;\">Constatan positivos cambios en caminos abordados con suelo cemento y sello asf\u00e1ltico<\/span><\/strong><\/p>\n<div id=\"gtx-trans\" style=\"position: absolute; left: -50px; top: 4.31534px;\">\n<div class=\"gtx-trans-icon\"><\/div>\n<\/div>\n<\/div><\/section><\/div><div class=\"flex_column av_one_full  flex_column_div av-zero-column-padding first  avia-builder-el-4  el_after_av_one_full  el_before_av_hr  column-top-margin\" style='border-radius:0px; '><section class=\"av_textblock_section \"  itemscope=\"itemscope\" itemtype=\"https:\/\/schema.org\/BlogPosting\" itemprop=\"blogPost\" ><div class='avia_textblock  '   itemprop=\"text\" ><p style=\"text-align: justify;\">La Secretaria Regional Ministerial de Obras P\u00fablicas, Paloma Jara Vald\u00e9s, realiz\u00f3 una visita inspectiva a las obras que se desarrollan en los caminos de acceso al Aer\u00f3dromo, Callej\u00f3n Vel\u00e1zquez y Bah\u00eda Jara, ubicados en la comuna de Chile Chico en el marco de gira que realiz\u00f3 a esta zona de la regi\u00f3n de Ays\u00e9n el Delegado Presidencial Regional Jorge D\u00edaz y el Delegado Presidencial de la Provincia General Carrera Crist\u00f3bal Barcel\u00f3.<\/p>\n<p style=\"text-align: justify;\">En la ocasi\u00f3n, junto con saludar a las trabajadoras y los trabajadores, las autoridades realizaron un recorrido por las obras las que vislumbran significativos avances. As\u00ed lo refrend\u00f3, la SEREMI del MOP Paloma Jara Vald\u00e9s.<\/p>\n<p style=\"text-align: justify;\">\u201cEn la visita a la comuna de Chile Chico pudimos inspeccionar las obras que se desarrollan en el sector Callej\u00f3n Vel\u00e1squez, en el camino con direcci\u00f3n al acceso al Aer\u00f3dromo y en el sector Bah\u00eda Jara. En Bah\u00eda Jara estamos realizando una inversi\u00f3n de $1642 millones para instalar suelo cemento en 10 km. El suelo cemento es una soluci\u00f3n innovadora que nos permite avanzar m\u00e1s r\u00e1pidamente (400 metros por d\u00eda) mejorando la calidad de nuestros caminos, lo que significa por ejemplo que en el caso de Bah\u00eda Jara las personas que van a cosechar cerezas podr\u00e1n sacarlas porque mejorar\u00e1n mucho las condiciones de la ruta as\u00ed como tambi\u00e9n en las condiciones en que ellos podr\u00e1n transportar sus productos\u201d, asegur\u00f3 Paloma Jara.<\/p>\n<p style=\"text-align: justify;\">En tanto, \u201cen los caminos de acceso al Aer\u00f3dromo y Callej\u00f3n Vel\u00e1zquez la inversi\u00f3n de nuestra Direcci\u00f3n de Vialidad\u00a0 alcanza los $1.797 millones, se extiende en total por 7,9 kil\u00f3metros\u00a0 (4 km camino acceso al Aer\u00f3dromo y 2,1 km en el Callej\u00f3n Vel\u00e1zquez) y el plazo para la ejecuci\u00f3n de los trabajos es de 180 d\u00edas. Se suma a ello, el mismo tipo de obras en el Callej\u00f3n Falc\u00f3n en una extensi\u00f3n de 1,8 km\u201d, agreg\u00f3 la SEREMI del MOP.<\/p>\n<p style=\"text-align: justify;\">Las obras responden a las necesidades de conservaci\u00f3n de la Red Vial para diversos caminos existentes que presentan deterioro de su carpeta de rodadura granular, con obras de movimiento de tierras y despeje de la faja, aplicaci\u00f3n de suelo\u2013cemento, obras de capa de protecci\u00f3n asf\u00e1ltica; la remoci\u00f3n de pavimento de adocretos; obras de drenaje y saneamiento y seguridad vial. Las obras se realizan manteniendo el trazado y caracter\u00edsticas geom\u00e9tricas actuales del camino.<\/p>\n<p style=\"text-align: justify;\">El detalle de la nueva soluci\u00f3n que se est\u00e1 aplicando en los caminos de la regi\u00f3n de Ays\u00e9n, la explic\u00f3 el Analista de Laboratorio de Vialidad MOP Regi\u00f3n de Ays\u00e9n, Eduardo Aguirre qui\u00e9n trabaja en el sector Callej\u00f3n Vel\u00e1zquez y en el camino de acceso al Aer\u00f3dromo. \u201cEn este lugar estamos desarrollando una soluci\u00f3n de suelo cemento con un sello asf\u00e1ltico en donde se distribuye gravilla con emulsi\u00f3n asf\u00e1ltica y posteriormente se sella con un polvo rojo.\u00a0 Estas obras se encuentran aproximadamente en 80% de avance el suelo cemento y entre 50 a 60 % de avance el tratamiento superficial simple. Ambos tratamientos tienen como funci\u00f3n mejorar la estabilidad de la plataforma y a su vez las condiciones de tr\u00e1nsito de los y las usuarios\u201d.<\/p>\n<p style=\"text-align: justify;\">De esta forma, se mantiene en buen estado la ruta y se contribuye con una mejor calidad de vida y bienestar para las personas que desarrollan diversas actividades en el territorio. Con estos trabajos tambi\u00e9n generamos una superficie m\u00e1s confortable, en donde disminuye el polvo en suspensi\u00f3n producto del tr\u00e1nsito y el camino sufre menos deterioro, por lo tanto las intervenciones para su conservaci\u00f3n son m\u00e1s distanciadas en el tiempo.<\/p>\n<\/div><\/section><\/div><div  style='height:50px' class='hr hr-invisible   avia-builder-el-6  el_after_av_one_full  el_before_av_social_share '><span class='hr-inner ' ><span class='hr-inner-style'><\/span><\/span><\/div><\/p>\n<div  class='av-social-sharing-box  avia-builder-el-7  el_after_av_hr  el_before_av_hr  '><div class='av-share-box'><h5 class='av-share-link-description av-no-toc '>Compartir esta noticia<\/h5><ul class='av-share-box-list noLightbox'><li class='av-share-link av-social-link-facebook' ><a target=\"_blank\" aria-label=\"Compartir en Facebook\" href='https:\/\/www.facebook.com\/sharer.php?u=https:\/\/radiorevelacionfm.cl\/?p=48889&#038;t=Constatan%20positivos%20cambios%20en%20caminos%20abordados%20con%20suelo%20cemento%20y%20sello%20asf%C3%A1ltico' aria-hidden='false' data-av_icon='\ue8f3' data-av_iconfont='entypo-fontello' title='' data-avia-related-tooltip='Compartir en Facebook' rel=\"noopener\"><span class='avia_hidden_link_text'>Compartir en Facebook<\/span><\/a><\/li><li class='av-share-link av-social-link-twitter' ><a target=\"_blank\" aria-label=\"Compartir en Twitter\" href='https:\/\/twitter.com\/share?text=Constatan%20positivos%20cambios%20en%20caminos%20abordados%20con%20suelo%20cemento%20y%20sello%20asf%C3%A1ltico&#038;url=https:\/\/radiorevelacionfm.cl\/?p=48889' aria-hidden='false' data-av_icon='\ue8f1' data-av_iconfont='entypo-fontello' title='' data-avia-related-tooltip='Compartir en Twitter' rel=\"noopener\"><span class='avia_hidden_link_text'>Compartir en Twitter<\/span><\/a><\/li><li class='av-share-link av-social-link-whatsapp' ><a target=\"_blank\" aria-label=\"Compartir en Whatsapp\" href='https:\/\/api.whatsapp.com\/send?text=https:\/\/radiorevelacionfm.cl\/?p=48889' aria-hidden='false' data-av_icon='\uf232' data-av_iconfont='entypo-fontello' title='' data-avia-related-tooltip='Compartir en Whatsapp' rel=\"noopener\"><span class='avia_hidden_link_text'>Compartir en Whatsapp<\/span><\/a><\/li><li class='av-share-link av-social-link-linkedin' ><a target=\"_blank\" aria-label=\"Compartir en LinkedIn\" href='https:\/\/linkedin.com\/shareArticle?mini=true&#038;title=Constatan%20positivos%20cambios%20en%20caminos%20abordados%20con%20suelo%20cemento%20y%20sello%20asf%C3%A1ltico&#038;url=https:\/\/radiorevelacionfm.cl\/?p=48889' aria-hidden='false' data-av_icon='\ue8fc' data-av_iconfont='entypo-fontello' title='' data-avia-related-tooltip='Compartir en LinkedIn' rel=\"noopener\"><span class='avia_hidden_link_text'>Compartir en LinkedIn<\/span><\/a><\/li><li class='av-share-link av-social-link-mail' ><a  aria-label=\"Compartir por correo\" href='mailto:?subject=Constatan%20positivos%20cambios%20en%20caminos%20abordados%20con%20suelo%20cemento%20y%20sello%20asf%C3%A1ltico&#038;body=https:\/\/radiorevelacionfm.cl\/?p=48889' aria-hidden='false' data-av_icon='\ue805' data-av_iconfont='entypo-fontello' title='' data-avia-related-tooltip='Compartir por correo'><span class='avia_hidden_link_text'>Compartir por correo<\/span><\/a><\/li><\/ul><\/div><\/div>\n<div  style='height:50px' class='hr hr-invisible   avia-builder-el-8  el_after_av_social_share  el_before_av_comments_list '><span class='hr-inner ' ><span class='hr-inner-style'><\/span><\/span><\/div>\n<div  class='av-buildercomment  av-blog-meta-html-info-disabled av-blog-meta-tag-disabled  '><\/div>\n","protected":false},"excerpt":{"rendered":"","protected":false},"author":1,"featured_media":48890,"comment_status":"open","ping_status":"open","sticky":false,"template":"","format":"standard","meta":{"footnotes":""},"categories":[38],"tags":[],"class_list":["post-48889","post","type-post","status-publish","format-standard","has-post-thumbnail","hentry","category-regional"],"jetpack_featured_media_url":"https:\/\/radiorevelacionfm.cl\/wp-content\/uploads\/2024\/12\/seremi-bjara-2-1_optimized-1.jpg","_links":{"self":[{"href":"https:\/\/radiorevelacionfm.cl\/index.php?rest_route=\/wp\/v2\/posts\/48889","targetHints":{"allow":["GET"]}}],"collection":[{"href":"https:\/\/radiorevelacionfm.cl\/index.php?rest_route=\/wp\/v2\/posts"}],"about":[{"href":"https:\/\/radiorevelacionfm.cl\/index.php?rest_route=\/wp\/v2\/types\/post"}],"author":[{"embeddable":true,"href":"https:\/\/radiorevelacionfm.cl\/index.php?rest_route=\/wp\/v2\/users\/1"}],"replies":[{"embeddable":true,"href":"https:\/\/radiorevelacionfm.cl\/index.php?rest_route=%2Fwp%2Fv2%2Fcomments&post=48889"}],"version-history":[{"count":1,"href":"https:\/\/radiorevelacionfm.cl\/index.php?rest_route=\/wp\/v2\/posts\/48889\/revisions"}],"predecessor-version":[{"id":48891,"href":"https:\/\/radiorevelacionfm.cl\/index.php?rest_route=\/wp\/v2\/posts\/48889\/revisions\/48891"}],"wp:featuredmedia":[{"embeddable":true,"href":"https:\/\/radiorevelacionfm.cl\/index.php?rest_route=\/wp\/v2\/media\/48890"}],"wp:attachment":[{"href":"https:\/\/radiorevelacionfm.cl\/index.php?rest_route=%2Fwp%2Fv2%2Fmedia&parent=48889"}],"wp:term":[{"taxonomy":"category","embeddable":true,"href":"https:\/\/radiorevelacionfm.cl\/index.php?rest_route=%2Fwp%2Fv2%2Fcategories&post=48889"},{"taxonomy":"post_tag","embeddable":true,"href":"https:\/\/radiorevelacionfm.cl\/index.php?rest_route=%2Fwp%2Fv2%2Ftags&post=48889"}],"curies":[{"name":"wp","href":"https:\/\/api.w.org\/{rel}","templated":true}]}}