{"id":48883,"date":"2024-12-14T12:54:12","date_gmt":"2024-12-14T15:54:12","guid":{"rendered":"https:\/\/radiorevelacionfm.cl\/?p=48883"},"modified":"2024-12-14T12:54:12","modified_gmt":"2024-12-14T15:54:12","slug":"informan-a-profesores-detalles-y-avance-legislativo-del-proyecto-de-ley-que-entrega-solucion-a-la-deuda-historica-docente","status":"publish","type":"post","link":"https:\/\/radiorevelacionfm.cl\/?p=48883","title":{"rendered":"Informan a profesores detalles y avance legislativo del proyecto de Ley que entrega soluci\u00f3n a la Deuda Hist\u00f3rica Docente"},"content":{"rendered":"<div class=\"flex_column av_one_full  flex_column_div av-zero-column-padding first  avia-builder-el-0  el_before_av_one_full  avia-builder-el-first  \" style='border-radius:0px; '><div  class='avia-image-container  av-styling-    avia-builder-el-1  avia-builder-el-no-sibling  avia-align-center '  itemprop=\"image\" itemscope=\"itemscope\" itemtype=\"https:\/\/schema.org\/ImageObject\"  ><div class='avia-image-container-inner'><div class='avia-image-overlay-wrap'><img decoding=\"async\" class='wp-image-48884 avia-img-lazy-loading-not-48884 avia_image' src=\"https:\/\/radiorevelacionfm.cl\/wp-content\/uploads\/2024\/12\/deuda5-1-1.jpeg\" alt='' title='deuda5 (1) (1)' height=\"600\" width=\"900\"  itemprop=\"thumbnailUrl\" srcset=\"https:\/\/radiorevelacionfm.cl\/wp-content\/uploads\/2024\/12\/deuda5-1-1.jpeg 900w, https:\/\/radiorevelacionfm.cl\/wp-content\/uploads\/2024\/12\/deuda5-1-1-300x200.jpeg 300w, https:\/\/radiorevelacionfm.cl\/wp-content\/uploads\/2024\/12\/deuda5-1-1-768x512.jpeg 768w, https:\/\/radiorevelacionfm.cl\/wp-content\/uploads\/2024\/12\/deuda5-1-1-705x470.jpeg 705w, https:\/\/radiorevelacionfm.cl\/wp-content\/uploads\/2024\/12\/deuda5-1-1-450x300.jpeg 450w, https:\/\/radiorevelacionfm.cl\/wp-content\/uploads\/2024\/12\/deuda5-1-1-600x400.jpeg 600w\" sizes=\"(max-width: 900px) 100vw, 900px\" \/><\/div><\/div><\/div><\/div><div class=\"flex_column av_one_full  flex_column_div av-zero-column-padding first  avia-builder-el-2  el_after_av_one_full  el_before_av_one_full  column-top-margin\" style='border-radius:0px; '><section class=\"av_textblock_section \"  itemscope=\"itemscope\" itemtype=\"https:\/\/schema.org\/BlogPosting\" itemprop=\"blogPost\" ><div class='avia_textblock  '   itemprop=\"text\" ><p style=\"text-align: center;\"><strong><span style=\"font-size: 18pt;\">Informan a profesores detalles y avance legislativo del proyecto de Ley que entrega soluci\u00f3n a la Deuda Hist\u00f3rica Docente<\/span><\/strong><\/p>\n<div id=\"gtx-trans\" style=\"position: absolute; left: -50px; top: 4.31534px;\">\n<div class=\"gtx-trans-icon\"><\/div>\n<\/div>\n<\/div><\/section><\/div><div class=\"flex_column av_one_full  flex_column_div av-zero-column-padding first  avia-builder-el-4  el_after_av_one_full  el_before_av_hr  column-top-margin\" style='border-radius:0px; '><section class=\"av_textblock_section \"  itemscope=\"itemscope\" itemtype=\"https:\/\/schema.org\/BlogPosting\" itemprop=\"blogPost\" ><div class='avia_textblock  '   itemprop=\"text\" ><p class=\"v1MsoNormal\" style=\"text-align: justify;\">Hoy en Coyhaique la SEREMI de Educaci\u00f3n Isabel Garrido se reuni\u00f3 con representantes de Colegio de Profesores y de agrupaciones de profesores jubilados de la regi\u00f3n para informarles los avances en el Congreso Nacional del Proyecto de Ley presentado por el Gobierno del Presidente Gabriel Boric, que busca una soluci\u00f3n a la Deuda Hist\u00f3rica Docente.<\/p>\n<p class=\"v1MsoNormal\" style=\"text-align: justify;\">Esta semana la Comisi\u00f3n de Educaci\u00f3n de la C\u00e1mara de Diputadas y Diputados revis\u00f3 y aprob\u00f3 en general y en particular la iniciativa que ahora ser\u00e1 analizada en la Comisi\u00f3n de Hacienda.<\/p>\n<p class=\"v1MsoNormal\" style=\"text-align: justify;\">El proyecto de ley propone realizar un pago individual, por \u00fanica vez, de $4,5 millones a cada docente afectado por este problema, partiendo por aquellos de mayor edad para continuar con los profesores de menor edad, sucesivamente. La entrega de esta reparaci\u00f3n a cada grupo se realizar\u00e1 en 2 cuotas iguales, la primera a pagarse en octubre del a\u00f1o correspondiente a cada grupo, y la segunda cuota en enero del a\u00f1o siguiente. Desde la aprobaci\u00f3n de la ley, el universo total de docentes ser\u00e1 cubierto en un plazo m\u00e1ximo de 6 a\u00f1os.<\/p>\n<p class=\"v1MsoNormal\" style=\"text-align: justify;\">Al encuentro asistieron la presidenta regional del Colegio de Profesoras Jessica L\u00f3pez junto a Jovita Vargas y Luis R\u00edos integrantes de la directiva regional del magisterio,\u00a0 Doris Dinamarca, representante de Profesores y Profesoras Normalistas, M\u00f3nica Vera, representante de los profesores Jubilados del Colegio de Profesores, Rosa Pesutic y Francisco Soussi de la Agrupaci\u00f3n de Profesores Reminiscencias. Adem\u00e1s concurri\u00f3 Horacio Vel\u00e1squez,\u00a0 en representaci\u00f3n de la Senadora Ximena \u00d3rdenes.<\/p>\n<p class=\"v1MsoNormal\" style=\"text-align: justify;\">En la oportunidad Isabel Garrido expuso detalles de la iniciativa se\u00f1alando \u201cCon este proyecto estamos dando cumplimiento a un compromiso contenido en el programa de Gobierno del Presidente Boric con los profesores y profesoras que tanto le han dado a su pa\u00eds y al bienestar de ni\u00f1os y ni\u00f1as, para\u00a0 reparar en parte el perjuicio remuneracional infringido con el traspaso de la educaci\u00f3n p\u00fablica desde el Ministerio de Educaci\u00f3n a las municipalidades durante la dictadura.\u00a0 Este es un acto de justicia, un acto de reparaci\u00f3n y tambi\u00e9n de\u00a0 reconocimiento a la indispensable labor que cumplen los profesores y profesoras para la educaci\u00f3n en Chile. Esta es una oportunidad de cerrar una herida, de reconciliarnos con nuestra propia historia, y de homenajear a decenas de miles de profesores y profesoras que han forjado a generaciones de chilenos y chilenas a lo largo de nuestro pa\u00eds. Esperamos que la discusi\u00f3n se d\u00e9 de buena forma, con un buen tono, con mucha disponibilidad a avanzar r\u00e1pido en esta materia\u201d.<\/p>\n<p class=\"v1MsoNormal\" style=\"text-align: justify;\"><b><u>Deuda hist\u00f3rica: detalles del proyecto\u00a0<\/u><\/b><\/p>\n<p class=\"v1MsoNormal\" style=\"text-align: justify;\"><b>Universo:\u00a0<\/b>se considerar\u00e1 una soluci\u00f3n para todos las y los docentes afectados vivos.<\/p>\n<p class=\"v1MsoNormal\" style=\"text-align: justify;\"><b>Monto de soluci\u00f3n por persona:\u00a0<\/b>4,5 millones de pesos por docente, reajustables por a\u00f1o.<\/p>\n<p class=\"v1MsoNormal\" style=\"text-align: justify;\"><b>Plazo de pago:<\/b>\u00a0desde la aprobaci\u00f3n de la ley, el universo total de docentes ser\u00e1 cubierto en un plazo m\u00e1ximo de 6 a\u00f1os.<\/p>\n<p class=\"v1MsoNormal\" style=\"text-align: justify;\"><b>Forma de pago:\u00a0<\/b>el pago ser\u00e1 progresivo, comenzando con las personas de mayor edad, avanzando por grupos de manera anual, continuando el criterio de cobertura desde los de mayor a los de menor edad. La entrega de esta soluci\u00f3n a cada grupo ser\u00e1 en 2 cuotas iguales, siendo la primera cuota en octubre del a\u00f1o correspondiente a cada grupo, y la segunda cuota en enero del a\u00f1o siguiente.<\/p>\n<p class=\"v1MsoNormal\" style=\"text-align: justify;\"><b>Transmisibilidad:<\/b>\u00a0el proyecto considera la transmisibilidad del monto en el caso de aquellos beneficiarios de la soluci\u00f3n que fallezcan entre la fecha en que presenten la totalidad de los antecedentes y antes de percibirlo \u00edntegramente.<\/p>\n<p class=\"v1MsoNormal\" style=\"text-align: justify;\"><b>Incompatibilidad con otras acciones de soluci\u00f3n:<\/b>\u00a0la propuesta no se har\u00e1 extensiva a las personas que ya han recibido un pago asociado a esta afectaci\u00f3n, por acci\u00f3n de tribunales nacionales o internacionales, o por alguna otra forma de pago. Tambi\u00e9n ser\u00e1 incompatible con otras instancias de reclamaci\u00f3n en curso o futuras.<\/p>\n<p class=\"v1MsoNormal\" style=\"text-align: justify;\"><b>Identificaci\u00f3n de personas beneficiarias:\u00a0<\/b>el\u00a0Ministerio de Educaci\u00f3n ya cuenta con un listado de personas que fueron parte del proceso de traspaso de la educaci\u00f3n escolar a la administraci\u00f3n municipal, donde se encuentra una amplia mayor\u00eda de las personas afectadas y que se encuentra en la web\u00a0<a href=\"https:\/\/registrodocentestraspasados.mineduc.cl\/\" target=\"_blank\" rel=\"noopener noreferrer\">https:\/\/registrodocentestraspasados.mineduc.cl\/<\/a>. El proyecto de ley indicar\u00e1 los requisitos que deben cumplir las personas que no se encuentran en esa n\u00f3mina, para recibir la soluci\u00f3n.<\/p>\n<p class=\"v1MsoNormal\" style=\"text-align: justify;\"><b><u>Reacciones<\/u><\/b><\/p>\n<p class=\"v1MsoNormal\" style=\"text-align: justify;\">J\u00e9ssica L\u00f3pez, presidenta regional del Colegio de Profesores: \u201cEstamos acompa\u00f1ando a nuestras colegas afectadas por esta deuda que a estas alturas es imposible de pagar. Hoy queremos invitar nuestros parlamentarios a hacer el m\u00e1ximo esfuerzo por mejorar el monto propuesto y los plazos propuestos para el pago\u00a0 que son muy largos. Reconocemos al Gobierno que se ha hecho cargo de esta deuda, lo que conlleva tambi\u00e9n una responsabilidad grande que es hacer el m\u00e1ximo esfuerzo para mejorar las condiciones de esta reparaci\u00f3n\u201d.<\/p>\n<p class=\"v1MsoNormal\" style=\"text-align: justify;\">Rosa Pesutic profesora afectada por esta deuda afirm\u00f3 que \u201cConsideramos que el hecho de que este Gobierno haya presentado este proyecto de ley de reparaci\u00f3n es un tremendo avance porque queremos cerrar un cap\u00edtulo, estamos en una edad en que queremos decir \u2018esto se cumpli\u00f3\u2019. No estamos conformes con el monto, por lo que queremos que se aumente el monto y se acorte el plazo del pago\u201d.<\/p>\n<p class=\"v1MsoNormal\" style=\"text-align: justify;\">Doris Dinamarca, presidenta de la Agrupaci\u00f3n de Profesoras y Profesores Normalistas, se\u00f1al\u00f3 \u201cNosotros como profesores siempre pensamos en positivo y somos optimistas por lo que esperamos que este proyecto reparatorio sea mejorado en cuanto al monto y los plazos\u201d.<\/p>\n<\/div><\/section><\/div><div  style='height:50px' class='hr hr-invisible   avia-builder-el-6  el_after_av_one_full  el_before_av_social_share '><span class='hr-inner ' ><span class='hr-inner-style'><\/span><\/span><\/div><\/p>\n<div  class='av-social-sharing-box  avia-builder-el-7  el_after_av_hr  el_before_av_hr  '><div class='av-share-box'><h5 class='av-share-link-description av-no-toc '>Compartir esta noticia<\/h5><ul class='av-share-box-list noLightbox'><li class='av-share-link av-social-link-facebook' ><a target=\"_blank\" aria-label=\"Compartir en Facebook\" href='https:\/\/www.facebook.com\/sharer.php?u=https:\/\/radiorevelacionfm.cl\/?p=48883&#038;t=Informan%20a%20profesores%20detalles%20y%20avance%20legislativo%20del%20proyecto%20de%20Ley%20que%20entrega%20soluci%C3%B3n%20a%20la%20Deuda%20Hist%C3%B3rica%20Docente' aria-hidden='false' data-av_icon='\ue8f3' data-av_iconfont='entypo-fontello' title='' data-avia-related-tooltip='Compartir en Facebook' rel=\"noopener\"><span class='avia_hidden_link_text'>Compartir en Facebook<\/span><\/a><\/li><li class='av-share-link av-social-link-twitter' ><a target=\"_blank\" aria-label=\"Compartir en Twitter\" href='https:\/\/twitter.com\/share?text=Informan%20a%20profesores%20detalles%20y%20avance%20legislativo%20del%20proyecto%20de%20Ley%20que%20entrega%20soluci%C3%B3n%20a%20la%20Deuda%20Hist%C3%B3rica%20Docente&#038;url=https:\/\/radiorevelacionfm.cl\/?p=48883' aria-hidden='false' data-av_icon='\ue8f1' data-av_iconfont='entypo-fontello' title='' data-avia-related-tooltip='Compartir en Twitter' rel=\"noopener\"><span class='avia_hidden_link_text'>Compartir en Twitter<\/span><\/a><\/li><li class='av-share-link av-social-link-whatsapp' ><a target=\"_blank\" aria-label=\"Compartir en Whatsapp\" href='https:\/\/api.whatsapp.com\/send?text=https:\/\/radiorevelacionfm.cl\/?p=48883' aria-hidden='false' data-av_icon='\uf232' data-av_iconfont='entypo-fontello' title='' data-avia-related-tooltip='Compartir en Whatsapp' rel=\"noopener\"><span class='avia_hidden_link_text'>Compartir en Whatsapp<\/span><\/a><\/li><li class='av-share-link av-social-link-linkedin' ><a target=\"_blank\" aria-label=\"Compartir en LinkedIn\" href='https:\/\/linkedin.com\/shareArticle?mini=true&#038;title=Informan%20a%20profesores%20detalles%20y%20avance%20legislativo%20del%20proyecto%20de%20Ley%20que%20entrega%20soluci%C3%B3n%20a%20la%20Deuda%20Hist%C3%B3rica%20Docente&#038;url=https:\/\/radiorevelacionfm.cl\/?p=48883' aria-hidden='false' data-av_icon='\ue8fc' data-av_iconfont='entypo-fontello' title='' data-avia-related-tooltip='Compartir en LinkedIn' rel=\"noopener\"><span class='avia_hidden_link_text'>Compartir en LinkedIn<\/span><\/a><\/li><li class='av-share-link av-social-link-mail' ><a  aria-label=\"Compartir por correo\" href='mailto:?subject=Informan%20a%20profesores%20detalles%20y%20avance%20legislativo%20del%20proyecto%20de%20Ley%20que%20entrega%20soluci%C3%B3n%20a%20la%20Deuda%20Hist%C3%B3rica%20Docente&#038;body=https:\/\/radiorevelacionfm.cl\/?p=48883' aria-hidden='false' data-av_icon='\ue805' data-av_iconfont='entypo-fontello' title='' data-avia-related-tooltip='Compartir por correo'><span class='avia_hidden_link_text'>Compartir por correo<\/span><\/a><\/li><\/ul><\/div><\/div>\n<div  style='height:50px' class='hr hr-invisible   avia-builder-el-8  el_after_av_social_share  el_before_av_comments_list '><span class='hr-inner ' ><span class='hr-inner-style'><\/span><\/span><\/div>\n<div  class='av-buildercomment  av-blog-meta-html-info-disabled av-blog-meta-tag-disabled  '><\/div>\n","protected":false},"excerpt":{"rendered":"","protected":false},"author":1,"featured_media":48884,"comment_status":"open","ping_status":"open","sticky":false,"template":"","format":"standard","meta":{"footnotes":""},"categories":[49],"tags":[],"class_list":["post-48883","post","type-post","status-publish","format-standard","has-post-thumbnail","hentry","category-educacion"],"jetpack_featured_media_url":"https:\/\/radiorevelacionfm.cl\/wp-content\/uploads\/2024\/12\/deuda5-1-1.jpeg","_links":{"self":[{"href":"https:\/\/radiorevelacionfm.cl\/index.php?rest_route=\/wp\/v2\/posts\/48883","targetHints":{"allow":["GET"]}}],"collection":[{"href":"https:\/\/radiorevelacionfm.cl\/index.php?rest_route=\/wp\/v2\/posts"}],"about":[{"href":"https:\/\/radiorevelacionfm.cl\/index.php?rest_route=\/wp\/v2\/types\/post"}],"author":[{"embeddable":true,"href":"https:\/\/radiorevelacionfm.cl\/index.php?rest_route=\/wp\/v2\/users\/1"}],"replies":[{"embeddable":true,"href":"https:\/\/radiorevelacionfm.cl\/index.php?rest_route=%2Fwp%2Fv2%2Fcomments&post=48883"}],"version-history":[{"count":1,"href":"https:\/\/radiorevelacionfm.cl\/index.php?rest_route=\/wp\/v2\/posts\/48883\/revisions"}],"predecessor-version":[{"id":48885,"href":"https:\/\/radiorevelacionfm.cl\/index.php?rest_route=\/wp\/v2\/posts\/48883\/revisions\/48885"}],"wp:featuredmedia":[{"embeddable":true,"href":"https:\/\/radiorevelacionfm.cl\/index.php?rest_route=\/wp\/v2\/media\/48884"}],"wp:attachment":[{"href":"https:\/\/radiorevelacionfm.cl\/index.php?rest_route=%2Fwp%2Fv2%2Fmedia&parent=48883"}],"wp:term":[{"taxonomy":"category","embeddable":true,"href":"https:\/\/radiorevelacionfm.cl\/index.php?rest_route=%2Fwp%2Fv2%2Fcategories&post=48883"},{"taxonomy":"post_tag","embeddable":true,"href":"https:\/\/radiorevelacionfm.cl\/index.php?rest_route=%2Fwp%2Fv2%2Ftags&post=48883"}],"curies":[{"name":"wp","href":"https:\/\/api.w.org\/{rel}","templated":true}]}}