{"id":48877,"date":"2024-12-13T20:31:50","date_gmt":"2024-12-13T23:31:50","guid":{"rendered":"https:\/\/radiorevelacionfm.cl\/?p=48877"},"modified":"2024-12-13T20:31:50","modified_gmt":"2024-12-13T23:31:50","slug":"se-conforma-nueva-directiva-de-la-corporacion-del-deporte-de-aysen","status":"publish","type":"post","link":"https:\/\/radiorevelacionfm.cl\/?p=48877","title":{"rendered":"Se conforma nueva directiva de la Corporaci\u00f3n del Deporte de Ays\u00e9n"},"content":{"rendered":"<div class=\"flex_column av_one_full  flex_column_div av-zero-column-padding first  avia-builder-el-0  el_before_av_one_full  avia-builder-el-first  \" style='border-radius:0px; '><div  class='avia-image-container  av-styling-    avia-builder-el-1  avia-builder-el-no-sibling  avia-align-center '  itemprop=\"image\" itemscope=\"itemscope\" itemtype=\"https:\/\/schema.org\/ImageObject\"  ><div class='avia-image-container-inner'><div class='avia-image-overlay-wrap'><img decoding=\"async\" class='wp-image-48878 avia-img-lazy-loading-not-48878 avia_image' src=\"https:\/\/radiorevelacionfm.cl\/wp-content\/uploads\/2024\/12\/ASAMBLEA-CORPORACION_-15-1-1.jpg\" alt='' title='ASAMBLEA CORPORACI\u00d3N_-15 (1) (1)' height=\"600\" width=\"1000\"  itemprop=\"thumbnailUrl\" srcset=\"https:\/\/radiorevelacionfm.cl\/wp-content\/uploads\/2024\/12\/ASAMBLEA-CORPORACION_-15-1-1.jpg 1000w, https:\/\/radiorevelacionfm.cl\/wp-content\/uploads\/2024\/12\/ASAMBLEA-CORPORACION_-15-1-1-300x180.jpg 300w, https:\/\/radiorevelacionfm.cl\/wp-content\/uploads\/2024\/12\/ASAMBLEA-CORPORACION_-15-1-1-768x461.jpg 768w, https:\/\/radiorevelacionfm.cl\/wp-content\/uploads\/2024\/12\/ASAMBLEA-CORPORACION_-15-1-1-705x423.jpg 705w, https:\/\/radiorevelacionfm.cl\/wp-content\/uploads\/2024\/12\/ASAMBLEA-CORPORACION_-15-1-1-450x270.jpg 450w, https:\/\/radiorevelacionfm.cl\/wp-content\/uploads\/2024\/12\/ASAMBLEA-CORPORACION_-15-1-1-600x360.jpg 600w\" sizes=\"(max-width: 1000px) 100vw, 1000px\" \/><\/div><\/div><\/div><\/div><div class=\"flex_column av_one_full  flex_column_div av-zero-column-padding first  avia-builder-el-2  el_after_av_one_full  el_before_av_one_full  column-top-margin\" style='border-radius:0px; '><section class=\"av_textblock_section \"  itemscope=\"itemscope\" itemtype=\"https:\/\/schema.org\/BlogPosting\" itemprop=\"blogPost\" ><div class='avia_textblock  '   itemprop=\"text\" ><p style=\"text-align: center;\"><strong><span style=\"font-size: 18pt;\">Se conforma nueva directiva de la Corporaci\u00f3n del Deporte de Ays\u00e9n<\/span><\/strong><\/p>\n<div id=\"gtx-trans\" style=\"position: absolute; left: -50px; top: 4.31534px;\">\n<div class=\"gtx-trans-icon\"><\/div>\n<\/div>\n<\/div><\/section><\/div><div class=\"flex_column av_one_full  flex_column_div av-zero-column-padding first  avia-builder-el-4  el_after_av_one_full  el_before_av_hr  column-top-margin\" style='border-radius:0px; '><section class=\"av_textblock_section \"  itemscope=\"itemscope\" itemtype=\"https:\/\/schema.org\/BlogPosting\" itemprop=\"blogPost\" ><div class='avia_textblock  '   itemprop=\"text\" ><p style=\"text-align: justify;\">Los socios de la Corporaci\u00f3n del Deporte y Recreaci\u00f3n de la Ilustre Municipalidad de Ays\u00e9n se reunieron este jueves en una asamblea de car\u00e1cter extraordinaria para dar la bienvenida al presidente de la Corporaci\u00f3n, alcalde Luis Mart\u00ednez Gallardo. Al igual que se anunci\u00f3 a Jorge Villegas como nuevo director ejecutivo de la entidad, el cual ejerc\u00eda como profesor de educaci\u00f3n f\u00edsica y como coordinador en el Polideportivo 21 de Abril realizando proyectos para favorecer el desarrollo del deporte comunal.<\/p>\n<p style=\"text-align: justify;\">Al respecto el alcalde Mart\u00ednez, indic\u00f3 que \u201cpresentamos a don Jorge Villegas, que ser\u00e1 quien administrar\u00e1 finalmente esta corporaci\u00f3n y es la voz del alcalde en el recinto y tambi\u00e9n en los proyectos. Pero lo importante fue tambi\u00e9n escuchar a los socios y la esperanza que tiene la gente en esta nueva administraci\u00f3n, pensando que podemos hacer m\u00e1s deporte, llevar mejor calidad de vida hacia los vecinos, y eso por supuesto que es un desaf\u00edo\u201d.<\/p>\n<p style=\"text-align: justify;\">En esta misma instancia la asamblea tom\u00f3 votaci\u00f3n para definir los dem\u00e1s cargos de la directiva, finalmente quedando como secretaria, Rita Aguilar; y como tesorero, Roberto Vargas.<\/p>\n<p style=\"text-align: justify;\">Jorge Villegas se mostr\u00f3 feliz y agradecido por la confianza del alcalde Mart\u00ednez, por lo que coment\u00f3 que \u201clo primordial para el proceso 2025 es potenciar y nuevamente rescatar todos los deportes colectivos e individuales que estaban un poquito bajo durante este \u00faltimo tiempo. As\u00ed que el proceso es reactivar la formaci\u00f3n deportiva y nuevamente que el polideportivo sea el centro para competencia internacional como a\u00f1os anteriores\u201d.<\/p>\n<p style=\"text-align: justify;\">La asamblea concluy\u00f3 con la toma de la palabra por parte de los miembros de la Corporaci\u00f3n, dando sus peticiones para que la nueva directiva ya empiece a trabajar y a tomar acciones ante los requerimientos y desaf\u00edos de los deportistas ayseninos.<\/p>\n<\/div><\/section><\/div><div  style='height:50px' class='hr hr-invisible   avia-builder-el-6  el_after_av_one_full  el_before_av_social_share '><span class='hr-inner ' ><span class='hr-inner-style'><\/span><\/span><\/div><\/p>\n<div  class='av-social-sharing-box  avia-builder-el-7  el_after_av_hr  el_before_av_hr  '><div class='av-share-box'><h5 class='av-share-link-description av-no-toc '>Compartir esta noticia<\/h5><ul class='av-share-box-list noLightbox'><li class='av-share-link av-social-link-facebook' ><a target=\"_blank\" aria-label=\"Compartir en Facebook\" href='https:\/\/www.facebook.com\/sharer.php?u=https:\/\/radiorevelacionfm.cl\/?p=48877&#038;t=Se%20conforma%20nueva%20directiva%20de%20la%20Corporaci%C3%B3n%20del%20Deporte%20de%20Ays%C3%A9n' aria-hidden='false' data-av_icon='\ue8f3' data-av_iconfont='entypo-fontello' title='' data-avia-related-tooltip='Compartir en Facebook' rel=\"noopener\"><span class='avia_hidden_link_text'>Compartir en Facebook<\/span><\/a><\/li><li class='av-share-link av-social-link-twitter' ><a target=\"_blank\" aria-label=\"Compartir en Twitter\" href='https:\/\/twitter.com\/share?text=Se%20conforma%20nueva%20directiva%20de%20la%20Corporaci%C3%B3n%20del%20Deporte%20de%20Ays%C3%A9n&#038;url=https:\/\/radiorevelacionfm.cl\/?p=48877' aria-hidden='false' data-av_icon='\ue8f1' data-av_iconfont='entypo-fontello' title='' data-avia-related-tooltip='Compartir en Twitter' rel=\"noopener\"><span class='avia_hidden_link_text'>Compartir en Twitter<\/span><\/a><\/li><li class='av-share-link av-social-link-whatsapp' ><a target=\"_blank\" aria-label=\"Compartir en Whatsapp\" href='https:\/\/api.whatsapp.com\/send?text=https:\/\/radiorevelacionfm.cl\/?p=48877' aria-hidden='false' data-av_icon='\uf232' data-av_iconfont='entypo-fontello' title='' data-avia-related-tooltip='Compartir en Whatsapp' rel=\"noopener\"><span class='avia_hidden_link_text'>Compartir en Whatsapp<\/span><\/a><\/li><li class='av-share-link av-social-link-linkedin' ><a target=\"_blank\" aria-label=\"Compartir en LinkedIn\" href='https:\/\/linkedin.com\/shareArticle?mini=true&#038;title=Se%20conforma%20nueva%20directiva%20de%20la%20Corporaci%C3%B3n%20del%20Deporte%20de%20Ays%C3%A9n&#038;url=https:\/\/radiorevelacionfm.cl\/?p=48877' aria-hidden='false' data-av_icon='\ue8fc' data-av_iconfont='entypo-fontello' title='' data-avia-related-tooltip='Compartir en LinkedIn' rel=\"noopener\"><span class='avia_hidden_link_text'>Compartir en LinkedIn<\/span><\/a><\/li><li class='av-share-link av-social-link-mail' ><a  aria-label=\"Compartir por correo\" href='mailto:?subject=Se%20conforma%20nueva%20directiva%20de%20la%20Corporaci%C3%B3n%20del%20Deporte%20de%20Ays%C3%A9n&#038;body=https:\/\/radiorevelacionfm.cl\/?p=48877' aria-hidden='false' data-av_icon='\ue805' data-av_iconfont='entypo-fontello' title='' data-avia-related-tooltip='Compartir por correo'><span class='avia_hidden_link_text'>Compartir por correo<\/span><\/a><\/li><\/ul><\/div><\/div>\n<div  style='height:50px' class='hr hr-invisible   avia-builder-el-8  el_after_av_social_share  el_before_av_comments_list '><span class='hr-inner ' ><span class='hr-inner-style'><\/span><\/span><\/div>\n<div  class='av-buildercomment  av-blog-meta-html-info-disabled av-blog-meta-tag-disabled  '><\/div>\n","protected":false},"excerpt":{"rendered":"","protected":false},"author":1,"featured_media":48878,"comment_status":"open","ping_status":"open","sticky":false,"template":"","format":"standard","meta":{"footnotes":""},"categories":[38],"tags":[],"class_list":["post-48877","post","type-post","status-publish","format-standard","has-post-thumbnail","hentry","category-regional"],"jetpack_featured_media_url":"https:\/\/radiorevelacionfm.cl\/wp-content\/uploads\/2024\/12\/ASAMBLEA-CORPORACION_-15-1-1.jpg","_links":{"self":[{"href":"https:\/\/radiorevelacionfm.cl\/index.php?rest_route=\/wp\/v2\/posts\/48877","targetHints":{"allow":["GET"]}}],"collection":[{"href":"https:\/\/radiorevelacionfm.cl\/index.php?rest_route=\/wp\/v2\/posts"}],"about":[{"href":"https:\/\/radiorevelacionfm.cl\/index.php?rest_route=\/wp\/v2\/types\/post"}],"author":[{"embeddable":true,"href":"https:\/\/radiorevelacionfm.cl\/index.php?rest_route=\/wp\/v2\/users\/1"}],"replies":[{"embeddable":true,"href":"https:\/\/radiorevelacionfm.cl\/index.php?rest_route=%2Fwp%2Fv2%2Fcomments&post=48877"}],"version-history":[{"count":1,"href":"https:\/\/radiorevelacionfm.cl\/index.php?rest_route=\/wp\/v2\/posts\/48877\/revisions"}],"predecessor-version":[{"id":48879,"href":"https:\/\/radiorevelacionfm.cl\/index.php?rest_route=\/wp\/v2\/posts\/48877\/revisions\/48879"}],"wp:featuredmedia":[{"embeddable":true,"href":"https:\/\/radiorevelacionfm.cl\/index.php?rest_route=\/wp\/v2\/media\/48878"}],"wp:attachment":[{"href":"https:\/\/radiorevelacionfm.cl\/index.php?rest_route=%2Fwp%2Fv2%2Fmedia&parent=48877"}],"wp:term":[{"taxonomy":"category","embeddable":true,"href":"https:\/\/radiorevelacionfm.cl\/index.php?rest_route=%2Fwp%2Fv2%2Fcategories&post=48877"},{"taxonomy":"post_tag","embeddable":true,"href":"https:\/\/radiorevelacionfm.cl\/index.php?rest_route=%2Fwp%2Fv2%2Ftags&post=48877"}],"curies":[{"name":"wp","href":"https:\/\/api.w.org\/{rel}","templated":true}]}}