{"id":48869,"date":"2024-12-13T14:41:48","date_gmt":"2024-12-13T17:41:48","guid":{"rendered":"https:\/\/radiorevelacionfm.cl\/?p=48869"},"modified":"2024-12-13T14:41:48","modified_gmt":"2024-12-13T17:41:48","slug":"trescientas-familias-contaran-con-agua-potable-en-puerto-rio-tranquilo","status":"publish","type":"post","link":"https:\/\/radiorevelacionfm.cl\/?p=48869","title":{"rendered":"Trescientas familias contar\u00e1n con agua potable en Puerto R\u00edo Tranquilo"},"content":{"rendered":"<div class=\"flex_column av_one_full  flex_column_div av-zero-column-padding first  avia-builder-el-0  el_before_av_one_full  avia-builder-el-first  \" style='border-radius:0px; '><div  class='avia-image-container  av-styling-    avia-builder-el-1  avia-builder-el-no-sibling  avia-align-center '  itemprop=\"image\" itemscope=\"itemscope\" itemtype=\"https:\/\/schema.org\/ImageObject\"  ><div class='avia-image-container-inner'><div class='avia-image-overlay-wrap'><img decoding=\"async\" class='wp-image-48870 avia-img-lazy-loading-not-48870 avia_image' src=\"https:\/\/radiorevelacionfm.cl\/wp-content\/uploads\/2024\/12\/img_2602-1_optimized-1.jpg\" alt='' title='img_2602-(1)_optimized (1)' height=\"600\" width=\"900\"  itemprop=\"thumbnailUrl\" srcset=\"https:\/\/radiorevelacionfm.cl\/wp-content\/uploads\/2024\/12\/img_2602-1_optimized-1.jpg 900w, https:\/\/radiorevelacionfm.cl\/wp-content\/uploads\/2024\/12\/img_2602-1_optimized-1-300x200.jpg 300w, https:\/\/radiorevelacionfm.cl\/wp-content\/uploads\/2024\/12\/img_2602-1_optimized-1-768x512.jpg 768w, https:\/\/radiorevelacionfm.cl\/wp-content\/uploads\/2024\/12\/img_2602-1_optimized-1-705x470.jpg 705w, https:\/\/radiorevelacionfm.cl\/wp-content\/uploads\/2024\/12\/img_2602-1_optimized-1-450x300.jpg 450w, https:\/\/radiorevelacionfm.cl\/wp-content\/uploads\/2024\/12\/img_2602-1_optimized-1-600x400.jpg 600w\" sizes=\"(max-width: 900px) 100vw, 900px\" \/><\/div><\/div><\/div><\/div><div class=\"flex_column av_one_full  flex_column_div av-zero-column-padding first  avia-builder-el-2  el_after_av_one_full  el_before_av_one_full  column-top-margin\" style='border-radius:0px; '><section class=\"av_textblock_section \"  itemscope=\"itemscope\" itemtype=\"https:\/\/schema.org\/BlogPosting\" itemprop=\"blogPost\" ><div class='avia_textblock  '   itemprop=\"text\" ><p style=\"text-align: center;\"><strong><span style=\"font-size: 18pt;\">Trescientas familias contar\u00e1n con agua potable en Puerto R\u00edo Tranquilo <\/span><\/strong><\/p>\n<div id=\"gtx-trans\" style=\"position: absolute; left: -50px; top: 4.31534px;\">\n<div class=\"gtx-trans-icon\"><\/div>\n<\/div>\n<\/div><\/section><\/div><div class=\"flex_column av_one_full  flex_column_div av-zero-column-padding first  avia-builder-el-4  el_after_av_one_full  el_before_av_hr  column-top-margin\" style='border-radius:0px; '><section class=\"av_textblock_section \"  itemscope=\"itemscope\" itemtype=\"https:\/\/schema.org\/BlogPosting\" itemprop=\"blogPost\" ><div class='avia_textblock  '   itemprop=\"text\" ><p style=\"text-align: justify;\"><em>SEREMI del MOP junto a equipo de la Direcci\u00f3n Regional de Obras Hidr\u00e1ulicas se reuni\u00f3 con comunidad para exponer avances en las obras, escuchar y recoger sus opiniones y preparar pr\u00f3ximos trabajos con enfoque en la temporada estival.<\/em><\/p>\n<p style=\"text-align: justify;\">Hasta Puerto R\u00edo Tranquilo lleg\u00f3 la Secretaria Regional Ministerial de Obras P\u00fablicas, Paloma Jara Vald\u00e9s, junto al Director Regional de Obras Hidr\u00e1ulicas Francisco Real Bahamonde y el equipo de la Subdirecci\u00f3n de Servicios Sanitarios Rurales de la DOH-MOP para dar a conocer los avances en la construcci\u00f3n del Servicio Sanitario Rural junto con escuchar y recoger las opiniones de la comunidad.<\/p>\n<p style=\"text-align: justify;\">En esta ocasi\u00f3n junto a la Seremi expuso a los y las vecinas el Inspector Fiscal de las obras DOH-MOP, Mat\u00edas Pizarro Gonz\u00e1lez y posteriormente se realiz\u00f3 una ronda de preguntas y retroalimentaci\u00f3n. Una vez finalizada la reuni\u00f3n de participaci\u00f3n ciudadana, la SEREMI del MOP hizo un balance de la jornada, indicando al respecto: \u201cEstamos asistiendo hoy a una reuni\u00f3n de participaci\u00f3n ciudadana para acompa\u00f1ar a las y los vecinos de Puerto R\u00edo Tranquilo en todo el proceso que considera el proyecto, y ahora en particular para darles a conocer cu\u00e1les son los avances. Tambi\u00e9n, es de inter\u00e9s para los habitantes de esta localidad tan tur\u00edstica, c\u00f3mo vamos a seguir avanzando y c\u00f3mo vamos a enfrentar la temporada estival, as\u00ed que recogimos sus inquietudes, y como Ministerio de Obras P\u00fablicas privilegiamos ir conversando nuestros proyectos y ser un buen vecino para que esta obra signifique felicidad para la comunidad, porque muchas personas van a ver c\u00f3mo cambiar\u00e1n sus vidas cuando puedan contar con un nuevo sistema de agua potable que mejore la calidad del agua -hoy vemos el agua con color- \u00a0as\u00ed que en Puerto R\u00edo Tranquilo vamos a cambiar la fuente que alimenta el Servicio Sanitario Rural (SSR). Con un 43% de avance y a un a\u00f1o de terminar esta obra, estamos muy contentos con el trabajo que nuestros equipos est\u00e1n desarrollando\u201d, destac\u00f3 Paloma Jara<\/p>\n<p style=\"text-align: justify;\">Para Marcela Calder\u00f3n, presidenta del Comit\u00e9 de Agua Potable Rural de Puerto R\u00edo Tranquilo esta instancia de participaci\u00f3n ciudadana le parece muy interesante. \u201cLas personas pueden participar y decir lo que est\u00e1n viendo del proyecto, los avances y\u00a0 las problem\u00e1ticas que conllevan ese tipo de proyectos aqu\u00ed en la localidad. La gente ya est\u00e1 m\u00e1s conforme con lo que se est\u00e1 haciendo. El trabajo se est\u00e1 haciendo bien, los avances que van son los adecuados, as\u00ed que en ese sentido yo creo que est\u00e1 bien, el avance va perfecto y hay que seguir avanzando. Yo tambi\u00e9n quiero agradecer la oportunidad que se le da a la comunidad, que se acerquen las autoridades regionales a las localidades del interior, dar soluciones, tomarnos en cuenta y dar los espacios para otro tipo de temas, as\u00ed que como presidenta del APR de Puerto R\u00edo Tranquilo estoy contenta y espero que lleguemos a buen final con este proyecto tan anhelado por la comunidad de R\u00edo Tranquilo\u201d.<\/p>\n<p style=\"text-align: justify;\">Acerca de esta reuni\u00f3n Director Regional de Obras Hidr\u00e1ulicas, Francisco Real Bahamonde expres\u00f3 que ha sido muy interesante la retroalimentaci\u00f3n recibida. \u201cEl Inspector Fiscal del contrato Mat\u00edas Pizarro hizo una presentaci\u00f3n muy contundente de los avances del proyecto, de lo que significa inspeccionar un proyecto tan grande, la responsabilidad que eso lleva para que la comunidad conozca lo que est\u00e1 haciendo la Direcci\u00f3n Regional de Obras Hidr\u00e1ulicas del MOP. Hemos tenido la participaci\u00f3n de los y las vecinas, nos han hecho llegar sus dudas y hemos aclarado sus inquietudes. Este contrato considera 284 arranques y en esta reuni\u00f3n nos hemos percatado que algunos terrenos tienen m\u00e1s de una casa dentro del sitio, as\u00ed que vamos a hacer un levantamiento de informaci\u00f3n para poder determinar las casas que vamos agregar en una extensi\u00f3n de este contrato para poder llegar con arranques a estas casas, creemos que son m\u00e1s de 300 arranques en total, as\u00ed que estamos pensando en generar unos 30 arranques m\u00e1s. Este es un proyecto que considera la captaci\u00f3n desde el desag\u00fce de la laguna Tranquilo, contempla una inversi\u00f3n de $5.800 millones y tiene una duraci\u00f3n de tres a\u00f1os, terminando el 2026\u201d<\/p>\n<p style=\"text-align: justify;\">Finalmente, la Concejala por la comuna de Ib\u00e1\u00f1ez Gloria Jaramillo indic\u00f3: \u201cNos enteramos de todo el proceso y de todo lo que se ha avanzado durante este tiempo. Este proyecto fue muy anhelado por la comunidad, pero tambi\u00e9n en alg\u00fan tiempo tuvimos varios problemas como particulares en realidad, pero que se han superado. Ha avanzado muy bien este proyecto en este momento. Ya se est\u00e1n haciendo las veredas y se est\u00e1 avanzando mucho, as\u00ed que estamos muy contentos por eso y ojal\u00e1 que la empresa siga tal cual y podamos ver ya el a\u00f1o 2026 la nueva instalaci\u00f3n de Agua Potable\u201d, concluy\u00f3.<\/p>\n<\/div><\/section><\/div><div  style='height:50px' class='hr hr-invisible   avia-builder-el-6  el_after_av_one_full  el_before_av_social_share '><span class='hr-inner ' ><span class='hr-inner-style'><\/span><\/span><\/div><\/p>\n<div  class='av-social-sharing-box  avia-builder-el-7  el_after_av_hr  el_before_av_hr  '><div class='av-share-box'><h5 class='av-share-link-description av-no-toc '>Compartir esta noticia<\/h5><ul class='av-share-box-list noLightbox'><li class='av-share-link av-social-link-facebook' ><a target=\"_blank\" aria-label=\"Compartir en Facebook\" href='https:\/\/www.facebook.com\/sharer.php?u=https:\/\/radiorevelacionfm.cl\/?p=48869&#038;t=Trescientas%20familias%20contar%C3%A1n%20con%20agua%20potable%20en%20Puerto%20R%C3%ADo%20Tranquilo' aria-hidden='false' data-av_icon='\ue8f3' data-av_iconfont='entypo-fontello' title='' data-avia-related-tooltip='Compartir en Facebook' rel=\"noopener\"><span class='avia_hidden_link_text'>Compartir en Facebook<\/span><\/a><\/li><li class='av-share-link av-social-link-twitter' ><a target=\"_blank\" aria-label=\"Compartir en Twitter\" href='https:\/\/twitter.com\/share?text=Trescientas%20familias%20contar%C3%A1n%20con%20agua%20potable%20en%20Puerto%20R%C3%ADo%20Tranquilo&#038;url=https:\/\/radiorevelacionfm.cl\/?p=48869' aria-hidden='false' data-av_icon='\ue8f1' data-av_iconfont='entypo-fontello' title='' data-avia-related-tooltip='Compartir en Twitter' rel=\"noopener\"><span class='avia_hidden_link_text'>Compartir en Twitter<\/span><\/a><\/li><li class='av-share-link av-social-link-whatsapp' ><a target=\"_blank\" aria-label=\"Compartir en Whatsapp\" href='https:\/\/api.whatsapp.com\/send?text=https:\/\/radiorevelacionfm.cl\/?p=48869' aria-hidden='false' data-av_icon='\uf232' data-av_iconfont='entypo-fontello' title='' data-avia-related-tooltip='Compartir en Whatsapp' rel=\"noopener\"><span class='avia_hidden_link_text'>Compartir en Whatsapp<\/span><\/a><\/li><li class='av-share-link av-social-link-linkedin' ><a target=\"_blank\" aria-label=\"Compartir en LinkedIn\" href='https:\/\/linkedin.com\/shareArticle?mini=true&#038;title=Trescientas%20familias%20contar%C3%A1n%20con%20agua%20potable%20en%20Puerto%20R%C3%ADo%20Tranquilo&#038;url=https:\/\/radiorevelacionfm.cl\/?p=48869' aria-hidden='false' data-av_icon='\ue8fc' data-av_iconfont='entypo-fontello' title='' data-avia-related-tooltip='Compartir en LinkedIn' rel=\"noopener\"><span class='avia_hidden_link_text'>Compartir en LinkedIn<\/span><\/a><\/li><li class='av-share-link av-social-link-mail' ><a  aria-label=\"Compartir por correo\" href='mailto:?subject=Trescientas%20familias%20contar%C3%A1n%20con%20agua%20potable%20en%20Puerto%20R%C3%ADo%20Tranquilo&#038;body=https:\/\/radiorevelacionfm.cl\/?p=48869' aria-hidden='false' data-av_icon='\ue805' data-av_iconfont='entypo-fontello' title='' data-avia-related-tooltip='Compartir por correo'><span class='avia_hidden_link_text'>Compartir por correo<\/span><\/a><\/li><\/ul><\/div><\/div>\n<div  style='height:50px' class='hr hr-invisible   avia-builder-el-8  el_after_av_social_share  el_before_av_comments_list '><span class='hr-inner ' ><span class='hr-inner-style'><\/span><\/span><\/div>\n<div  class='av-buildercomment  av-blog-meta-html-info-disabled av-blog-meta-tag-disabled  '><\/div>\n","protected":false},"excerpt":{"rendered":"","protected":false},"author":1,"featured_media":48870,"comment_status":"open","ping_status":"open","sticky":false,"template":"","format":"standard","meta":{"footnotes":""},"categories":[38],"tags":[],"class_list":["post-48869","post","type-post","status-publish","format-standard","has-post-thumbnail","hentry","category-regional"],"jetpack_featured_media_url":"https:\/\/radiorevelacionfm.cl\/wp-content\/uploads\/2024\/12\/img_2602-1_optimized-1.jpg","_links":{"self":[{"href":"https:\/\/radiorevelacionfm.cl\/index.php?rest_route=\/wp\/v2\/posts\/48869","targetHints":{"allow":["GET"]}}],"collection":[{"href":"https:\/\/radiorevelacionfm.cl\/index.php?rest_route=\/wp\/v2\/posts"}],"about":[{"href":"https:\/\/radiorevelacionfm.cl\/index.php?rest_route=\/wp\/v2\/types\/post"}],"author":[{"embeddable":true,"href":"https:\/\/radiorevelacionfm.cl\/index.php?rest_route=\/wp\/v2\/users\/1"}],"replies":[{"embeddable":true,"href":"https:\/\/radiorevelacionfm.cl\/index.php?rest_route=%2Fwp%2Fv2%2Fcomments&post=48869"}],"version-history":[{"count":1,"href":"https:\/\/radiorevelacionfm.cl\/index.php?rest_route=\/wp\/v2\/posts\/48869\/revisions"}],"predecessor-version":[{"id":48871,"href":"https:\/\/radiorevelacionfm.cl\/index.php?rest_route=\/wp\/v2\/posts\/48869\/revisions\/48871"}],"wp:featuredmedia":[{"embeddable":true,"href":"https:\/\/radiorevelacionfm.cl\/index.php?rest_route=\/wp\/v2\/media\/48870"}],"wp:attachment":[{"href":"https:\/\/radiorevelacionfm.cl\/index.php?rest_route=%2Fwp%2Fv2%2Fmedia&parent=48869"}],"wp:term":[{"taxonomy":"category","embeddable":true,"href":"https:\/\/radiorevelacionfm.cl\/index.php?rest_route=%2Fwp%2Fv2%2Fcategories&post=48869"},{"taxonomy":"post_tag","embeddable":true,"href":"https:\/\/radiorevelacionfm.cl\/index.php?rest_route=%2Fwp%2Fv2%2Ftags&post=48869"}],"curies":[{"name":"wp","href":"https:\/\/api.w.org\/{rel}","templated":true}]}}