{"id":48866,"date":"2024-12-13T18:11:31","date_gmt":"2024-12-13T21:11:31","guid":{"rendered":"https:\/\/radiorevelacionfm.cl\/?p=48866"},"modified":"2024-12-13T18:11:31","modified_gmt":"2024-12-13T21:11:31","slug":"agricultura-de-contrato-en-aysen-y-magallanes-impulsando-la-sostenibilidad-y-la-diversificacion-productiva","status":"publish","type":"post","link":"https:\/\/radiorevelacionfm.cl\/?p=48866","title":{"rendered":"Agricultura de contrato en Ays\u00e9n y Magallanes: Impulsando la sostenibilidad y la diversificaci\u00f3n productiva"},"content":{"rendered":"<div class=\"flex_column av_one_full  flex_column_div av-zero-column-padding first  avia-builder-el-0  el_before_av_one_full  avia-builder-el-first  \" style='border-radius:0px; '><div  class='avia-image-container  av-styling-    avia-builder-el-1  avia-builder-el-no-sibling  avia-align-center '  itemprop=\"image\" itemscope=\"itemscope\" itemtype=\"https:\/\/schema.org\/ImageObject\"  ><div class='avia-image-container-inner'><div class='avia-image-overlay-wrap'><img decoding=\"async\" class='wp-image-48867 avia-img-lazy-loading-not-48867 avia_image' src=\"https:\/\/radiorevelacionfm.cl\/wp-content\/uploads\/2024\/12\/01-redpro-fotor-20241213114513-1-1_optimized-1.jpg\" alt='' title='01-redpro-fotor-20241213114513-(1)-(1)_optimized (1)' height=\"600\" width=\"1066\"  itemprop=\"thumbnailUrl\" srcset=\"https:\/\/radiorevelacionfm.cl\/wp-content\/uploads\/2024\/12\/01-redpro-fotor-20241213114513-1-1_optimized-1.jpg 1066w, https:\/\/radiorevelacionfm.cl\/wp-content\/uploads\/2024\/12\/01-redpro-fotor-20241213114513-1-1_optimized-1-300x169.jpg 300w, https:\/\/radiorevelacionfm.cl\/wp-content\/uploads\/2024\/12\/01-redpro-fotor-20241213114513-1-1_optimized-1-1030x580.jpg 1030w, https:\/\/radiorevelacionfm.cl\/wp-content\/uploads\/2024\/12\/01-redpro-fotor-20241213114513-1-1_optimized-1-768x432.jpg 768w, https:\/\/radiorevelacionfm.cl\/wp-content\/uploads\/2024\/12\/01-redpro-fotor-20241213114513-1-1_optimized-1-705x397.jpg 705w, https:\/\/radiorevelacionfm.cl\/wp-content\/uploads\/2024\/12\/01-redpro-fotor-20241213114513-1-1_optimized-1-450x253.jpg 450w, https:\/\/radiorevelacionfm.cl\/wp-content\/uploads\/2024\/12\/01-redpro-fotor-20241213114513-1-1_optimized-1-600x338.jpg 600w\" sizes=\"(max-width: 1066px) 100vw, 1066px\" \/><\/div><\/div><\/div><\/div><div class=\"flex_column av_one_full  flex_column_div av-zero-column-padding first  avia-builder-el-2  el_after_av_one_full  el_before_av_one_full  column-top-margin\" style='border-radius:0px; '><section class=\"av_textblock_section \"  itemscope=\"itemscope\" itemtype=\"https:\/\/schema.org\/BlogPosting\" itemprop=\"blogPost\" ><div class='avia_textblock  '   itemprop=\"text\" ><p style=\"text-align: center;\"><span style=\"font-size: 18pt;\"><b>Agricultura de contrato en Ays\u00e9n y Magallanes: Impulsando la sostenibilidad y la diversificaci\u00f3n productiva<\/b><\/span><\/p>\n<div id=\"gtx-trans\" style=\"position: absolute; left: -50px; top: 4.31534px;\">\n<div class=\"gtx-trans-icon\"><\/div>\n<\/div>\n<\/div><\/section><\/div><div class=\"flex_column av_one_full  flex_column_div av-zero-column-padding first  avia-builder-el-4  el_after_av_one_full  el_before_av_hr  column-top-margin\" style='border-radius:0px; '><section class=\"av_textblock_section \"  itemscope=\"itemscope\" itemtype=\"https:\/\/schema.org\/BlogPosting\" itemprop=\"blogPost\" ><div class='avia_textblock  '   itemprop=\"text\" ><p style=\"text-align: justify;\"><i>Un modelo innovador, en el marco del programa Red Proveedores de Corfo, busca promover la sostenibilidad agr\u00edcola y fortalecer la econom\u00eda regional.<\/i><\/p>\n<p style=\"font-weight: 400; text-align: justify;\">Para diversificar la producci\u00f3n agr\u00edcola y fomentar la sostenibilidad en el extremo sur de Chile, Corfo en alianza con Oleotop, realiz\u00f3 el lanzamiento del programa \u00abDesarrollo Sustentable de Cultivos de Oleaginosas en la Zona Sur Austral del Pa\u00eds\u00bb, en dependencias de INIA Tamel Aike. Esta innovadora iniciativa introduce cultivos como raps y camelina en las regiones de Ays\u00e9n y Magallanes, aprovechando las condiciones clim\u00e1ticas favorables y reduciendo la dependencia nacional de importaciones de aceite vegetal.<\/p>\n<p style=\"font-weight: 400; text-align: justify;\">El programa se basa en un modelo de agricultura de contrato, que garantiza la compra de la producci\u00f3n de los agricultores, ofreciendo adem\u00e1s asistencia t\u00e9cnica y transferencia de conocimientos. \u201cEstamos generando un impacto que trasciende lo agr\u00edcola, porque este programa conecta innovaci\u00f3n, sostenibilidad y desarrollo territorial\u201d, afirm\u00f3 Humberto Mar\u00edn Leiva, director de Corfo Ays\u00e9n. Asimismo, destac\u00f3 que \u201ces una apuesta estrat\u00e9gica para diversificar nuestra agricultura, regenerar ecosistemas y fortalecer las econom\u00edas locales\u201d. Con las regiones de Ays\u00e9n y Magallanes como epicentros de esta transformaci\u00f3n, el proyecto busca liderar un cambio hacia una agricultura menos dependiente de importaciones y m\u00e1s enfocada en pr\u00e1cticas sostenibles. De este modo, Chile demuestra que en el extremo sur del mundo pueden nacer soluciones globales en desarrollo sostenible.<\/p>\n<p style=\"font-weight: 400; text-align: justify;\">\u00abParticipar en este programa brinda una oportunidad real de poder diversificar lo que actualmente se est\u00e1 produciendo en los campos de la regi\u00f3n de Ays\u00e9n, explorando nuevas alternativas como, por ejemplo, el RAPS\u00bb, indic\u00f3 Ver\u00f3nica Ehijos Mu\u00f1oz, representante de Agr\u00edcola Ehijos. Adem\u00e1s, enfatiz\u00f3 que \u00abeste tipo de agricultura, que es una agricultura de contrato, brindar\u00eda estabilidad y confianza, permitiendo al agricultor planificarse a largo plazo y fortalecer la econom\u00eda familiar y regional\u00bb. De este modo, la iniciativa no solo introduce nuevos cultivos en la regi\u00f3n, sino que tambi\u00e9n ofrece capacitaci\u00f3n y asistencia t\u00e9cnica para asegurar el \u00e9xito en la producci\u00f3n de cultivos menos familiares para los agricultores locales. En definitiva, se presenta una oportunidad significativa para generar nuevas fuentes de ingreso y potenciar simult\u00e1neamente la econom\u00eda local.<\/p>\n<p style=\"font-weight: 400; text-align: justify;\">La actividad cont\u00f3 con la presencia de la directora de INIA Tamel Aike, Camila Reyes Santolalla, acompa\u00f1ada por parte de su equipo regional, as\u00ed como de empresarios y empresarias del sector que formar\u00e1n parte del programa.<\/p>\n<p style=\"font-weight: 400; text-align: justify;\"><strong>RED DE PROVEEDORES<\/strong><\/p>\n<p style=\"font-weight: 400; text-align: justify;\">Un pilar fundamental del programa es la creaci\u00f3n de una red colaborativa entre agricultores locales y empresas demandantes. Este enfoque fomenta cadenas de valor locales, fortaleciendo el ecosistema agr\u00edcola y diversificando la econom\u00eda regional. Al mismo tiempo, impulsa la adopci\u00f3n de buenas pr\u00e1cticas agr\u00edcolas, mejorando la sostenibilidad y productividad de los cultivos.<\/p>\n<p style=\"font-weight: 400; text-align: justify;\">El proyecto contempla varias fases estrat\u00e9gicas: Producci\u00f3n inicial donde Ays\u00e9n se encargar\u00e1 de los primeros cultivos de oleaginosas, mientras Magallanes evaluar\u00e1 su potencial productivo; Capacitaci\u00f3n y asistencia, en el que los agricultores recibir\u00e1n apoyo t\u00e9cnico y formaci\u00f3n en pr\u00e1cticas agr\u00edcolas sostenibles; y monitoreo continuo donde se implementar\u00e1 un sistema de evaluaci\u00f3n para medir el impacto del programa y realizar ajustes que aseguren su sostenibilidad a largo plazo.<\/p>\n<p style=\"font-weight: 400; text-align: justify;\">La diversificaci\u00f3n de cultivos no solo fortalecer\u00e1 la econom\u00eda local, sino que tambi\u00e9n incrementar\u00e1 la competitividad del sector agr\u00edcola, generar\u00e1 empleo y fomentar\u00e1 pr\u00e1cticas que ayuden a mitigar los efectos del cambio clim\u00e1tico. Asimismo, disminuir\u00e1 la dependencia de insumos qu\u00edmicos, priorizando m\u00e9todos sostenibles que beneficien a los productores y al medio ambiente.<\/p>\n<\/div><\/section><\/div><div  style='height:50px' class='hr hr-invisible   avia-builder-el-6  el_after_av_one_full  el_before_av_social_share '><span class='hr-inner ' ><span class='hr-inner-style'><\/span><\/span><\/div><\/p>\n<div  class='av-social-sharing-box  avia-builder-el-7  el_after_av_hr  el_before_av_hr  '><div class='av-share-box'><h5 class='av-share-link-description av-no-toc '>Compartir esta noticia<\/h5><ul class='av-share-box-list noLightbox'><li class='av-share-link av-social-link-facebook' ><a target=\"_blank\" aria-label=\"Compartir en Facebook\" href='https:\/\/www.facebook.com\/sharer.php?u=https:\/\/radiorevelacionfm.cl\/?p=48866&#038;t=Agricultura%20de%20contrato%20en%20Ays%C3%A9n%20y%20Magallanes%3A%20Impulsando%20la%20sostenibilidad%20y%20la%20diversificaci%C3%B3n%20productiva' aria-hidden='false' data-av_icon='\ue8f3' data-av_iconfont='entypo-fontello' title='' data-avia-related-tooltip='Compartir en Facebook' rel=\"noopener\"><span class='avia_hidden_link_text'>Compartir en Facebook<\/span><\/a><\/li><li class='av-share-link av-social-link-twitter' ><a target=\"_blank\" aria-label=\"Compartir en Twitter\" href='https:\/\/twitter.com\/share?text=Agricultura%20de%20contrato%20en%20Ays%C3%A9n%20y%20Magallanes%3A%20Impulsando%20la%20sostenibilidad%20y%20la%20diversificaci%C3%B3n%20productiva&#038;url=https:\/\/radiorevelacionfm.cl\/?p=48866' aria-hidden='false' data-av_icon='\ue8f1' data-av_iconfont='entypo-fontello' title='' data-avia-related-tooltip='Compartir en Twitter' rel=\"noopener\"><span class='avia_hidden_link_text'>Compartir en Twitter<\/span><\/a><\/li><li class='av-share-link av-social-link-whatsapp' ><a target=\"_blank\" aria-label=\"Compartir en Whatsapp\" href='https:\/\/api.whatsapp.com\/send?text=https:\/\/radiorevelacionfm.cl\/?p=48866' aria-hidden='false' data-av_icon='\uf232' data-av_iconfont='entypo-fontello' title='' data-avia-related-tooltip='Compartir en Whatsapp' rel=\"noopener\"><span class='avia_hidden_link_text'>Compartir en Whatsapp<\/span><\/a><\/li><li class='av-share-link av-social-link-linkedin' ><a target=\"_blank\" aria-label=\"Compartir en LinkedIn\" href='https:\/\/linkedin.com\/shareArticle?mini=true&#038;title=Agricultura%20de%20contrato%20en%20Ays%C3%A9n%20y%20Magallanes%3A%20Impulsando%20la%20sostenibilidad%20y%20la%20diversificaci%C3%B3n%20productiva&#038;url=https:\/\/radiorevelacionfm.cl\/?p=48866' aria-hidden='false' data-av_icon='\ue8fc' data-av_iconfont='entypo-fontello' title='' data-avia-related-tooltip='Compartir en LinkedIn' rel=\"noopener\"><span class='avia_hidden_link_text'>Compartir en LinkedIn<\/span><\/a><\/li><li class='av-share-link av-social-link-mail' ><a  aria-label=\"Compartir por correo\" href='mailto:?subject=Agricultura%20de%20contrato%20en%20Ays%C3%A9n%20y%20Magallanes%3A%20Impulsando%20la%20sostenibilidad%20y%20la%20diversificaci%C3%B3n%20productiva&#038;body=https:\/\/radiorevelacionfm.cl\/?p=48866' aria-hidden='false' data-av_icon='\ue805' data-av_iconfont='entypo-fontello' title='' data-avia-related-tooltip='Compartir por correo'><span class='avia_hidden_link_text'>Compartir por correo<\/span><\/a><\/li><\/ul><\/div><\/div>\n<div  style='height:50px' class='hr hr-invisible   avia-builder-el-8  el_after_av_social_share  el_before_av_comments_list '><span class='hr-inner ' ><span class='hr-inner-style'><\/span><\/span><\/div>\n<div  class='av-buildercomment  av-blog-meta-html-info-disabled av-blog-meta-tag-disabled  '><\/div>\n","protected":false},"excerpt":{"rendered":"","protected":false},"author":1,"featured_media":48867,"comment_status":"open","ping_status":"open","sticky":false,"template":"","format":"standard","meta":{"footnotes":""},"categories":[58],"tags":[],"class_list":["post-48866","post","type-post","status-publish","format-standard","has-post-thumbnail","hentry","category-agricultura"],"jetpack_featured_media_url":"https:\/\/radiorevelacionfm.cl\/wp-content\/uploads\/2024\/12\/01-redpro-fotor-20241213114513-1-1_optimized-1.jpg","_links":{"self":[{"href":"https:\/\/radiorevelacionfm.cl\/index.php?rest_route=\/wp\/v2\/posts\/48866","targetHints":{"allow":["GET"]}}],"collection":[{"href":"https:\/\/radiorevelacionfm.cl\/index.php?rest_route=\/wp\/v2\/posts"}],"about":[{"href":"https:\/\/radiorevelacionfm.cl\/index.php?rest_route=\/wp\/v2\/types\/post"}],"author":[{"embeddable":true,"href":"https:\/\/radiorevelacionfm.cl\/index.php?rest_route=\/wp\/v2\/users\/1"}],"replies":[{"embeddable":true,"href":"https:\/\/radiorevelacionfm.cl\/index.php?rest_route=%2Fwp%2Fv2%2Fcomments&post=48866"}],"version-history":[{"count":1,"href":"https:\/\/radiorevelacionfm.cl\/index.php?rest_route=\/wp\/v2\/posts\/48866\/revisions"}],"predecessor-version":[{"id":48868,"href":"https:\/\/radiorevelacionfm.cl\/index.php?rest_route=\/wp\/v2\/posts\/48866\/revisions\/48868"}],"wp:featuredmedia":[{"embeddable":true,"href":"https:\/\/radiorevelacionfm.cl\/index.php?rest_route=\/wp\/v2\/media\/48867"}],"wp:attachment":[{"href":"https:\/\/radiorevelacionfm.cl\/index.php?rest_route=%2Fwp%2Fv2%2Fmedia&parent=48866"}],"wp:term":[{"taxonomy":"category","embeddable":true,"href":"https:\/\/radiorevelacionfm.cl\/index.php?rest_route=%2Fwp%2Fv2%2Fcategories&post=48866"},{"taxonomy":"post_tag","embeddable":true,"href":"https:\/\/radiorevelacionfm.cl\/index.php?rest_route=%2Fwp%2Fv2%2Ftags&post=48866"}],"curies":[{"name":"wp","href":"https:\/\/api.w.org\/{rel}","templated":true}]}}