{"id":48861,"date":"2024-12-13T15:24:23","date_gmt":"2024-12-13T18:24:23","guid":{"rendered":"https:\/\/radiorevelacionfm.cl\/?p=48861"},"modified":"2024-12-13T15:29:50","modified_gmt":"2024-12-13T18:29:50","slug":"transportes-se-refiere-a-pronunciamiento-de-contraloria-por-buses-electricos-de-coyhaique","status":"publish","type":"post","link":"https:\/\/radiorevelacionfm.cl\/?p=48861","title":{"rendered":"Transportes se refiere a pronunciamiento de Contralor\u00eda Regional por buses el\u00e9ctricos de Coyhaique"},"content":{"rendered":"<div class=\"flex_column av_one_full  flex_column_div av-zero-column-padding first  avia-builder-el-0  el_before_av_one_full  avia-builder-el-first  \" style='border-radius:0px; '><div  class='avia-image-container  av-styling-    avia-builder-el-1  avia-builder-el-no-sibling  avia-align-center '  itemprop=\"image\" itemscope=\"itemscope\" itemtype=\"https:\/\/schema.org\/ImageObject\"  ><div class='avia-image-container-inner'><div class='avia-image-overlay-wrap'><img decoding=\"async\" class='wp-image-40867 avia-img-lazy-loading-not-40867 avia_image' src=\"https:\/\/radiorevelacionfm.cl\/wp-content\/uploads\/2024\/03\/buses-electricos-2024-03-27-at-4_optimized.23.45-pm-1-1-1.jpeg\" alt='' title='buses-electricos-2024-03-27-at-4_optimized.23.45-pm-(1)-(1) (1)' height=\"600\" width=\"901\"  itemprop=\"thumbnailUrl\" srcset=\"https:\/\/radiorevelacionfm.cl\/wp-content\/uploads\/2024\/03\/buses-electricos-2024-03-27-at-4_optimized.23.45-pm-1-1-1.jpeg 901w, https:\/\/radiorevelacionfm.cl\/wp-content\/uploads\/2024\/03\/buses-electricos-2024-03-27-at-4_optimized.23.45-pm-1-1-1-300x200.jpeg 300w, https:\/\/radiorevelacionfm.cl\/wp-content\/uploads\/2024\/03\/buses-electricos-2024-03-27-at-4_optimized.23.45-pm-1-1-1-768x511.jpeg 768w, https:\/\/radiorevelacionfm.cl\/wp-content\/uploads\/2024\/03\/buses-electricos-2024-03-27-at-4_optimized.23.45-pm-1-1-1-705x469.jpeg 705w, https:\/\/radiorevelacionfm.cl\/wp-content\/uploads\/2024\/03\/buses-electricos-2024-03-27-at-4_optimized.23.45-pm-1-1-1-450x300.jpeg 450w, https:\/\/radiorevelacionfm.cl\/wp-content\/uploads\/2024\/03\/buses-electricos-2024-03-27-at-4_optimized.23.45-pm-1-1-1-600x400.jpeg 600w\" sizes=\"(max-width: 901px) 100vw, 901px\" \/><\/div><\/div><\/div><\/div>\n<div class=\"flex_column av_one_full  flex_column_div av-zero-column-padding first  avia-builder-el-2  el_after_av_one_full  el_before_av_one_full  column-top-margin\" style='border-radius:0px; '><section class=\"av_textblock_section \"  itemscope=\"itemscope\" itemtype=\"https:\/\/schema.org\/BlogPosting\" itemprop=\"blogPost\" ><div class='avia_textblock  '   itemprop=\"text\" ><p style=\"text-align: center;\"><strong><span style=\"font-size: 18pt;\">Transportes se refiere a pronunciamiento de Contralor\u00eda Regional por buses el\u00e9ctricos de Coyhaique<\/span><\/strong><\/p>\n<div id=\"gtx-trans\" style=\"position: absolute; left: -50px; top: 4.31534px;\">\n<div class=\"gtx-trans-icon\"><\/div>\n<\/div>\n<\/div><\/section><\/div><div class=\"flex_column av_one_full  flex_column_div av-zero-column-padding first  avia-builder-el-4  el_after_av_one_full  el_before_av_hr  column-top-margin\" style='border-radius:0px; '><section class=\"av_textblock_section \"  itemscope=\"itemscope\" itemtype=\"https:\/\/schema.org\/BlogPosting\" itemprop=\"blogPost\" ><div class='avia_textblock  '   itemprop=\"text\" ><p style=\"font-weight: 400; text-align: justify;\">Ante\u00a0el pronunciamiento de\u00a0la Contralor\u00eda\u00a0Regional\u00a0de Ays\u00e9n\u00a0sobre el proyecto de buses el\u00e9ctricos para Coyhaique,\u00a0como seremi\u00a0de Transportes y Telecomunicaciones (MTT)\u00a0queremos aclarar\u00a0que este documento hace referencia al convenio de transferencia de recursos desde el\u00a0Gobierno Regional al Ministerio de Transportes y\u00a0 Telecomunicaciones,\u00a0acto administrativo elaborado desde el propio estamento regional.\u00a0 En este sentido,\u00a0el MTT\u00a0cumpli\u00f3 con un rol de asesor\u00eda y acompa\u00f1amiento en la parte t\u00e9cnica.<\/p>\n<p style=\"font-weight: 400; text-align: justify;\">Recordemos que Coyhaique es la \u00fanica capital regional que no cuenta con un sistema de transporte p\u00fablico mayor y que existen varias zonas residenciales de la ciudad que no tienen acceso a taxis colectivos, la \u00fanica forma de conectividad urbana existente a la fecha. La transferencia de recursos del Gobierno Regional corresponde a un 38% de la inversi\u00f3n que requiere el proyecto, el que ser\u00e1 cofinanciado con el Ministerio de Transportes y Telecomunicaciones por una suma total de m\u00e1s de 40 mil millones de pesos.<\/p>\n<p style=\"font-weight: 400; text-align: justify;\">La\u00a0Contralor\u00eda, en su rol fiscalizador y de control en el uso de los fondos p\u00fablicos durante el an\u00e1lisis del convenio de transferencia, ha observado ciertos aspectos formales que pueden resolverse por la v\u00eda administrativa. Por ello,\u00a0 esperamos que el Gobierno Regional pueda clarificar las leg\u00edtimas dudas del organismo contralor a fin de proseguir con la tramitaci\u00f3n del proyecto.<\/p>\n<p style=\"font-weight: 400; text-align: justify;\">La puesta en marcha del primer transporte regulado para la regi\u00f3n de Ays\u00e9n no s\u00f3lo es una meta de\u00a0nuestro\u00a0Gobierno, sino tambi\u00e9n ser\u00e1 un hito para el desarrollo regional, porque entendemos que la falta de conectividad urbana es una brecha importante en la calidad de vida para muchos habitantes de Coyhaique.<\/p>\n<p style=\"font-weight: 400; text-align: justify;\">Como Ministerio que vela por la conectividad, manifestamos plena disposici\u00f3n para trabajar con la nueva administraci\u00f3n regional, para que subsane, como entidad financiera, las observaciones que Contralor\u00eda est\u00e1 representando.<\/p>\n<\/div><\/section><\/div><\/p>\n<div  style='height:50px' class='hr hr-invisible   avia-builder-el-6  el_after_av_one_full  el_before_av_social_share '><span class='hr-inner ' ><span class='hr-inner-style'><\/span><\/span><\/div>\n<div  class='av-social-sharing-box  avia-builder-el-7  el_after_av_hr  el_before_av_hr  '><div class='av-share-box'><h5 class='av-share-link-description av-no-toc '>Compartir esta noticia<\/h5><ul class='av-share-box-list noLightbox'><li class='av-share-link av-social-link-facebook' ><a target=\"_blank\" aria-label=\"Compartir en Facebook\" href='https:\/\/www.facebook.com\/sharer.php?u=https:\/\/radiorevelacionfm.cl\/?p=48861&#038;t=Transportes%20se%20refiere%20a%20pronunciamiento%20de%20Contralor%C3%ADa%20Regional%20por%20buses%20el%C3%A9ctricos%20de%20Coyhaique' aria-hidden='false' data-av_icon='\ue8f3' data-av_iconfont='entypo-fontello' title='' data-avia-related-tooltip='Compartir en Facebook' rel=\"noopener\"><span class='avia_hidden_link_text'>Compartir en Facebook<\/span><\/a><\/li><li class='av-share-link av-social-link-twitter' ><a target=\"_blank\" aria-label=\"Compartir en Twitter\" href='https:\/\/twitter.com\/share?text=Transportes%20se%20refiere%20a%20pronunciamiento%20de%20Contralor%C3%ADa%20Regional%20por%20buses%20el%C3%A9ctricos%20de%20Coyhaique&#038;url=https:\/\/radiorevelacionfm.cl\/?p=48861' aria-hidden='false' data-av_icon='\ue8f1' data-av_iconfont='entypo-fontello' title='' data-avia-related-tooltip='Compartir en Twitter' rel=\"noopener\"><span class='avia_hidden_link_text'>Compartir en Twitter<\/span><\/a><\/li><li class='av-share-link av-social-link-whatsapp' ><a target=\"_blank\" aria-label=\"Compartir en Whatsapp\" href='https:\/\/api.whatsapp.com\/send?text=https:\/\/radiorevelacionfm.cl\/?p=48861' aria-hidden='false' data-av_icon='\uf232' data-av_iconfont='entypo-fontello' title='' data-avia-related-tooltip='Compartir en Whatsapp' rel=\"noopener\"><span class='avia_hidden_link_text'>Compartir en Whatsapp<\/span><\/a><\/li><li class='av-share-link av-social-link-linkedin' ><a target=\"_blank\" aria-label=\"Compartir en LinkedIn\" href='https:\/\/linkedin.com\/shareArticle?mini=true&#038;title=Transportes%20se%20refiere%20a%20pronunciamiento%20de%20Contralor%C3%ADa%20Regional%20por%20buses%20el%C3%A9ctricos%20de%20Coyhaique&#038;url=https:\/\/radiorevelacionfm.cl\/?p=48861' aria-hidden='false' data-av_icon='\ue8fc' data-av_iconfont='entypo-fontello' title='' data-avia-related-tooltip='Compartir en LinkedIn' rel=\"noopener\"><span class='avia_hidden_link_text'>Compartir en LinkedIn<\/span><\/a><\/li><li class='av-share-link av-social-link-mail' ><a  aria-label=\"Compartir por correo\" href='mailto:?subject=Transportes%20se%20refiere%20a%20pronunciamiento%20de%20Contralor%C3%ADa%20Regional%20por%20buses%20el%C3%A9ctricos%20de%20Coyhaique&#038;body=https:\/\/radiorevelacionfm.cl\/?p=48861' aria-hidden='false' data-av_icon='\ue805' data-av_iconfont='entypo-fontello' title='' data-avia-related-tooltip='Compartir por correo'><span class='avia_hidden_link_text'>Compartir por correo<\/span><\/a><\/li><\/ul><\/div><\/div>\n<div  style='height:50px' class='hr hr-invisible   avia-builder-el-8  el_after_av_social_share  el_before_av_comments_list '><span class='hr-inner ' ><span class='hr-inner-style'><\/span><\/span><\/div>\n<div  class='av-buildercomment  av-blog-meta-html-info-disabled av-blog-meta-tag-disabled  '><\/div>\n","protected":false},"excerpt":{"rendered":"","protected":false},"author":1,"featured_media":40867,"comment_status":"open","ping_status":"open","sticky":false,"template":"","format":"standard","meta":{"footnotes":""},"categories":[59],"tags":[],"class_list":["post-48861","post","type-post","status-publish","format-standard","has-post-thumbnail","hentry","category-transporte"],"jetpack_featured_media_url":"https:\/\/radiorevelacionfm.cl\/wp-content\/uploads\/2024\/03\/buses-electricos-2024-03-27-at-4_optimized.23.45-pm-1-1-1.jpeg","_links":{"self":[{"href":"https:\/\/radiorevelacionfm.cl\/index.php?rest_route=\/wp\/v2\/posts\/48861","targetHints":{"allow":["GET"]}}],"collection":[{"href":"https:\/\/radiorevelacionfm.cl\/index.php?rest_route=\/wp\/v2\/posts"}],"about":[{"href":"https:\/\/radiorevelacionfm.cl\/index.php?rest_route=\/wp\/v2\/types\/post"}],"author":[{"embeddable":true,"href":"https:\/\/radiorevelacionfm.cl\/index.php?rest_route=\/wp\/v2\/users\/1"}],"replies":[{"embeddable":true,"href":"https:\/\/radiorevelacionfm.cl\/index.php?rest_route=%2Fwp%2Fv2%2Fcomments&post=48861"}],"version-history":[{"count":3,"href":"https:\/\/radiorevelacionfm.cl\/index.php?rest_route=\/wp\/v2\/posts\/48861\/revisions"}],"predecessor-version":[{"id":48873,"href":"https:\/\/radiorevelacionfm.cl\/index.php?rest_route=\/wp\/v2\/posts\/48861\/revisions\/48873"}],"wp:featuredmedia":[{"embeddable":true,"href":"https:\/\/radiorevelacionfm.cl\/index.php?rest_route=\/wp\/v2\/media\/40867"}],"wp:attachment":[{"href":"https:\/\/radiorevelacionfm.cl\/index.php?rest_route=%2Fwp%2Fv2%2Fmedia&parent=48861"}],"wp:term":[{"taxonomy":"category","embeddable":true,"href":"https:\/\/radiorevelacionfm.cl\/index.php?rest_route=%2Fwp%2Fv2%2Fcategories&post=48861"},{"taxonomy":"post_tag","embeddable":true,"href":"https:\/\/radiorevelacionfm.cl\/index.php?rest_route=%2Fwp%2Fv2%2Ftags&post=48861"}],"curies":[{"name":"wp","href":"https:\/\/api.w.org\/{rel}","templated":true}]}}