{"id":4886,"date":"2021-06-03T22:35:49","date_gmt":"2021-06-04T01:35:49","guid":{"rendered":"https:\/\/radiorevelacionfm.cl\/?p=4886"},"modified":"2021-06-03T22:35:49","modified_gmt":"2021-06-04T01:35:49","slug":"dia-mundial-de-la-bicicleta-carabineros-enfatizo-en-la-seguridad-y-respeto-a-los-ciclistas-en-las-vias","status":"publish","type":"post","link":"https:\/\/radiorevelacionfm.cl\/?p=4886","title":{"rendered":"D\u00eda Mundial de la Bicicleta: Carabineros enfatiz\u00f3 en la seguridad y respeto a los ciclistas en las v\u00edas"},"content":{"rendered":"<div class=\"flex_column av_one_full  flex_column_div av-zero-column-padding first  avia-builder-el-0  el_before_av_one_full  avia-builder-el-first  \" style='border-radius:0px; '><div  class='avia-image-container  av-styling-    avia-builder-el-1  avia-builder-el-no-sibling  avia-align-center '  itemprop=\"image\" itemscope=\"itemscope\" itemtype=\"https:\/\/schema.org\/ImageObject\"  ><div class='avia-image-container-inner'><div class='avia-image-overlay-wrap'><img decoding=\"async\" class='wp-image-4887 avia-img-lazy-loading-not-4887 avia_image' src=\"https:\/\/radiorevelacionfm.cl\/wp-content\/uploads\/2021\/06\/Dia-de-la-Bicicleta-1-1.jpg\" alt='' title='Dia de la Bicicleta (1) (1)' height=\"600\" width=\"942\"  itemprop=\"thumbnailUrl\" srcset=\"https:\/\/radiorevelacionfm.cl\/wp-content\/uploads\/2021\/06\/Dia-de-la-Bicicleta-1-1.jpg 942w, https:\/\/radiorevelacionfm.cl\/wp-content\/uploads\/2021\/06\/Dia-de-la-Bicicleta-1-1-300x191.jpg 300w, https:\/\/radiorevelacionfm.cl\/wp-content\/uploads\/2021\/06\/Dia-de-la-Bicicleta-1-1-768x489.jpg 768w, https:\/\/radiorevelacionfm.cl\/wp-content\/uploads\/2021\/06\/Dia-de-la-Bicicleta-1-1-705x449.jpg 705w, https:\/\/radiorevelacionfm.cl\/wp-content\/uploads\/2021\/06\/Dia-de-la-Bicicleta-1-1-600x382.jpg 600w\" sizes=\"(max-width: 942px) 100vw, 942px\" \/><\/div><\/div><\/div><\/div><div class=\"flex_column av_one_full  flex_column_div av-zero-column-padding first  avia-builder-el-2  el_after_av_one_full  el_before_av_one_full  column-top-margin\" style='border-radius:0px; '><section class=\"av_textblock_section \"  itemscope=\"itemscope\" itemtype=\"https:\/\/schema.org\/BlogPosting\" itemprop=\"blogPost\" ><div class='avia_textblock  '   itemprop=\"text\" ><p style=\"text-align: center;\"><strong><span style=\"font-size: 18pt;\">D\u00eda Mundial de la Bicicleta: Carabineros enfatiz\u00f3 en la seguridad y respeto a los ciclistas en las v\u00edas<\/span><\/strong><\/p>\n<div id=\"gtx-trans\" style=\"position: absolute; left: -50px; top: 4.31534px;\">\n<div class=\"gtx-trans-icon\"><\/div>\n<\/div>\n<\/div><\/section><\/div><div class=\"flex_column av_one_full  flex_column_div av-zero-column-padding first  avia-builder-el-4  el_after_av_one_full  el_before_av_hr  column-top-margin\" style='border-radius:0px; '><section class=\"av_textblock_section \"  itemscope=\"itemscope\" itemtype=\"https:\/\/schema.org\/BlogPosting\" itemprop=\"blogPost\" ><div class='avia_textblock  '   itemprop=\"text\" ><p class=\"v1MsoNormal\" style=\"text-align: justify;\">El creciente uso de la bicicleta como medio de transporte y recreativo, se ha convertido en el s\u00edmbolo de una sociedad que avanza hacia un mundo verde, que lucha contra el cambio clim\u00e1tico y la descontaminaci\u00f3n, lo cual llev\u00f3 a las Naciones Unidas el a\u00f1o 2018 a fijar el 3 de junio como el D\u00eda Mundial de la Bicicleta.<\/p>\n<p class=\"v1MsoNormal\" style=\"text-align: justify;\">Para muchos se trata de la pasi\u00f3n por el equilibrio, a trav\u00e9s de un noble medio de transporte no contaminante y que permite hacer ejercicio contribuyendo a mantener un buen estado de salud y un mejor bienestar de las personas.<\/p>\n<p class=\"v1MsoNormal\" style=\"text-align: justify;\"><b>Convivencia de modos<\/b><\/p>\n<p class=\"v1MsoNormal\" style=\"text-align: justify;\">Carabineros a trav\u00e9s de la Secci\u00f3n de Investigaci\u00f3n de Accidentes de Tr\u00e1nsito (SIAT) destac\u00f3 que la bicicleta comparte espacio con otros veh\u00edculos de mayor tama\u00f1o, lo cual implica adoptar determinados resguardos para la prevenci\u00f3n de accidentes y sana convivencia en las v\u00edas.<\/p>\n<p class=\"v1MsoNormal\" style=\"text-align: justify;\">En tal sentido, el Teniente Pablo Obreque, Oficial SIAT, indic\u00f3 que la ley de convivencia de modos permiti\u00f3 normar la convivencia entre bicicletas, motocicletas y veh\u00edculos mayores.<\/p>\n<p class=\"v1MsoNormal\" style=\"text-align: justify;\">\u00abAl no poseer carrocer\u00eda la estructura del veh\u00edculo, el hecho de sufrir un accidente, las consecuencias van a ser mucho peor para el ciclista que para una persona que se encuentra protegida dentro del habit\u00e1culo de un veh\u00edculo\u00bb, indic\u00f3.<\/p>\n<p class=\"v1MsoNormal\" style=\"text-align: justify;\">Con la finalidad de prevenir accidentes, es necesario utilizar determinados elementos de seguridad como son el casco, cuyo uso es obligatorio en v\u00edas urbanas y rurales, adem\u00e1s de elementos reflectantes, posibilitando el ser visible para otros conductores.<\/p>\n<p class=\"v1MsoNormal\" style=\"text-align: justify;\">De igual forma la proyecci\u00f3n de luces rojas en la parte posterior y blancas o amarillas hacia adelante, son elementos fundamentales para transitar durante la noche o en momentos de escasa luminosidad.<\/p>\n<p class=\"v1MsoNormal\" style=\"text-align: justify;\">\u00abEs importante recalcar la obligatoriedad que tienen los conductores de respetar 1,5 metros de distancia respecto a la bicicleta, lo cual corresponde al entorno de seguridad que deben tener estos conductores para evitar o disminuir la incidencia u ocurrencia de accidentes en el tr\u00e1nsito\u00bb, expres\u00f3 el Teniente Obreque.<\/p>\n<p class=\"v1MsoNormal\" style=\"text-align: justify;\"><b>Evita distracciones<\/b><\/p>\n<p class=\"v1MsoNormal\" style=\"text-align: justify;\">Asimismo es importante no transportar a m\u00e1s personas o llevar objetos que afecten el equilibrio, junto con evitar sujetarse a otros veh\u00edculos en movimientos.<\/p>\n<p class=\"v1MsoNormal\" style=\"text-align: justify;\">Una correcta revisi\u00f3n de las partes mec\u00e1nicas y del sistema de frenos, permitir\u00e1 detenerse en el momento oportuno.<\/p>\n<p class=\"v1MsoNormal\" style=\"text-align: justify;\">El Oficial a\u00f1adi\u00f3 que los ciclistas deben ir en todo momento atentos a la condiciones del tr\u00e1nsito, evitando utilizar aud\u00edfonos u elementos distractores que puedan derivar en alguna ca\u00edda, atropello, colisi\u00f3n, choque u otro tipo de accidente.<\/p>\n<p style=\"text-align: justify;\">Dada las caracter\u00edsticas de la bicicleta, su versatilidad y agilidad, esta ha sido igualmente incorporada por Carabineros para sus patrullajes, toda vez que posee la capacidad de recorrer una distancia de 35 km en un turno de ocho horas, otorgando una ventaja superior y mayor agilidad respecto de un patrullaje de infanter\u00eda, lo que posibilita una capacidad de reacci\u00f3n mucho m\u00e1s r\u00e1pida y amigable con la comunidad y el visitante en lo que respecta a la prevenci\u00f3n del delito, al tratarse de un carabinero visible, cercano e integrado a la comunidad.<\/p>\n<\/div><\/section><\/div><div  style='height:50px' class='hr hr-invisible   avia-builder-el-6  el_after_av_one_full  el_before_av_social_share '><span class='hr-inner ' ><span class='hr-inner-style'><\/span><\/span><\/div><\/p>\n<div  class='av-social-sharing-box  avia-builder-el-7  el_after_av_hr  el_before_av_hr  '><div class='av-share-box'><h5 class='av-share-link-description av-no-toc '>Compartir esta noticia<\/h5><ul class='av-share-box-list noLightbox'><li class='av-share-link av-social-link-facebook' ><a target=\"_blank\" aria-label=\"Compartir en Facebook\" href='https:\/\/www.facebook.com\/sharer.php?u=https:\/\/radiorevelacionfm.cl\/?p=4886&#038;t=D%C3%ADa%20Mundial%20de%20la%20Bicicleta%3A%20Carabineros%20enfatiz%C3%B3%20en%20la%20seguridad%20y%20respeto%20a%20los%20ciclistas%20en%20las%20v%C3%ADas' aria-hidden='false' data-av_icon='\ue8f3' data-av_iconfont='entypo-fontello' title='' data-avia-related-tooltip='Compartir en Facebook' rel=\"noopener\"><span class='avia_hidden_link_text'>Compartir en Facebook<\/span><\/a><\/li><li class='av-share-link av-social-link-twitter' ><a target=\"_blank\" aria-label=\"Compartir en Twitter\" href='https:\/\/twitter.com\/share?text=D%C3%ADa%20Mundial%20de%20la%20Bicicleta%3A%20Carabineros%20enfatiz%C3%B3%20en%20la%20seguridad%20y%20respeto%20a%20los%20ciclistas%20en%20las%20v%C3%ADas&#038;url=https:\/\/radiorevelacionfm.cl\/?p=4886' aria-hidden='false' data-av_icon='\ue8f1' data-av_iconfont='entypo-fontello' title='' data-avia-related-tooltip='Compartir en Twitter' rel=\"noopener\"><span class='avia_hidden_link_text'>Compartir en Twitter<\/span><\/a><\/li><li class='av-share-link av-social-link-whatsapp' ><a target=\"_blank\" aria-label=\"Compartir en Whatsapp\" href='https:\/\/api.whatsapp.com\/send?text=https:\/\/radiorevelacionfm.cl\/?p=4886' aria-hidden='false' data-av_icon='\uf232' data-av_iconfont='entypo-fontello' title='' data-avia-related-tooltip='Compartir en Whatsapp' rel=\"noopener\"><span class='avia_hidden_link_text'>Compartir en Whatsapp<\/span><\/a><\/li><li class='av-share-link av-social-link-linkedin' ><a target=\"_blank\" aria-label=\"Compartir en LinkedIn\" href='https:\/\/linkedin.com\/shareArticle?mini=true&#038;title=D%C3%ADa%20Mundial%20de%20la%20Bicicleta%3A%20Carabineros%20enfatiz%C3%B3%20en%20la%20seguridad%20y%20respeto%20a%20los%20ciclistas%20en%20las%20v%C3%ADas&#038;url=https:\/\/radiorevelacionfm.cl\/?p=4886' aria-hidden='false' data-av_icon='\ue8fc' data-av_iconfont='entypo-fontello' title='' data-avia-related-tooltip='Compartir en LinkedIn' rel=\"noopener\"><span class='avia_hidden_link_text'>Compartir en LinkedIn<\/span><\/a><\/li><li class='av-share-link av-social-link-mail' ><a  aria-label=\"Compartir por correo\" href='mailto:?subject=D%C3%ADa%20Mundial%20de%20la%20Bicicleta%3A%20Carabineros%20enfatiz%C3%B3%20en%20la%20seguridad%20y%20respeto%20a%20los%20ciclistas%20en%20las%20v%C3%ADas&#038;body=https:\/\/radiorevelacionfm.cl\/?p=4886' aria-hidden='false' data-av_icon='\ue805' data-av_iconfont='entypo-fontello' title='' data-avia-related-tooltip='Compartir por correo'><span class='avia_hidden_link_text'>Compartir por correo<\/span><\/a><\/li><\/ul><\/div><\/div>\n<div  style='height:50px' class='hr hr-invisible   avia-builder-el-8  el_after_av_social_share  el_before_av_comments_list '><span class='hr-inner ' ><span class='hr-inner-style'><\/span><\/span><\/div>\n<div  class='av-buildercomment  av-blog-meta-html-info-disabled av-blog-meta-tag-disabled  '><\/div>\n","protected":false},"excerpt":{"rendered":"","protected":false},"author":1,"featured_media":4887,"comment_status":"open","ping_status":"open","sticky":false,"template":"","format":"standard","meta":{"footnotes":""},"categories":[36],"tags":[],"class_list":["post-4886","post","type-post","status-publish","format-standard","has-post-thumbnail","hentry","category-policial"],"jetpack_featured_media_url":"https:\/\/radiorevelacionfm.cl\/wp-content\/uploads\/2021\/06\/Dia-de-la-Bicicleta-1-1.jpg","_links":{"self":[{"href":"https:\/\/radiorevelacionfm.cl\/index.php?rest_route=\/wp\/v2\/posts\/4886","targetHints":{"allow":["GET"]}}],"collection":[{"href":"https:\/\/radiorevelacionfm.cl\/index.php?rest_route=\/wp\/v2\/posts"}],"about":[{"href":"https:\/\/radiorevelacionfm.cl\/index.php?rest_route=\/wp\/v2\/types\/post"}],"author":[{"embeddable":true,"href":"https:\/\/radiorevelacionfm.cl\/index.php?rest_route=\/wp\/v2\/users\/1"}],"replies":[{"embeddable":true,"href":"https:\/\/radiorevelacionfm.cl\/index.php?rest_route=%2Fwp%2Fv2%2Fcomments&post=4886"}],"version-history":[{"count":1,"href":"https:\/\/radiorevelacionfm.cl\/index.php?rest_route=\/wp\/v2\/posts\/4886\/revisions"}],"predecessor-version":[{"id":4888,"href":"https:\/\/radiorevelacionfm.cl\/index.php?rest_route=\/wp\/v2\/posts\/4886\/revisions\/4888"}],"wp:featuredmedia":[{"embeddable":true,"href":"https:\/\/radiorevelacionfm.cl\/index.php?rest_route=\/wp\/v2\/media\/4887"}],"wp:attachment":[{"href":"https:\/\/radiorevelacionfm.cl\/index.php?rest_route=%2Fwp%2Fv2%2Fmedia&parent=4886"}],"wp:term":[{"taxonomy":"category","embeddable":true,"href":"https:\/\/radiorevelacionfm.cl\/index.php?rest_route=%2Fwp%2Fv2%2Fcategories&post=4886"},{"taxonomy":"post_tag","embeddable":true,"href":"https:\/\/radiorevelacionfm.cl\/index.php?rest_route=%2Fwp%2Fv2%2Ftags&post=4886"}],"curies":[{"name":"wp","href":"https:\/\/api.w.org\/{rel}","templated":true}]}}