{"id":48858,"date":"2024-12-13T11:35:48","date_gmt":"2024-12-13T14:35:48","guid":{"rendered":"https:\/\/radiorevelacionfm.cl\/?p=48858"},"modified":"2024-12-13T11:35:48","modified_gmt":"2024-12-13T14:35:48","slug":"directores-y-directoras-de-la-region-de-aysen-reafirman-su-compromiso-con-la-educacion-publica","status":"publish","type":"post","link":"https:\/\/radiorevelacionfm.cl\/?p=48858","title":{"rendered":"Directores y directoras de la regi\u00f3n de Ays\u00e9n reafirman su compromiso con la Educaci\u00f3n P\u00fablica"},"content":{"rendered":"<div class=\"flex_column av_one_full  flex_column_div av-zero-column-padding first  avia-builder-el-0  el_before_av_one_full  avia-builder-el-first  \" style='border-radius:0px; '><div  class='avia-image-container  av-styling-    avia-builder-el-1  avia-builder-el-no-sibling  avia-align-center '  itemprop=\"image\" itemscope=\"itemscope\" itemtype=\"https:\/\/schema.org\/ImageObject\"  ><div class='avia-image-container-inner'><div class='avia-image-overlay-wrap'><img decoding=\"async\" class='wp-image-48859 avia-img-lazy-loading-not-48859 avia_image' src=\"https:\/\/radiorevelacionfm.cl\/wp-content\/uploads\/2024\/12\/03-6-1-1.jpeg\" alt='' title='03 (6) (1) (1)' height=\"600\" width=\"1066\"  itemprop=\"thumbnailUrl\" srcset=\"https:\/\/radiorevelacionfm.cl\/wp-content\/uploads\/2024\/12\/03-6-1-1.jpeg 1066w, https:\/\/radiorevelacionfm.cl\/wp-content\/uploads\/2024\/12\/03-6-1-1-300x169.jpeg 300w, https:\/\/radiorevelacionfm.cl\/wp-content\/uploads\/2024\/12\/03-6-1-1-1030x580.jpeg 1030w, https:\/\/radiorevelacionfm.cl\/wp-content\/uploads\/2024\/12\/03-6-1-1-768x432.jpeg 768w, https:\/\/radiorevelacionfm.cl\/wp-content\/uploads\/2024\/12\/03-6-1-1-705x397.jpeg 705w, https:\/\/radiorevelacionfm.cl\/wp-content\/uploads\/2024\/12\/03-6-1-1-450x253.jpeg 450w, https:\/\/radiorevelacionfm.cl\/wp-content\/uploads\/2024\/12\/03-6-1-1-600x338.jpeg 600w\" sizes=\"(max-width: 1066px) 100vw, 1066px\" \/><\/div><\/div><\/div><\/div><div class=\"flex_column av_one_full  flex_column_div av-zero-column-padding first  avia-builder-el-2  el_after_av_one_full  el_before_av_one_full  column-top-margin\" style='border-radius:0px; '><section class=\"av_textblock_section \"  itemscope=\"itemscope\" itemtype=\"https:\/\/schema.org\/BlogPosting\" itemprop=\"blogPost\" ><div class='avia_textblock  '   itemprop=\"text\" ><p style=\"text-align: center;\"><span style=\"font-size: 18pt;\"><strong>Directores y directoras de la regi\u00f3n de Ays\u00e9n reafirman su compromiso con la Educaci\u00f3n P\u00fablica<\/strong><\/span><\/p>\n<div id=\"gtx-trans\" style=\"position: absolute; left: -50px; top: 4.31534px;\">\n<div class=\"gtx-trans-icon\"><\/div>\n<\/div>\n<\/div><\/section><\/div><div class=\"flex_column av_one_full  flex_column_div av-zero-column-padding first  avia-builder-el-4  el_after_av_one_full  el_before_av_hr  column-top-margin\" style='border-radius:0px; '><section class=\"av_textblock_section \"  itemscope=\"itemscope\" itemtype=\"https:\/\/schema.org\/BlogPosting\" itemprop=\"blogPost\" ><div class='avia_textblock  '   itemprop=\"text\" ><p style=\"text-align: justify;\">Con el prop\u00f3sito de trabajar juntos en el presente y futuro de la educaci\u00f3n p\u00fablica del territorio, los directores y directoras de la Escuela V\u00edctor Domingo Silva de (Coyhaique) y los liceos Bicentenarios Cerro Castillo (Rio Ib\u00e1\u00f1ez), Austral Lord Cochrane (Cochrane) y Bicentenario Luisa Rabanal Palma de (Chile Chico) se reunieron con el director (s) de la Direcci\u00f3n de Educaci\u00f3n P\u00fablica, Patricio Leiva, y el director ejecutivo del Servicio Local Ays\u00e9n, Sebasti\u00e1n Gonz\u00e1lez y jefaturas de la DEP.<\/p>\n<p style=\"text-align: justify;\">El encuentro llevado a cabo en Santiago, en dependencias de la Direcci\u00f3n de Educaci\u00f3n P\u00fablica, tuvo como intenci\u00f3n conocer el trabajo de la Direcci\u00f3n de Educaci\u00f3n P\u00fablica y los efectos positivos del sistema, analizando\u00a0 juntos lo que ha sido el desarrollo del trabajo del Servicio Local, luego de casi un a\u00f1o de administraci\u00f3n de los jardines, escuelas y liceos de las comunas de Coyhaique, Ays\u00e9n, Ib\u00e1\u00f1ez, Chile Chico, Cochrane, Tortel, O\u2019Higgins, Cisnes, Lago Verde y Guaitecas, entregando servicio educacional a m\u00e1s de diez mil estudiantes pertenecientes a 66 establecimientos educacionales en la regi\u00f3n de Ays\u00e9n.<\/p>\n<p style=\"text-align: justify;\">Patricio Leiva, director (s) de la DEP coment\u00f3 <em>\u201cNos hemos reunido con el director del SLEP Ays\u00e9n junto a cinco directores y directoras de establecimientos de la regi\u00f3n, quienes nos plantearon sus preocupaciones, pero tambi\u00e9n sus intereses, buenas experiencias y posibilidades de desarrollo desde sus mismas escuelas. Lo importante es que pudimos lograr una visi\u00f3n bastante positiva desde los territorios que nos invita a realizar mejoras claves en los procesos para continuar con la implementaci\u00f3n de los Servicios Locales\u201d. <\/em><\/p>\n<p style=\"text-align: justify;\">Por su parte, Sebasti\u00e1n Gonz\u00e1lez, director ejecutivo del Servicio Local Ays\u00e9n, destac\u00f3 lo positivo del encuentro \u201cFrente a este primer a\u00f1o de traspaso, exist\u00eda la necesidad de que directores y directoras de nuestros establecimientos pudieran hacer un balance y dar a conocer como han percibido este traspaso a la educaci\u00f3n p\u00fablica y justamente hoy hemos podido tener una reuni\u00f3n muy fruct\u00edfera con la intenci\u00f3n de escuchar a quienes se encuentran liderando la nueva educaci\u00f3n p\u00fablica y est\u00e1n a diario con nuestros estudiantes. Es muy importante que la voz de ellas y ellos sea escuchada y a partir de ah\u00ed poder continuar trabajando en pro del aprendizaje de todos los ni\u00f1os, ni\u00f1as, j\u00f3venes y adultos de nuestra regi\u00f3n\u201d.<\/p>\n<p style=\"text-align: justify;\">Adem\u00e1s, en la cita, Alexis Moreira, jefe de la Divisi\u00f3n de Desarrollo Educativo de la Direcci\u00f3n de Educaci\u00f3n P\u00fablica, dio a conocer el trabajo de su departamento y como este contribuye al trabajo de los directores y directoras de los establecimientos educacionales de las 10 comunas que son parte del Servicio Local. Adem\u00e1s, el encuentro permiti\u00f3 conocer las inquietudes de los directores y directoras de estos establecimientos con el fin de trabajar juntos en pro de la educaci\u00f3n p\u00fablica del territorio.<\/p>\n<p style=\"text-align: justify;\">Valko D\u00faran, director del Liceo Bicentenario Luisa Rabanal Palma de la comuna de Chile Chico, coment\u00f3 contar con una visi\u00f3n positiva del proceso desarrollado por el SLEP Ays\u00e9n. <em>\u201cComo todo proceso, hemos contado con contingencias, pero creemos que el saldo ha sido positivo. Esta visita, obedece a ciertos planteamientos que hemos tenido como directores(as) del territorio. Adem\u00e1s, conocer la din\u00e1mica de la instalaci\u00f3n del proceso y temas presupuestarios, algo que es muy importante para nosotros.<\/em> Tambi\u00e9n, poder vislumbrar el futuro y dar a conocer las realidades de nuestra regi\u00f3n, las que son particulares y distintas al resto del pa\u00eds\u201d.<\/p>\n<p style=\"text-align: justify;\">Erika Salinas, directora del Liceo Austral Lord Cochrane, parte de la comuna de \u00a0Cochrane \u201cSin duda, esta es una super buena instancia para que nosotros directores de establecimientos podamos expresar nuestras necesidades y a que a partir de eso se nos pueda otorgar soluciones, que sabemos que no ser\u00e1n en el corto plazo, pero sin embargo, sabemos que esta la disposici\u00f3n para colaborar y ayudarnos, ya que finalmente somos nosotros quienes trabajamos junto a las y los estudiantes y todas las comunidades educativas\u201d.<\/p>\n<\/div><\/section><\/div><div  style='height:50px' class='hr hr-invisible   avia-builder-el-6  el_after_av_one_full  el_before_av_social_share '><span class='hr-inner ' ><span class='hr-inner-style'><\/span><\/span><\/div><\/p>\n<div  class='av-social-sharing-box  avia-builder-el-7  el_after_av_hr  el_before_av_hr  '><div class='av-share-box'><h5 class='av-share-link-description av-no-toc '>Compartir esta noticia<\/h5><ul class='av-share-box-list noLightbox'><li class='av-share-link av-social-link-facebook' ><a target=\"_blank\" aria-label=\"Compartir en Facebook\" href='https:\/\/www.facebook.com\/sharer.php?u=https:\/\/radiorevelacionfm.cl\/?p=48858&#038;t=Directores%20y%20directoras%20de%20la%20regi%C3%B3n%20de%20Ays%C3%A9n%20reafirman%20su%20compromiso%20con%20la%20Educaci%C3%B3n%20P%C3%BAblica' aria-hidden='false' data-av_icon='\ue8f3' data-av_iconfont='entypo-fontello' title='' data-avia-related-tooltip='Compartir en Facebook' rel=\"noopener\"><span class='avia_hidden_link_text'>Compartir en Facebook<\/span><\/a><\/li><li class='av-share-link av-social-link-twitter' ><a target=\"_blank\" aria-label=\"Compartir en Twitter\" href='https:\/\/twitter.com\/share?text=Directores%20y%20directoras%20de%20la%20regi%C3%B3n%20de%20Ays%C3%A9n%20reafirman%20su%20compromiso%20con%20la%20Educaci%C3%B3n%20P%C3%BAblica&#038;url=https:\/\/radiorevelacionfm.cl\/?p=48858' aria-hidden='false' data-av_icon='\ue8f1' data-av_iconfont='entypo-fontello' title='' data-avia-related-tooltip='Compartir en Twitter' rel=\"noopener\"><span class='avia_hidden_link_text'>Compartir en Twitter<\/span><\/a><\/li><li class='av-share-link av-social-link-whatsapp' ><a target=\"_blank\" aria-label=\"Compartir en Whatsapp\" href='https:\/\/api.whatsapp.com\/send?text=https:\/\/radiorevelacionfm.cl\/?p=48858' aria-hidden='false' data-av_icon='\uf232' data-av_iconfont='entypo-fontello' title='' data-avia-related-tooltip='Compartir en Whatsapp' rel=\"noopener\"><span class='avia_hidden_link_text'>Compartir en Whatsapp<\/span><\/a><\/li><li class='av-share-link av-social-link-linkedin' ><a target=\"_blank\" aria-label=\"Compartir en LinkedIn\" href='https:\/\/linkedin.com\/shareArticle?mini=true&#038;title=Directores%20y%20directoras%20de%20la%20regi%C3%B3n%20de%20Ays%C3%A9n%20reafirman%20su%20compromiso%20con%20la%20Educaci%C3%B3n%20P%C3%BAblica&#038;url=https:\/\/radiorevelacionfm.cl\/?p=48858' aria-hidden='false' data-av_icon='\ue8fc' data-av_iconfont='entypo-fontello' title='' data-avia-related-tooltip='Compartir en LinkedIn' rel=\"noopener\"><span class='avia_hidden_link_text'>Compartir en LinkedIn<\/span><\/a><\/li><li class='av-share-link av-social-link-mail' ><a  aria-label=\"Compartir por correo\" href='mailto:?subject=Directores%20y%20directoras%20de%20la%20regi%C3%B3n%20de%20Ays%C3%A9n%20reafirman%20su%20compromiso%20con%20la%20Educaci%C3%B3n%20P%C3%BAblica&#038;body=https:\/\/radiorevelacionfm.cl\/?p=48858' aria-hidden='false' data-av_icon='\ue805' data-av_iconfont='entypo-fontello' title='' data-avia-related-tooltip='Compartir por correo'><span class='avia_hidden_link_text'>Compartir por correo<\/span><\/a><\/li><\/ul><\/div><\/div>\n<div  style='height:50px' class='hr hr-invisible   avia-builder-el-8  el_after_av_social_share  el_before_av_comments_list '><span class='hr-inner ' ><span class='hr-inner-style'><\/span><\/span><\/div>\n<div  class='av-buildercomment  av-blog-meta-html-info-disabled av-blog-meta-tag-disabled  '><\/div>\n","protected":false},"excerpt":{"rendered":"","protected":false},"author":1,"featured_media":48859,"comment_status":"open","ping_status":"open","sticky":false,"template":"","format":"standard","meta":{"footnotes":""},"categories":[49],"tags":[],"class_list":["post-48858","post","type-post","status-publish","format-standard","has-post-thumbnail","hentry","category-educacion"],"jetpack_featured_media_url":"https:\/\/radiorevelacionfm.cl\/wp-content\/uploads\/2024\/12\/03-6-1-1.jpeg","_links":{"self":[{"href":"https:\/\/radiorevelacionfm.cl\/index.php?rest_route=\/wp\/v2\/posts\/48858","targetHints":{"allow":["GET"]}}],"collection":[{"href":"https:\/\/radiorevelacionfm.cl\/index.php?rest_route=\/wp\/v2\/posts"}],"about":[{"href":"https:\/\/radiorevelacionfm.cl\/index.php?rest_route=\/wp\/v2\/types\/post"}],"author":[{"embeddable":true,"href":"https:\/\/radiorevelacionfm.cl\/index.php?rest_route=\/wp\/v2\/users\/1"}],"replies":[{"embeddable":true,"href":"https:\/\/radiorevelacionfm.cl\/index.php?rest_route=%2Fwp%2Fv2%2Fcomments&post=48858"}],"version-history":[{"count":1,"href":"https:\/\/radiorevelacionfm.cl\/index.php?rest_route=\/wp\/v2\/posts\/48858\/revisions"}],"predecessor-version":[{"id":48860,"href":"https:\/\/radiorevelacionfm.cl\/index.php?rest_route=\/wp\/v2\/posts\/48858\/revisions\/48860"}],"wp:featuredmedia":[{"embeddable":true,"href":"https:\/\/radiorevelacionfm.cl\/index.php?rest_route=\/wp\/v2\/media\/48859"}],"wp:attachment":[{"href":"https:\/\/radiorevelacionfm.cl\/index.php?rest_route=%2Fwp%2Fv2%2Fmedia&parent=48858"}],"wp:term":[{"taxonomy":"category","embeddable":true,"href":"https:\/\/radiorevelacionfm.cl\/index.php?rest_route=%2Fwp%2Fv2%2Fcategories&post=48858"},{"taxonomy":"post_tag","embeddable":true,"href":"https:\/\/radiorevelacionfm.cl\/index.php?rest_route=%2Fwp%2Fv2%2Ftags&post=48858"}],"curies":[{"name":"wp","href":"https:\/\/api.w.org\/{rel}","templated":true}]}}