{"id":48855,"date":"2024-12-12T19:20:55","date_gmt":"2024-12-12T22:20:55","guid":{"rendered":"https:\/\/radiorevelacionfm.cl\/?p=48855"},"modified":"2024-12-12T19:20:55","modified_gmt":"2024-12-12T22:20:55","slug":"capacitan-a-voluntarios-de-bomberos-de-cisnes-en-el-funcionamiento-de-autos-electricos","status":"publish","type":"post","link":"https:\/\/radiorevelacionfm.cl\/?p=48855","title":{"rendered":"Capacitan a voluntarios de Bomberos de Cisnes en el funcionamiento de autos el\u00e9ctricos"},"content":{"rendered":"<div class=\"flex_column av_one_full  flex_column_div av-zero-column-padding first  avia-builder-el-0  el_before_av_one_full  avia-builder-el-first  \" style='border-radius:0px; '><div  class='avia-image-container  av-styling-    avia-builder-el-1  avia-builder-el-no-sibling  avia-align-center '  itemprop=\"image\" itemscope=\"itemscope\" itemtype=\"https:\/\/schema.org\/ImageObject\"  ><div class='avia-image-container-inner'><div class='avia-image-overlay-wrap'><img decoding=\"async\" class='wp-image-48856 avia-img-lazy-loading-not-48856 avia_image' src=\"https:\/\/radiorevelacionfm.cl\/wp-content\/uploads\/2024\/12\/bomberos-nota1-1_optimized-1.jpeg\" alt='' title='bomberos-nota1-(1)_optimized (1)' height=\"600\" width=\"800\"  itemprop=\"thumbnailUrl\" srcset=\"https:\/\/radiorevelacionfm.cl\/wp-content\/uploads\/2024\/12\/bomberos-nota1-1_optimized-1.jpeg 800w, https:\/\/radiorevelacionfm.cl\/wp-content\/uploads\/2024\/12\/bomberos-nota1-1_optimized-1-300x225.jpeg 300w, https:\/\/radiorevelacionfm.cl\/wp-content\/uploads\/2024\/12\/bomberos-nota1-1_optimized-1-768x576.jpeg 768w, https:\/\/radiorevelacionfm.cl\/wp-content\/uploads\/2024\/12\/bomberos-nota1-1_optimized-1-705x529.jpeg 705w, https:\/\/radiorevelacionfm.cl\/wp-content\/uploads\/2024\/12\/bomberos-nota1-1_optimized-1-450x338.jpeg 450w, https:\/\/radiorevelacionfm.cl\/wp-content\/uploads\/2024\/12\/bomberos-nota1-1_optimized-1-600x450.jpeg 600w\" sizes=\"(max-width: 800px) 100vw, 800px\" \/><\/div><\/div><\/div><\/div><div class=\"flex_column av_one_full  flex_column_div av-zero-column-padding first  avia-builder-el-2  el_after_av_one_full  el_before_av_one_full  column-top-margin\" style='border-radius:0px; '><section class=\"av_textblock_section \"  itemscope=\"itemscope\" itemtype=\"https:\/\/schema.org\/BlogPosting\" itemprop=\"blogPost\" ><div class='avia_textblock  '   itemprop=\"text\" ><p style=\"text-align: center;\"><strong><span style=\"font-size: 18pt;\">Capacitan a voluntarios de Bomberos de Cisnes en el funcionamiento de autos el\u00e9ctricos<\/span><\/strong><\/p>\n<div id=\"gtx-trans\" style=\"position: absolute; left: -50px; top: 4.31534px;\">\n<div class=\"gtx-trans-icon\"><\/div>\n<\/div>\n<\/div><\/section><\/div><div class=\"flex_column av_one_full  flex_column_div av-zero-column-padding first  avia-builder-el-4  el_after_av_one_full  el_before_av_hr  column-top-margin\" style='border-radius:0px; '><section class=\"av_textblock_section \"  itemscope=\"itemscope\" itemtype=\"https:\/\/schema.org\/BlogPosting\" itemprop=\"blogPost\" ><div class='avia_textblock  '   itemprop=\"text\" ><p style=\"text-align: justify;\"><em>A trav\u00e9s de esta iniciativa, la el\u00e9ctrica refuerza su compromiso con la sostenibilidad en la regi\u00f3n, acercando nuevas tecnolog\u00edas a quienes cuidan de la comunidad.<\/em><\/p>\n<p style=\"text-align: justify;\">Edelaysen, en su esfuerzo continuo por fomentar iniciativas de innovaci\u00f3n y sostenibilidad en la regi\u00f3n, lleg\u00f3 hasta la comuna de Cisnes para capacitar a bomberos en el correcto uso y mantenimiento de autos el\u00e9ctricos, una tecnolog\u00eda que no solo mejora la eficiencia operativa, sino que tambi\u00e9n contribuye al cuidado del medio ambiente y la seguridad de la comunidad.<\/p>\n<p style=\"text-align: justify;\">La capacitaci\u00f3n, organizada en conjunto con el Cuerpo de Bomberos de la comuna, permiti\u00f3 que los voluntarios se familiarizaran con los aspectos t\u00e9cnicos y pr\u00e1cticos de los veh\u00edculos el\u00e9ctricos, prepar\u00e1ndolos para gestionar riesgos asociados y para incorporarlos en sus futuras operaciones.<\/p>\n<p style=\"text-align: justify;\">\u201cQueremos agradecer profundamente a los bomberos de la comuna de Cisnes por su compromiso y disposici\u00f3n para aprender sobre estas tecnolog\u00edas innovadoras. Su dedicaci\u00f3n para participar de la charla no solo fortalece sus capacidades, sino que tambi\u00e9n impulsa un futuro m\u00e1s sostenible para nuestra regi\u00f3n\u201d. Se\u00f1al\u00f3 Francisco Pavez, ejecutivo de Edelaysen.<\/p>\n<p style=\"text-align: justify;\">En tanto Fernando \u00d1ancupel, Director de a 1\u00ba Compa\u00f1\u00eda de Bomberos Pompa Italia de Puerto Cisnes, bombero de la comuna y participante de esta capacitaci\u00f3n destac\u00f3 que: \u201cPrimero que todo agradecer a la empresa Edelaysen por llevar a cabo este taller de riesgos en veh\u00edculos el\u00e9ctricos en la comuna, taller que ha sido para nosotros maravilloso ya que hemos podido adquirir nuevos conocimientos en cuanto a esta materia, la cual es nueva en Chile pero tambi\u00e9n nueva en la regi\u00f3n de Ays\u00e9n y cada d\u00eda, el parque automotriz de veh\u00edculos el\u00e9ctricos va a ir aumentando, lo que va a generar tambi\u00e9n otro tipo de riesgos para los bomberos y los ciudadanos de la regi\u00f3n. Es por esto que a nosotros como bomberos nos interesaba realmente, poder tener una capacitaci\u00f3n ya que al momento no nos hab\u00edamos capacitado a nivel de Bomberos de Chile por lo que solo nos queda agradecer por esta oportunidad y cada vez que hemos necesitado el apoyo de Edelaysen siempre ha estado\u201d.<\/p>\n<p style=\"text-align: justify;\">Como parte de la actividad, Edelaysen llev\u00f3 un auto el\u00e9ctrico hasta la comuna, para que los bomberos pudieran observar de cerca su funcionamiento, aprendiendo sobre su sistema, cables principales y caracter\u00edsticas t\u00e9cnicas.<\/p>\n<p style=\"text-align: justify;\">Con estas acciones, Edelaysen refuerza su prop\u00f3sito de construir una regi\u00f3n m\u00e1s conectada con la tecnolog\u00eda y la sostenibilidad, generando un impacto positivo en las comunidades locales y en el medio ambiente.<\/p>\n<\/div><\/section><\/div><div  style='height:50px' class='hr hr-invisible   avia-builder-el-6  el_after_av_one_full  el_before_av_social_share '><span class='hr-inner ' ><span class='hr-inner-style'><\/span><\/span><\/div><\/p>\n<div  class='av-social-sharing-box  avia-builder-el-7  el_after_av_hr  el_before_av_hr  '><div class='av-share-box'><h5 class='av-share-link-description av-no-toc '>Compartir esta noticia<\/h5><ul class='av-share-box-list noLightbox'><li class='av-share-link av-social-link-facebook' ><a target=\"_blank\" aria-label=\"Compartir en Facebook\" href='https:\/\/www.facebook.com\/sharer.php?u=https:\/\/radiorevelacionfm.cl\/?p=48855&#038;t=Capacitan%20a%20voluntarios%20de%20Bomberos%20de%20Cisnes%20en%20el%20funcionamiento%20de%20autos%20el%C3%A9ctricos' aria-hidden='false' data-av_icon='\ue8f3' data-av_iconfont='entypo-fontello' title='' data-avia-related-tooltip='Compartir en Facebook' rel=\"noopener\"><span class='avia_hidden_link_text'>Compartir en Facebook<\/span><\/a><\/li><li class='av-share-link av-social-link-twitter' ><a target=\"_blank\" aria-label=\"Compartir en Twitter\" href='https:\/\/twitter.com\/share?text=Capacitan%20a%20voluntarios%20de%20Bomberos%20de%20Cisnes%20en%20el%20funcionamiento%20de%20autos%20el%C3%A9ctricos&#038;url=https:\/\/radiorevelacionfm.cl\/?p=48855' aria-hidden='false' data-av_icon='\ue8f1' data-av_iconfont='entypo-fontello' title='' data-avia-related-tooltip='Compartir en Twitter' rel=\"noopener\"><span class='avia_hidden_link_text'>Compartir en Twitter<\/span><\/a><\/li><li class='av-share-link av-social-link-whatsapp' ><a target=\"_blank\" aria-label=\"Compartir en Whatsapp\" href='https:\/\/api.whatsapp.com\/send?text=https:\/\/radiorevelacionfm.cl\/?p=48855' aria-hidden='false' data-av_icon='\uf232' data-av_iconfont='entypo-fontello' title='' data-avia-related-tooltip='Compartir en Whatsapp' rel=\"noopener\"><span class='avia_hidden_link_text'>Compartir en Whatsapp<\/span><\/a><\/li><li class='av-share-link av-social-link-linkedin' ><a target=\"_blank\" aria-label=\"Compartir en LinkedIn\" href='https:\/\/linkedin.com\/shareArticle?mini=true&#038;title=Capacitan%20a%20voluntarios%20de%20Bomberos%20de%20Cisnes%20en%20el%20funcionamiento%20de%20autos%20el%C3%A9ctricos&#038;url=https:\/\/radiorevelacionfm.cl\/?p=48855' aria-hidden='false' data-av_icon='\ue8fc' data-av_iconfont='entypo-fontello' title='' data-avia-related-tooltip='Compartir en LinkedIn' rel=\"noopener\"><span class='avia_hidden_link_text'>Compartir en LinkedIn<\/span><\/a><\/li><li class='av-share-link av-social-link-mail' ><a  aria-label=\"Compartir por correo\" href='mailto:?subject=Capacitan%20a%20voluntarios%20de%20Bomberos%20de%20Cisnes%20en%20el%20funcionamiento%20de%20autos%20el%C3%A9ctricos&#038;body=https:\/\/radiorevelacionfm.cl\/?p=48855' aria-hidden='false' data-av_icon='\ue805' data-av_iconfont='entypo-fontello' title='' data-avia-related-tooltip='Compartir por correo'><span class='avia_hidden_link_text'>Compartir por correo<\/span><\/a><\/li><\/ul><\/div><\/div>\n<div  style='height:50px' class='hr hr-invisible   avia-builder-el-8  el_after_av_social_share  el_before_av_comments_list '><span class='hr-inner ' ><span class='hr-inner-style'><\/span><\/span><\/div>\n<div  class='av-buildercomment  av-blog-meta-html-info-disabled av-blog-meta-tag-disabled  '><\/div>\n","protected":false},"excerpt":{"rendered":"","protected":false},"author":1,"featured_media":48856,"comment_status":"open","ping_status":"open","sticky":false,"template":"","format":"standard","meta":{"footnotes":""},"categories":[38],"tags":[],"class_list":["post-48855","post","type-post","status-publish","format-standard","has-post-thumbnail","hentry","category-regional"],"jetpack_featured_media_url":"https:\/\/radiorevelacionfm.cl\/wp-content\/uploads\/2024\/12\/bomberos-nota1-1_optimized-1.jpeg","_links":{"self":[{"href":"https:\/\/radiorevelacionfm.cl\/index.php?rest_route=\/wp\/v2\/posts\/48855","targetHints":{"allow":["GET"]}}],"collection":[{"href":"https:\/\/radiorevelacionfm.cl\/index.php?rest_route=\/wp\/v2\/posts"}],"about":[{"href":"https:\/\/radiorevelacionfm.cl\/index.php?rest_route=\/wp\/v2\/types\/post"}],"author":[{"embeddable":true,"href":"https:\/\/radiorevelacionfm.cl\/index.php?rest_route=\/wp\/v2\/users\/1"}],"replies":[{"embeddable":true,"href":"https:\/\/radiorevelacionfm.cl\/index.php?rest_route=%2Fwp%2Fv2%2Fcomments&post=48855"}],"version-history":[{"count":1,"href":"https:\/\/radiorevelacionfm.cl\/index.php?rest_route=\/wp\/v2\/posts\/48855\/revisions"}],"predecessor-version":[{"id":48857,"href":"https:\/\/radiorevelacionfm.cl\/index.php?rest_route=\/wp\/v2\/posts\/48855\/revisions\/48857"}],"wp:featuredmedia":[{"embeddable":true,"href":"https:\/\/radiorevelacionfm.cl\/index.php?rest_route=\/wp\/v2\/media\/48856"}],"wp:attachment":[{"href":"https:\/\/radiorevelacionfm.cl\/index.php?rest_route=%2Fwp%2Fv2%2Fmedia&parent=48855"}],"wp:term":[{"taxonomy":"category","embeddable":true,"href":"https:\/\/radiorevelacionfm.cl\/index.php?rest_route=%2Fwp%2Fv2%2Fcategories&post=48855"},{"taxonomy":"post_tag","embeddable":true,"href":"https:\/\/radiorevelacionfm.cl\/index.php?rest_route=%2Fwp%2Fv2%2Ftags&post=48855"}],"curies":[{"name":"wp","href":"https:\/\/api.w.org\/{rel}","templated":true}]}}