{"id":48851,"date":"2024-12-13T09:57:18","date_gmt":"2024-12-13T12:57:18","guid":{"rendered":"https:\/\/radiorevelacionfm.cl\/?p=48851"},"modified":"2024-12-13T09:57:18","modified_gmt":"2024-12-13T12:57:18","slug":"programa-4-a-7-de-sernameg-realiza-ceremonia-de-cierre-de-su-primer-ano-en-la-comuna-de-cisnes","status":"publish","type":"post","link":"https:\/\/radiorevelacionfm.cl\/?p=48851","title":{"rendered":"Programa 4 a 7 de SernamEG realiza ceremonia de cierre de su primer a\u00f1o en la comuna de Cisnes"},"content":{"rendered":"<div class=\"flex_column av_one_full  flex_column_div av-zero-column-padding first  avia-builder-el-0  el_before_av_one_full  avia-builder-el-first  \" style='border-radius:0px; '><div  class='avia-image-container  av-styling-    avia-builder-el-1  avia-builder-el-no-sibling  avia-align-center '  itemprop=\"image\" itemscope=\"itemscope\" itemtype=\"https:\/\/schema.org\/ImageObject\"  ><div class='avia-image-container-inner'><div class='avia-image-overlay-wrap'><img decoding=\"async\" class='wp-image-48853 avia-img-lazy-loading-not-48853 avia_image' src=\"https:\/\/radiorevelacionfm.cl\/wp-content\/uploads\/2024\/12\/4-a-7-1-1-1.jpeg\" alt='' title='4 a 7 (1) (1) (1)' height=\"600\" width=\"800\"  itemprop=\"thumbnailUrl\" srcset=\"https:\/\/radiorevelacionfm.cl\/wp-content\/uploads\/2024\/12\/4-a-7-1-1-1.jpeg 800w, https:\/\/radiorevelacionfm.cl\/wp-content\/uploads\/2024\/12\/4-a-7-1-1-1-300x225.jpeg 300w, https:\/\/radiorevelacionfm.cl\/wp-content\/uploads\/2024\/12\/4-a-7-1-1-1-768x576.jpeg 768w, https:\/\/radiorevelacionfm.cl\/wp-content\/uploads\/2024\/12\/4-a-7-1-1-1-705x529.jpeg 705w, https:\/\/radiorevelacionfm.cl\/wp-content\/uploads\/2024\/12\/4-a-7-1-1-1-450x338.jpeg 450w, https:\/\/radiorevelacionfm.cl\/wp-content\/uploads\/2024\/12\/4-a-7-1-1-1-600x450.jpeg 600w\" sizes=\"(max-width: 800px) 100vw, 800px\" \/><\/div><\/div><\/div><\/div><div class=\"flex_column av_one_full  flex_column_div av-zero-column-padding first  avia-builder-el-2  el_after_av_one_full  el_before_av_one_full  column-top-margin\" style='border-radius:0px; '><section class=\"av_textblock_section \"  itemscope=\"itemscope\" itemtype=\"https:\/\/schema.org\/BlogPosting\" itemprop=\"blogPost\" ><div class='avia_textblock  '   itemprop=\"text\" ><p style=\"text-align: center;\"><strong><span style=\"font-size: 18pt;\">Programa 4 a 7 de SernamEG realiza ceremonia de\u00a0cierre de su primer a\u00f1o en la comuna de Cisnes<\/span><\/strong><\/p>\n<div id=\"gtx-trans\" style=\"position: absolute; left: -50px; top: 4.31534px;\">\n<div class=\"gtx-trans-icon\"><\/div>\n<\/div>\n<\/div><\/section><\/div><div class=\"flex_column av_one_full  flex_column_div av-zero-column-padding first  avia-builder-el-4  el_after_av_one_full  el_before_av_hr  column-top-margin\" style='border-radius:0px; '><section class=\"av_textblock_section \"  itemscope=\"itemscope\" itemtype=\"https:\/\/schema.org\/BlogPosting\" itemprop=\"blogPost\" ><div class='avia_textblock  '   itemprop=\"text\" ><p dir=\"ltr\" style=\"text-align: justify;\">Autoridades locales y mujeres participantes, acompa\u00f1adas de sus hijos, hijas y ni\u00f1eces que tienen a cargo, celebraron el primer a\u00f1o de funcionamiento del Programa 4 a 7 en la comuna de Cisnes, en una ceremonia de cierre organizada por la Ilustre Municipalidad de Cisnes, el Servicio Nacional de la Mujer y la Equidad de G\u00e9nero (SernamEG) y el Servicio Local de Educaci\u00f3n P\u00fablica de Ays\u00e9n (SLEP), instituciones que desarrollan esta iniciativa en el territorio a trav\u00e9s de un convenio tripartito.<\/p>\n<p dir=\"ltr\" style=\"text-align: justify;\">El Programa 4 a 7, que en la comuna de Cisnes funciona en la Escuela Guido G\u00f3mez Mu\u00f1oz, busca el fortalecimiento de la autonom\u00eda econ\u00f3mica, proporcionando a las mujeres responsables de ni\u00f1os y ni\u00f1as de 6 a 13 a\u00f1os, acceso al servicio de cuidado provisto por el programa despu\u00e9s de la jornada escolar, en apoyo a su participaci\u00f3n en el mercado laboral.<\/p>\n<p dir=\"ltr\" style=\"text-align: justify;\">\u00abEn SernamEG estamos muy satisfechos con el trabajo realizado en este territorio, por el que apostamos este a\u00f1o 2024, por la convocatoria de mujeres y ni\u00f1eces que tuvimos para el cierre. Este programa es fundamental las mujeres, para el fortalecimiento de su autonom\u00eda econ\u00f3mica, para poder insertarse y mantenerse en el mundo laboral, y seguiremos trabajando para aumentar la cobertura de nuestra oferta a los territorios m\u00e1s apartados de la regi\u00f3n\u00bb, se\u00f1al\u00f3 la representante de SernamEG y encargada del 4 a 7, Marisol Ojeda Rojas.<\/p>\n<p dir=\"ltr\" style=\"text-align: justify;\">Por su parte, Katherine Calquin Riffo, directora de Desarrollo Comunitario de la Ilustre Municipalidad de Cisnes, relev\u00f3 el hecho de que se haya escogido a la comuna para implementar el programa, se\u00f1alando que saben \u00abla importancia que esta iniciativa reviste para las mujeres, para el trabajo que realizan d\u00eda a d\u00eda, el apoyo integral y la tranquilidad de que sus hijos est\u00e1n bien cuidados, que est\u00e1n en un espacio seguro\u00bb.<\/p>\n<p dir=\"ltr\" style=\"text-align: justify;\">Durante el a\u00f1o 2024, la direcci\u00f3n regional de SernamEG pudo aumentar la cobertura territorial de sus programas como el 4 a 7, llegando adem\u00e1s de Ays\u00e9n a las comunas de Cisnes y O&#8217;Higgins. Y para este 2025 esperan poder mantener la oferta e incluso poder llegar a otras localidades con este apoyo fundamental para la autonom\u00eda econ\u00f3mica de las mujeres.<\/p>\n<div style=\"text-align: justify;\"><\/div>\n<div style=\"text-align: justify;\"><\/div>\n<p dir=\"ltr\" style=\"text-align: justify;\">En ese sentido, una de las mujeres participantes del programa, Yilibert Haro Gallardo, destac\u00f3 que el 4 a 7 es \u00abun gran apoyo. Puedo trabajar tranquila, sin recurrir a permisos administrativos para asegurarme de que mi hija va a estar bien. Es algo que se agradece, el pensar en nosotras como mujeres, porque nos llevamos todas las cargas y cuesta mucho pedir ayuda. Entonces, este programa te dice que s\u00ed hay gente que te apoya, que no est\u00e1s sola\u00bb.<\/p>\n<\/div><\/section><\/div><div  style='height:50px' class='hr hr-invisible   avia-builder-el-6  el_after_av_one_full  el_before_av_social_share '><span class='hr-inner ' ><span class='hr-inner-style'><\/span><\/span><\/div><\/p>\n<div  class='av-social-sharing-box  avia-builder-el-7  el_after_av_hr  el_before_av_hr  '><div class='av-share-box'><h5 class='av-share-link-description av-no-toc '>Compartir esta noticia<\/h5><ul class='av-share-box-list noLightbox'><li class='av-share-link av-social-link-facebook' ><a target=\"_blank\" aria-label=\"Compartir en Facebook\" href='https:\/\/www.facebook.com\/sharer.php?u=https:\/\/radiorevelacionfm.cl\/?p=48851&#038;t=Programa%204%20a%207%20de%20SernamEG%20realiza%20ceremonia%20de%20cierre%20de%20su%20primer%20a%C3%B1o%20en%20la%20comuna%20de%20Cisnes' aria-hidden='false' data-av_icon='\ue8f3' data-av_iconfont='entypo-fontello' title='' data-avia-related-tooltip='Compartir en Facebook' rel=\"noopener\"><span class='avia_hidden_link_text'>Compartir en Facebook<\/span><\/a><\/li><li class='av-share-link av-social-link-twitter' ><a target=\"_blank\" aria-label=\"Compartir en Twitter\" href='https:\/\/twitter.com\/share?text=Programa%204%20a%207%20de%20SernamEG%20realiza%20ceremonia%20de%20cierre%20de%20su%20primer%20a%C3%B1o%20en%20la%20comuna%20de%20Cisnes&#038;url=https:\/\/radiorevelacionfm.cl\/?p=48851' aria-hidden='false' data-av_icon='\ue8f1' data-av_iconfont='entypo-fontello' title='' data-avia-related-tooltip='Compartir en Twitter' rel=\"noopener\"><span class='avia_hidden_link_text'>Compartir en Twitter<\/span><\/a><\/li><li class='av-share-link av-social-link-whatsapp' ><a target=\"_blank\" aria-label=\"Compartir en Whatsapp\" href='https:\/\/api.whatsapp.com\/send?text=https:\/\/radiorevelacionfm.cl\/?p=48851' aria-hidden='false' data-av_icon='\uf232' data-av_iconfont='entypo-fontello' title='' data-avia-related-tooltip='Compartir en Whatsapp' rel=\"noopener\"><span class='avia_hidden_link_text'>Compartir en Whatsapp<\/span><\/a><\/li><li class='av-share-link av-social-link-linkedin' ><a target=\"_blank\" aria-label=\"Compartir en LinkedIn\" href='https:\/\/linkedin.com\/shareArticle?mini=true&#038;title=Programa%204%20a%207%20de%20SernamEG%20realiza%20ceremonia%20de%20cierre%20de%20su%20primer%20a%C3%B1o%20en%20la%20comuna%20de%20Cisnes&#038;url=https:\/\/radiorevelacionfm.cl\/?p=48851' aria-hidden='false' data-av_icon='\ue8fc' data-av_iconfont='entypo-fontello' title='' data-avia-related-tooltip='Compartir en LinkedIn' rel=\"noopener\"><span class='avia_hidden_link_text'>Compartir en LinkedIn<\/span><\/a><\/li><li class='av-share-link av-social-link-mail' ><a  aria-label=\"Compartir por correo\" href='mailto:?subject=Programa%204%20a%207%20de%20SernamEG%20realiza%20ceremonia%20de%20cierre%20de%20su%20primer%20a%C3%B1o%20en%20la%20comuna%20de%20Cisnes&#038;body=https:\/\/radiorevelacionfm.cl\/?p=48851' aria-hidden='false' data-av_icon='\ue805' data-av_iconfont='entypo-fontello' title='' data-avia-related-tooltip='Compartir por correo'><span class='avia_hidden_link_text'>Compartir por correo<\/span><\/a><\/li><\/ul><\/div><\/div>\n<div  style='height:50px' class='hr hr-invisible   avia-builder-el-8  el_after_av_social_share  el_before_av_comments_list '><span class='hr-inner ' ><span class='hr-inner-style'><\/span><\/span><\/div>\n<div  class='av-buildercomment  av-blog-meta-html-info-disabled av-blog-meta-tag-disabled  '><\/div>\n","protected":false},"excerpt":{"rendered":"","protected":false},"author":1,"featured_media":48853,"comment_status":"open","ping_status":"open","sticky":false,"template":"","format":"standard","meta":{"footnotes":""},"categories":[38],"tags":[],"class_list":["post-48851","post","type-post","status-publish","format-standard","has-post-thumbnail","hentry","category-regional"],"jetpack_featured_media_url":"https:\/\/radiorevelacionfm.cl\/wp-content\/uploads\/2024\/12\/4-a-7-1-1-1.jpeg","_links":{"self":[{"href":"https:\/\/radiorevelacionfm.cl\/index.php?rest_route=\/wp\/v2\/posts\/48851","targetHints":{"allow":["GET"]}}],"collection":[{"href":"https:\/\/radiorevelacionfm.cl\/index.php?rest_route=\/wp\/v2\/posts"}],"about":[{"href":"https:\/\/radiorevelacionfm.cl\/index.php?rest_route=\/wp\/v2\/types\/post"}],"author":[{"embeddable":true,"href":"https:\/\/radiorevelacionfm.cl\/index.php?rest_route=\/wp\/v2\/users\/1"}],"replies":[{"embeddable":true,"href":"https:\/\/radiorevelacionfm.cl\/index.php?rest_route=%2Fwp%2Fv2%2Fcomments&post=48851"}],"version-history":[{"count":1,"href":"https:\/\/radiorevelacionfm.cl\/index.php?rest_route=\/wp\/v2\/posts\/48851\/revisions"}],"predecessor-version":[{"id":48854,"href":"https:\/\/radiorevelacionfm.cl\/index.php?rest_route=\/wp\/v2\/posts\/48851\/revisions\/48854"}],"wp:featuredmedia":[{"embeddable":true,"href":"https:\/\/radiorevelacionfm.cl\/index.php?rest_route=\/wp\/v2\/media\/48853"}],"wp:attachment":[{"href":"https:\/\/radiorevelacionfm.cl\/index.php?rest_route=%2Fwp%2Fv2%2Fmedia&parent=48851"}],"wp:term":[{"taxonomy":"category","embeddable":true,"href":"https:\/\/radiorevelacionfm.cl\/index.php?rest_route=%2Fwp%2Fv2%2Fcategories&post=48851"},{"taxonomy":"post_tag","embeddable":true,"href":"https:\/\/radiorevelacionfm.cl\/index.php?rest_route=%2Fwp%2Fv2%2Ftags&post=48851"}],"curies":[{"name":"wp","href":"https:\/\/api.w.org\/{rel}","templated":true}]}}