{"id":48848,"date":"2024-12-13T10:36:23","date_gmt":"2024-12-13T13:36:23","guid":{"rendered":"https:\/\/radiorevelacionfm.cl\/?p=48848"},"modified":"2024-12-13T10:36:23","modified_gmt":"2024-12-13T13:36:23","slug":"autoridades-regionales-se-reunen-en-sesion-2024-de-la-comision-para-la-igualdad-de-derechos-y-la-equidad-de-genero-aysen","status":"publish","type":"post","link":"https:\/\/radiorevelacionfm.cl\/?p=48848","title":{"rendered":"Autoridades regionales se re\u00fanen en sesi\u00f3n 2024 de la Comisi\u00f3n para la Igualdad de Derechos y la Equidad de G\u00e9nero Ays\u00e9n"},"content":{"rendered":"<div class=\"flex_column av_one_full  flex_column_div av-zero-column-padding first  avia-builder-el-0  el_before_av_one_full  avia-builder-el-first  \" style='border-radius:0px; '><div  class='avia-image-container  av-styling-    avia-builder-el-1  avia-builder-el-no-sibling  avia-align-center '  itemprop=\"image\" itemscope=\"itemscope\" itemtype=\"https:\/\/schema.org\/ImageObject\"  ><div class='avia-image-container-inner'><div class='avia-image-overlay-wrap'><img decoding=\"async\" class='wp-image-48849 avia-img-lazy-loading-not-48849 avia_image' src=\"https:\/\/radiorevelacionfm.cl\/wp-content\/uploads\/2024\/12\/foto-3-cp-1_optimized-1.jpg\" alt='' title='foto-3-cp-(1)_optimized (1)' height=\"600\" width=\"800\"  itemprop=\"thumbnailUrl\" srcset=\"https:\/\/radiorevelacionfm.cl\/wp-content\/uploads\/2024\/12\/foto-3-cp-1_optimized-1.jpg 800w, https:\/\/radiorevelacionfm.cl\/wp-content\/uploads\/2024\/12\/foto-3-cp-1_optimized-1-300x225.jpg 300w, https:\/\/radiorevelacionfm.cl\/wp-content\/uploads\/2024\/12\/foto-3-cp-1_optimized-1-768x576.jpg 768w, https:\/\/radiorevelacionfm.cl\/wp-content\/uploads\/2024\/12\/foto-3-cp-1_optimized-1-705x529.jpg 705w, https:\/\/radiorevelacionfm.cl\/wp-content\/uploads\/2024\/12\/foto-3-cp-1_optimized-1-450x338.jpg 450w, https:\/\/radiorevelacionfm.cl\/wp-content\/uploads\/2024\/12\/foto-3-cp-1_optimized-1-600x450.jpg 600w\" sizes=\"(max-width: 800px) 100vw, 800px\" \/><\/div><\/div><\/div><\/div><div class=\"flex_column av_one_full  flex_column_div av-zero-column-padding first  avia-builder-el-2  el_after_av_one_full  el_before_av_one_full  column-top-margin\" style='border-radius:0px; '><section class=\"av_textblock_section \"  itemscope=\"itemscope\" itemtype=\"https:\/\/schema.org\/BlogPosting\" itemprop=\"blogPost\" ><div class='avia_textblock  '   itemprop=\"text\" ><p style=\"text-align: center;\"><span style=\"font-size: 18pt;\"><strong>Autoridades regionales se re\u00fanen en sesi\u00f3n 2024 de la Comisi\u00f3n para la Igualdad de Derechos y la Equidad de G\u00e9nero Ays\u00e9n<\/strong><\/span><\/p>\n<div id=\"gtx-trans\" style=\"position: absolute; left: -50px; top: 4.31534px;\">\n<div class=\"gtx-trans-icon\"><\/div>\n<\/div>\n<\/div><\/section><\/div><div class=\"flex_column av_one_full  flex_column_div av-zero-column-padding first  avia-builder-el-4  el_after_av_one_full  el_before_av_hr  column-top-margin\" style='border-radius:0px; '><section class=\"av_textblock_section \"  itemscope=\"itemscope\" itemtype=\"https:\/\/schema.org\/BlogPosting\" itemprop=\"blogPost\" ><div class='avia_textblock  '   itemprop=\"text\" ><p style=\"text-align: justify;\"><em>Hasta la fecha, las diecinueve secretar\u00edas regionales ministeriales que componen la Comisi\u00f3n est\u00e1n desarrollando 162 compromisos de la Agenda Regional de G\u00e9nero 2022-2026.<\/em><\/p>\n<p style=\"text-align: justify;\">Con la exposici\u00f3n del estado de avance en materia de g\u00e9nero de cada seremi, respecto a los compromisos regionales, se realiz\u00f3 la sesi\u00f3n pol\u00edtica de la Comisi\u00f3n para la Igualdad de Derechos y la Equidad de G\u00e9nero, espacio presidido por el Delegado Presidencial Regional (S) Samuel Navarro Castro, con el apoyo y asesor\u00eda t\u00e9cnica SEREMI de la Mujer y la Equidad de G\u00e9nero, Isidora Gacit\u00faa Goles, espacio en el que el Gobierno Regional participa como aliado estrat\u00e9gico.<\/p>\n<p style=\"text-align: justify;\">El Delegado Presidencial Regional (S) se\u00f1al\u00f3 que: \u201chemos tenido una jornada muy exitosa de la Comisi\u00f3n Pol\u00edtica que revisa los estados de avance de los distintos ministerios y servicios p\u00fablicos en la Agenda de G\u00e9nero que desarrollan el gobierno del Presidente Gabriel Boric. Ha habido avances significativos en algunos sectores y carteras, sin duda, hay que reforzar, corregir, hay que mejorar pero estamos muy contentos con el actual estado de avance y ese es el llamado: a seguir trabajando en transversalizar la perspectiva de g\u00e9nero en cada acci\u00f3n, en cada actividad que la pol\u00edtica p\u00fablica desarrolla\u201d<\/p>\n<p style=\"text-align: justify;\">Por parte del Gobierno Regional de Ays\u00e9n, la representante del Gobernador Regional, Omar Mu\u00f1oz Sierra, Lilian Inostroza Parra coment\u00f3: \u201cpara nosotros es sumamente importante poder trabajar con todos los servicios y efectivamente ser un ente colaborativo para el tema de equidad de g\u00e9nero, tema que es una pol\u00edtica de gobierno y que se ha trabajado en todos los gobiernos, pero hoy es una pol\u00edtica que est\u00e1 establecida como meta gubernamental y en este caso el Gobierno Regional viene a cumplir una funci\u00f3n colaborativa. Creemos que es importante el trabajo intersectorial que se puede realizar para superar todas las brechas que a\u00fan existen en esta materia\u201d<\/p>\n<p style=\"text-align: justify;\">Al respecto, la SEREMI de la Mujer y la Equidad de G\u00e9nero, Isidora Gacit\u00faa Goles, indic\u00f3 que \u201ces muy importante seguir profundizando los compromisos de nuestra Agenda de \u00a0G\u00e9nero, donde podemos visualizar c\u00f3mo se descentralizan las pol\u00edticas p\u00fablicas que van a poder representar todas las dificultades y distintas problem\u00e1ticas que tienen las mujeres en nuestra regi\u00f3n, tanto en las localidades de zonas m\u00e1s rurales como en las ciudades y as\u00ed esto debe ser un eco de c\u00f3mo pensamos en las pol\u00edticas p\u00fablicas porque eso significa que podamos avanzar en materia de transversalizaci\u00f3n del trabajo de la Agenda de G\u00e9nero por un lado y de pol\u00edticas que vayan con esa perspectiva\u201d<\/p>\n<\/div><\/section><\/div><div  style='height:50px' class='hr hr-invisible   avia-builder-el-6  el_after_av_one_full  el_before_av_social_share '><span class='hr-inner ' ><span class='hr-inner-style'><\/span><\/span><\/div><\/p>\n<div  class='av-social-sharing-box  avia-builder-el-7  el_after_av_hr  el_before_av_hr  '><div class='av-share-box'><h5 class='av-share-link-description av-no-toc '>Compartir esta noticia<\/h5><ul class='av-share-box-list noLightbox'><li class='av-share-link av-social-link-facebook' ><a target=\"_blank\" aria-label=\"Compartir en Facebook\" href='https:\/\/www.facebook.com\/sharer.php?u=https:\/\/radiorevelacionfm.cl\/?p=48848&#038;t=Autoridades%20regionales%20se%20re%C3%BAnen%20en%20sesi%C3%B3n%202024%20de%20la%20Comisi%C3%B3n%20para%20la%20Igualdad%20de%20Derechos%20y%20la%20Equidad%20de%20G%C3%A9nero%20Ays%C3%A9n' aria-hidden='false' data-av_icon='\ue8f3' data-av_iconfont='entypo-fontello' title='' data-avia-related-tooltip='Compartir en Facebook' rel=\"noopener\"><span class='avia_hidden_link_text'>Compartir en Facebook<\/span><\/a><\/li><li class='av-share-link av-social-link-twitter' ><a target=\"_blank\" aria-label=\"Compartir en Twitter\" href='https:\/\/twitter.com\/share?text=Autoridades%20regionales%20se%20re%C3%BAnen%20en%20sesi%C3%B3n%202024%20de%20la%20Comisi%C3%B3n%20para%20la%20Igualdad%20de%20Derechos%20y%20la%20Equidad%20de%20G%C3%A9nero%20Ays%C3%A9n&#038;url=https:\/\/radiorevelacionfm.cl\/?p=48848' aria-hidden='false' data-av_icon='\ue8f1' data-av_iconfont='entypo-fontello' title='' data-avia-related-tooltip='Compartir en Twitter' rel=\"noopener\"><span class='avia_hidden_link_text'>Compartir en Twitter<\/span><\/a><\/li><li class='av-share-link av-social-link-whatsapp' ><a target=\"_blank\" aria-label=\"Compartir en Whatsapp\" href='https:\/\/api.whatsapp.com\/send?text=https:\/\/radiorevelacionfm.cl\/?p=48848' aria-hidden='false' data-av_icon='\uf232' data-av_iconfont='entypo-fontello' title='' data-avia-related-tooltip='Compartir en Whatsapp' rel=\"noopener\"><span class='avia_hidden_link_text'>Compartir en Whatsapp<\/span><\/a><\/li><li class='av-share-link av-social-link-linkedin' ><a target=\"_blank\" aria-label=\"Compartir en LinkedIn\" href='https:\/\/linkedin.com\/shareArticle?mini=true&#038;title=Autoridades%20regionales%20se%20re%C3%BAnen%20en%20sesi%C3%B3n%202024%20de%20la%20Comisi%C3%B3n%20para%20la%20Igualdad%20de%20Derechos%20y%20la%20Equidad%20de%20G%C3%A9nero%20Ays%C3%A9n&#038;url=https:\/\/radiorevelacionfm.cl\/?p=48848' aria-hidden='false' data-av_icon='\ue8fc' data-av_iconfont='entypo-fontello' title='' data-avia-related-tooltip='Compartir en LinkedIn' rel=\"noopener\"><span class='avia_hidden_link_text'>Compartir en LinkedIn<\/span><\/a><\/li><li class='av-share-link av-social-link-mail' ><a  aria-label=\"Compartir por correo\" href='mailto:?subject=Autoridades%20regionales%20se%20re%C3%BAnen%20en%20sesi%C3%B3n%202024%20de%20la%20Comisi%C3%B3n%20para%20la%20Igualdad%20de%20Derechos%20y%20la%20Equidad%20de%20G%C3%A9nero%20Ays%C3%A9n&#038;body=https:\/\/radiorevelacionfm.cl\/?p=48848' aria-hidden='false' data-av_icon='\ue805' data-av_iconfont='entypo-fontello' title='' data-avia-related-tooltip='Compartir por correo'><span class='avia_hidden_link_text'>Compartir por correo<\/span><\/a><\/li><\/ul><\/div><\/div>\n<div  style='height:50px' class='hr hr-invisible   avia-builder-el-8  el_after_av_social_share  el_before_av_comments_list '><span class='hr-inner ' ><span class='hr-inner-style'><\/span><\/span><\/div>\n<div  class='av-buildercomment  av-blog-meta-html-info-disabled av-blog-meta-tag-disabled  '><\/div>\n","protected":false},"excerpt":{"rendered":"","protected":false},"author":1,"featured_media":48849,"comment_status":"open","ping_status":"open","sticky":false,"template":"","format":"standard","meta":{"footnotes":""},"categories":[38],"tags":[],"class_list":["post-48848","post","type-post","status-publish","format-standard","has-post-thumbnail","hentry","category-regional"],"jetpack_featured_media_url":"https:\/\/radiorevelacionfm.cl\/wp-content\/uploads\/2024\/12\/foto-3-cp-1_optimized-1.jpg","_links":{"self":[{"href":"https:\/\/radiorevelacionfm.cl\/index.php?rest_route=\/wp\/v2\/posts\/48848","targetHints":{"allow":["GET"]}}],"collection":[{"href":"https:\/\/radiorevelacionfm.cl\/index.php?rest_route=\/wp\/v2\/posts"}],"about":[{"href":"https:\/\/radiorevelacionfm.cl\/index.php?rest_route=\/wp\/v2\/types\/post"}],"author":[{"embeddable":true,"href":"https:\/\/radiorevelacionfm.cl\/index.php?rest_route=\/wp\/v2\/users\/1"}],"replies":[{"embeddable":true,"href":"https:\/\/radiorevelacionfm.cl\/index.php?rest_route=%2Fwp%2Fv2%2Fcomments&post=48848"}],"version-history":[{"count":1,"href":"https:\/\/radiorevelacionfm.cl\/index.php?rest_route=\/wp\/v2\/posts\/48848\/revisions"}],"predecessor-version":[{"id":48850,"href":"https:\/\/radiorevelacionfm.cl\/index.php?rest_route=\/wp\/v2\/posts\/48848\/revisions\/48850"}],"wp:featuredmedia":[{"embeddable":true,"href":"https:\/\/radiorevelacionfm.cl\/index.php?rest_route=\/wp\/v2\/media\/48849"}],"wp:attachment":[{"href":"https:\/\/radiorevelacionfm.cl\/index.php?rest_route=%2Fwp%2Fv2%2Fmedia&parent=48848"}],"wp:term":[{"taxonomy":"category","embeddable":true,"href":"https:\/\/radiorevelacionfm.cl\/index.php?rest_route=%2Fwp%2Fv2%2Fcategories&post=48848"},{"taxonomy":"post_tag","embeddable":true,"href":"https:\/\/radiorevelacionfm.cl\/index.php?rest_route=%2Fwp%2Fv2%2Ftags&post=48848"}],"curies":[{"name":"wp","href":"https:\/\/api.w.org\/{rel}","templated":true}]}}