{"id":48846,"date":"2024-12-16T10:25:45","date_gmt":"2024-12-16T13:25:45","guid":{"rendered":"https:\/\/radiorevelacionfm.cl\/?p=48846"},"modified":"2024-12-16T10:25:45","modified_gmt":"2024-12-16T13:25:45","slug":"sandoval-y-lo-que-espera-tras-jornada-aysen-al-2050-esperamos-se-fije-la-hoja-de-ruta-que-nos-permita-dar-el-salto-en-materia-de-desarrollo-y-ser-un-gran-aporte-al-pais","status":"publish","type":"post","link":"https:\/\/radiorevelacionfm.cl\/?p=48846","title":{"rendered":"Sandoval y lo que espera tras jornada \u201cAys\u00e9n al 2050\u201d: \u201cEsperamos se fije la hoja de ruta que nos permita dar el salto en materia de desarrollo y ser un gran aporte al pa\u00eds\u201d"},"content":{"rendered":"<div class=\"flex_column av_one_full  flex_column_div av-zero-column-padding first  avia-builder-el-0  el_before_av_one_full  avia-builder-el-first  \" style='border-radius:0px; '><div  class='avia-image-container  av-styling-    avia-builder-el-1  avia-builder-el-no-sibling  avia-align-center '  itemprop=\"image\" itemscope=\"itemscope\" itemtype=\"https:\/\/schema.org\/ImageObject\"  ><div class='avia-image-container-inner'><div class='avia-image-overlay-wrap'><img decoding=\"async\" class='wp-image-31584 avia-img-lazy-loading-not-31584 avia_image' src=\"https:\/\/radiorevelacionfm.cl\/wp-content\/uploads\/2023\/06\/senador-sandoval-4-1-1.jpg\" alt='' title='senador sandoval (4) (1) (1)' height=\"600\" width=\"784\"  itemprop=\"thumbnailUrl\" srcset=\"https:\/\/radiorevelacionfm.cl\/wp-content\/uploads\/2023\/06\/senador-sandoval-4-1-1.jpg 784w, https:\/\/radiorevelacionfm.cl\/wp-content\/uploads\/2023\/06\/senador-sandoval-4-1-1-300x230.jpg 300w, https:\/\/radiorevelacionfm.cl\/wp-content\/uploads\/2023\/06\/senador-sandoval-4-1-1-768x588.jpg 768w, https:\/\/radiorevelacionfm.cl\/wp-content\/uploads\/2023\/06\/senador-sandoval-4-1-1-705x540.jpg 705w, https:\/\/radiorevelacionfm.cl\/wp-content\/uploads\/2023\/06\/senador-sandoval-4-1-1-450x344.jpg 450w, https:\/\/radiorevelacionfm.cl\/wp-content\/uploads\/2023\/06\/senador-sandoval-4-1-1-600x459.jpg 600w\" sizes=\"(max-width: 784px) 100vw, 784px\" \/><\/div><\/div><\/div><\/div><div class=\"flex_column av_one_full  flex_column_div av-zero-column-padding first  avia-builder-el-2  el_after_av_one_full  el_before_av_one_full  column-top-margin\" style='border-radius:0px; '><section class=\"av_textblock_section \"  itemscope=\"itemscope\" itemtype=\"https:\/\/schema.org\/BlogPosting\" itemprop=\"blogPost\" ><div class='avia_textblock  '   itemprop=\"text\" ><p style=\"text-align: center;\"><strong><span style=\"font-size: 18pt;\">Sandoval y lo que espera tras jornada \u201cAys\u00e9n al 2050\u201d: \u201cEsperamos se fije la hoja de ruta que nos permita dar el salto en materia de desarrollo y ser un gran aporte al pa\u00eds\u201d<\/span><\/strong><\/p>\n<div id=\"gtx-trans\" style=\"position: absolute; left: -50px; top: 4.31534px;\">\n<div class=\"gtx-trans-icon\"><\/div>\n<\/div>\n<\/div><\/section><\/div><div class=\"flex_column av_one_full  flex_column_div av-zero-column-padding first  avia-builder-el-4  el_after_av_one_full  el_before_av_hr  column-top-margin\" style='border-radius:0px; '><section class=\"av_textblock_section \"  itemscope=\"itemscope\" itemtype=\"https:\/\/schema.org\/BlogPosting\" itemprop=\"blogPost\" ><div class='avia_textblock  '   itemprop=\"text\" ><p style=\"text-align: justify;\"><em>Parlamentario analiz\u00f3 el impacto de la jornada realizada la semana pasada, esperando se avance en los desaf\u00edos que existen a nivel regional.<\/em><\/p>\n<p style=\"text-align: justify;\">\u201cLa regi\u00f3n de Ays\u00e9n no puede seguir esperando, no puede seguir siendo la \u00faltima en crecimiento, la \u00faltima en desarrollo\u201d. As\u00ed lo afirm\u00f3 el senador David Sandoval, al referirse a lo que espera tras la exitosa jornada Ays\u00e9n al 2050, realizada el pasado fin de semana en Puerto Chacabuco.<\/p>\n<p style=\"text-align: justify;\">Recordar que en dicha jornada de di\u00e1logo y reflexi\u00f3n, organizada por gremios productivos regionales de los m\u00e1s diversos \u00e1mbitos, cont\u00f3 con la participaci\u00f3n del ministro de Hacienda, Mario Marcel, el vicepresidente ejecutivo de Corfo, Jos\u00e9 Miguel Benavente, adem\u00e1s de los ex ministros Andr\u00e9s Velasco e Ignacio Briones, quienes expusieron de manera online.<\/p>\n<p style=\"text-align: justify;\">\u201cEl s\u00e1bado reci\u00e9n pasado nos juntamos precisamente para construir lo que pudiera ser una hoja de ruta de c\u00f3mo transitaremos con la regi\u00f3n hacia un nuevo enfoque\u201d, se\u00f1al\u00f3 el parlamentario, para quien la regi\u00f3n \u201cno puede seguir sustentando su desarrollo en la estrategia y en la forma como hoy d\u00eda se est\u00e1 haciendo\u201d.<\/p>\n<p style=\"text-align: justify;\">Sandoval recalc\u00f3 que, si bien la invenci\u00f3n p\u00fablica es importante y lo va a seguir siendo en los pr\u00f3ximos a\u00f1os, tambi\u00e9n enfatiz\u00f3 que lo que se necesita es \u201cponerle motores a las comunas, ponerle un motor grande a toda la regi\u00f3n de Ays\u00e9n\u201d, para as\u00ed atraer inversiones, generar crecimiento y desarrollo.<\/p>\n<p style=\"text-align: justify;\">El legislador enfatiz\u00f3 que Ays\u00e9n tiene que desarrollar todas sus potencialidades en \u00e1reas como el turismo, ganader\u00eda, agricultura, miner\u00eda, forestal, comercio, pesca, tanto industrial como artesanal, entre otras, resguardando por cierto lo que significa el tema ambiental. \u201cEste equilibrio es el que tenemos que construir\u201d, puntualiz\u00f3.<\/p>\n<p style=\"text-align: justify;\">Por lo mismo, la jornada realizada el pasado 7 de diciembre da se\u00f1ales de que \u201cse est\u00e1n conjugando todos los factores\u201d, agregando que ahora \u201cdepende, evidentemente, de nosotros como regi\u00f3n\u201d avanzar hacia estos desaf\u00edos.<\/p>\n<p style=\"text-align: justify;\">\u201cSalgamos de nuestras trincheras y entendamos que aqu\u00ed, por sobre todas las cosas, el discurso, las necesidades y los problemas ya son por todos conocidos\u201d, subray\u00f3 Sandoval, concluyendo que ahora hay que ponerse a trabajar \u201cpara fijar esa hoja de ruta que nos permita, en definitiva, dar el gran salto y poner a la regi\u00f3n en un nivel de desarrollo distinto, mucho m\u00e1s inclusivo y, por cierto, ser parte relevante en el propio desarrollo de la zona austral y un gran aporte al pa\u00eds\u201d.<\/p>\n<\/div><\/section><\/div><div  style='height:50px' class='hr hr-invisible   avia-builder-el-6  el_after_av_one_full  el_before_av_social_share '><span class='hr-inner ' ><span class='hr-inner-style'><\/span><\/span><\/div><\/p>\n<div  class='av-social-sharing-box  avia-builder-el-7  el_after_av_hr  el_before_av_hr  '><div class='av-share-box'><h5 class='av-share-link-description av-no-toc '>Compartir esta noticia<\/h5><ul class='av-share-box-list noLightbox'><li class='av-share-link av-social-link-facebook' ><a target=\"_blank\" aria-label=\"Compartir en Facebook\" href='https:\/\/www.facebook.com\/sharer.php?u=https:\/\/radiorevelacionfm.cl\/?p=48846&#038;t=Sandoval%20y%20lo%20que%20espera%20tras%20jornada%20%E2%80%9CAys%C3%A9n%20al%202050%E2%80%9D%3A%20%E2%80%9CEsperamos%20se%20fije%20la%20hoja%20de%20ruta%20que%20nos%20permita%20dar%20el%20salto%20en%20materia%20de%20desarrollo%20y%20ser%20un%20gran%20aporte%20al%20pa%C3%ADs%E2%80%9D' aria-hidden='false' data-av_icon='\ue8f3' data-av_iconfont='entypo-fontello' title='' data-avia-related-tooltip='Compartir en Facebook' rel=\"noopener\"><span class='avia_hidden_link_text'>Compartir en Facebook<\/span><\/a><\/li><li class='av-share-link av-social-link-twitter' ><a target=\"_blank\" aria-label=\"Compartir en Twitter\" href='https:\/\/twitter.com\/share?text=Sandoval%20y%20lo%20que%20espera%20tras%20jornada%20%E2%80%9CAys%C3%A9n%20al%202050%E2%80%9D%3A%20%E2%80%9CEsperamos%20se%20fije%20la%20hoja%20de%20ruta%20que%20nos%20permita%20dar%20el%20salto%20en%20materia%20de%20desarrollo%20y%20ser%20un%20gran%20aporte%20al%20pa%C3%ADs%E2%80%9D&#038;url=https:\/\/radiorevelacionfm.cl\/?p=48846' aria-hidden='false' data-av_icon='\ue8f1' data-av_iconfont='entypo-fontello' title='' data-avia-related-tooltip='Compartir en Twitter' rel=\"noopener\"><span class='avia_hidden_link_text'>Compartir en Twitter<\/span><\/a><\/li><li class='av-share-link av-social-link-whatsapp' ><a target=\"_blank\" aria-label=\"Compartir en Whatsapp\" href='https:\/\/api.whatsapp.com\/send?text=https:\/\/radiorevelacionfm.cl\/?p=48846' aria-hidden='false' data-av_icon='\uf232' data-av_iconfont='entypo-fontello' title='' data-avia-related-tooltip='Compartir en Whatsapp' rel=\"noopener\"><span class='avia_hidden_link_text'>Compartir en Whatsapp<\/span><\/a><\/li><li class='av-share-link av-social-link-linkedin' ><a target=\"_blank\" aria-label=\"Compartir en LinkedIn\" href='https:\/\/linkedin.com\/shareArticle?mini=true&#038;title=Sandoval%20y%20lo%20que%20espera%20tras%20jornada%20%E2%80%9CAys%C3%A9n%20al%202050%E2%80%9D%3A%20%E2%80%9CEsperamos%20se%20fije%20la%20hoja%20de%20ruta%20que%20nos%20permita%20dar%20el%20salto%20en%20materia%20de%20desarrollo%20y%20ser%20un%20gran%20aporte%20al%20pa%C3%ADs%E2%80%9D&#038;url=https:\/\/radiorevelacionfm.cl\/?p=48846' aria-hidden='false' data-av_icon='\ue8fc' data-av_iconfont='entypo-fontello' title='' data-avia-related-tooltip='Compartir en LinkedIn' rel=\"noopener\"><span class='avia_hidden_link_text'>Compartir en LinkedIn<\/span><\/a><\/li><li class='av-share-link av-social-link-mail' ><a  aria-label=\"Compartir por correo\" href='mailto:?subject=Sandoval%20y%20lo%20que%20espera%20tras%20jornada%20%E2%80%9CAys%C3%A9n%20al%202050%E2%80%9D%3A%20%E2%80%9CEsperamos%20se%20fije%20la%20hoja%20de%20ruta%20que%20nos%20permita%20dar%20el%20salto%20en%20materia%20de%20desarrollo%20y%20ser%20un%20gran%20aporte%20al%20pa%C3%ADs%E2%80%9D&#038;body=https:\/\/radiorevelacionfm.cl\/?p=48846' aria-hidden='false' data-av_icon='\ue805' data-av_iconfont='entypo-fontello' title='' data-avia-related-tooltip='Compartir por correo'><span class='avia_hidden_link_text'>Compartir por correo<\/span><\/a><\/li><\/ul><\/div><\/div>\n<div  style='height:50px' class='hr hr-invisible   avia-builder-el-8  el_after_av_social_share  el_before_av_comments_list '><span class='hr-inner ' ><span class='hr-inner-style'><\/span><\/span><\/div>\n<div  class='av-buildercomment  av-blog-meta-html-info-disabled av-blog-meta-tag-disabled  '><\/div>\n","protected":false},"excerpt":{"rendered":"","protected":false},"author":1,"featured_media":31584,"comment_status":"open","ping_status":"open","sticky":false,"template":"","format":"standard","meta":{"footnotes":""},"categories":[35],"tags":[],"class_list":["post-48846","post","type-post","status-publish","format-standard","has-post-thumbnail","hentry","category-politica"],"jetpack_featured_media_url":"https:\/\/radiorevelacionfm.cl\/wp-content\/uploads\/2023\/06\/senador-sandoval-4-1-1.jpg","_links":{"self":[{"href":"https:\/\/radiorevelacionfm.cl\/index.php?rest_route=\/wp\/v2\/posts\/48846","targetHints":{"allow":["GET"]}}],"collection":[{"href":"https:\/\/radiorevelacionfm.cl\/index.php?rest_route=\/wp\/v2\/posts"}],"about":[{"href":"https:\/\/radiorevelacionfm.cl\/index.php?rest_route=\/wp\/v2\/types\/post"}],"author":[{"embeddable":true,"href":"https:\/\/radiorevelacionfm.cl\/index.php?rest_route=\/wp\/v2\/users\/1"}],"replies":[{"embeddable":true,"href":"https:\/\/radiorevelacionfm.cl\/index.php?rest_route=%2Fwp%2Fv2%2Fcomments&post=48846"}],"version-history":[{"count":1,"href":"https:\/\/radiorevelacionfm.cl\/index.php?rest_route=\/wp\/v2\/posts\/48846\/revisions"}],"predecessor-version":[{"id":48847,"href":"https:\/\/radiorevelacionfm.cl\/index.php?rest_route=\/wp\/v2\/posts\/48846\/revisions\/48847"}],"wp:featuredmedia":[{"embeddable":true,"href":"https:\/\/radiorevelacionfm.cl\/index.php?rest_route=\/wp\/v2\/media\/31584"}],"wp:attachment":[{"href":"https:\/\/radiorevelacionfm.cl\/index.php?rest_route=%2Fwp%2Fv2%2Fmedia&parent=48846"}],"wp:term":[{"taxonomy":"category","embeddable":true,"href":"https:\/\/radiorevelacionfm.cl\/index.php?rest_route=%2Fwp%2Fv2%2Fcategories&post=48846"},{"taxonomy":"post_tag","embeddable":true,"href":"https:\/\/radiorevelacionfm.cl\/index.php?rest_route=%2Fwp%2Fv2%2Ftags&post=48846"}],"curies":[{"name":"wp","href":"https:\/\/api.w.org\/{rel}","templated":true}]}}