{"id":48843,"date":"2024-12-12T17:19:10","date_gmt":"2024-12-12T20:19:10","guid":{"rendered":"https:\/\/radiorevelacionfm.cl\/?p=48843"},"modified":"2024-12-12T17:19:34","modified_gmt":"2024-12-12T20:19:34","slug":"mas-de-500-pescadores-de-cisnes-y-guaitecas-seran-beneficiados-mediante-concurso-de-indespa","status":"publish","type":"post","link":"https:\/\/radiorevelacionfm.cl\/?p=48843","title":{"rendered":"M\u00e1s de 500 pescadores\/as de Cisnes y Guaitecas ser\u00e1n beneficiados mediante concurso de INDESPA"},"content":{"rendered":"<div class=\"flex_column av_one_full  flex_column_div av-zero-column-padding first  avia-builder-el-0  el_before_av_one_full  avia-builder-el-first  \" style='border-radius:0px; '><div  class='avia-image-container  av-styling-    avia-builder-el-1  avia-builder-el-no-sibling  avia-align-center '  itemprop=\"image\" itemscope=\"itemscope\" itemtype=\"https:\/\/schema.org\/ImageObject\"  ><div class='avia-image-container-inner'><div class='avia-image-overlay-wrap'><img decoding=\"async\" class='wp-image-29527 avia-img-lazy-loading-not-29527 avia_image' src=\"https:\/\/radiorevelacionfm.cl\/wp-content\/uploads\/2023\/03\/pesca-1-1-1_optimized-1.jpg\" alt='' title='pesca-1-(1)-(1)_optimized (1)' height=\"600\" width=\"1067\"  itemprop=\"thumbnailUrl\" srcset=\"https:\/\/radiorevelacionfm.cl\/wp-content\/uploads\/2023\/03\/pesca-1-1-1_optimized-1.jpg 1067w, https:\/\/radiorevelacionfm.cl\/wp-content\/uploads\/2023\/03\/pesca-1-1-1_optimized-1-300x169.jpg 300w, https:\/\/radiorevelacionfm.cl\/wp-content\/uploads\/2023\/03\/pesca-1-1-1_optimized-1-1030x579.jpg 1030w, https:\/\/radiorevelacionfm.cl\/wp-content\/uploads\/2023\/03\/pesca-1-1-1_optimized-1-768x432.jpg 768w, https:\/\/radiorevelacionfm.cl\/wp-content\/uploads\/2023\/03\/pesca-1-1-1_optimized-1-705x396.jpg 705w, https:\/\/radiorevelacionfm.cl\/wp-content\/uploads\/2023\/03\/pesca-1-1-1_optimized-1-450x253.jpg 450w, https:\/\/radiorevelacionfm.cl\/wp-content\/uploads\/2023\/03\/pesca-1-1-1_optimized-1-600x337.jpg 600w\" sizes=\"(max-width: 1067px) 100vw, 1067px\" \/><\/div><\/div><\/div><\/div>\n<div class=\"flex_column av_one_full  flex_column_div av-zero-column-padding first  avia-builder-el-2  el_after_av_one_full  el_before_av_one_full  column-top-margin\" style='border-radius:0px; '><section class=\"av_textblock_section \"  itemscope=\"itemscope\" itemtype=\"https:\/\/schema.org\/BlogPosting\" itemprop=\"blogPost\" ><div class='avia_textblock  '   itemprop=\"text\" ><p style=\"text-align: center;\"><strong><span style=\"font-size: 18pt;\">M\u00e1s de 500 pescadores\/as de Cisnes y Guaitecas ser\u00e1n beneficiados mediante concurso de INDESPA<\/span><\/strong><\/p>\n<div id=\"gtx-trans\" style=\"position: absolute; left: -50px; top: 4.31534px;\">\n<div class=\"gtx-trans-icon\"><\/div>\n<\/div>\n<\/div><\/section><\/div><div class=\"flex_column av_one_full  flex_column_div av-zero-column-padding first  avia-builder-el-4  el_after_av_one_full  el_before_av_hr  column-top-margin\" style='border-radius:0px; '><section class=\"av_textblock_section \"  itemscope=\"itemscope\" itemtype=\"https:\/\/schema.org\/BlogPosting\" itemprop=\"blogPost\" ><div class='avia_textblock  '   itemprop=\"text\" ><p style=\"text-align: justify;\"><em>La convocatoria denominada \u201cCapacitaci\u00f3n para pescadores y pescadoras artesanales de la Regi\u00f3n de Ays\u00e9n, comuna de Guaitecas y Cisnes 2024\u201d, busca aumentar las capacidades productivas y comerciales a trave\u0301s de capacitaciones y manutenci\u00f3n que contribuir\u00e1n al desarrollo de la pesca artesanal. Estos recursos provienen del acuerdo de Zonas Contiguas, complementado con recursos provenientes de INDESPA.<\/em><\/p>\n<p style=\"text-align: justify;\">El concurso estuvo dirigido a pescadores y pescadoras artesanales, en cualquiera de sus categor\u00edas, que hayan estado debidamente inscritos en el Registro de Pescadores Artesanales (RPA) de la Regi\u00f3n de Ays\u00e9n a cargo de Sernapesca; quienes postularon mediante el patrocinio de una organizaci\u00f3n de pescadores artesanales inscrita en Registro de Organizaciones Artesanales (ROA) de nuestra regi\u00f3n. De este modo, 543 pescadores y pescadoras de Guaitecas y Cisnes, fueron seleccionados para formar parte de este proceso que incluye un plan formativo mediante capacitaciones, las que se desarrollar\u00e1n de manera modular y presencial, sumando entre ambas un total de 90 horas. Considerando niveles crecientes de desarrollo de habilidades y conocimientos. Adem\u00e1s, cada persona beneficiaria recibir\u00e1 un aporte pecuniario no reembolsable, personal e intransferible.<\/p>\n<p style=\"text-align: justify;\">El Seremi de Econom\u00eda, Fomento y Turismo de la Regi\u00f3n de Ays\u00e9n, Felipe Rojas relev\u00f3 la importancia de esta acci\u00f3n que permitir\u00e1 robustecer la actividad; <em>\u201cDesde el Gobierno del Presidente Boric y en espec\u00edfico desde el Ministerio de Econom\u00eda, Indespa cumple un rol fundamental, ya que son los encargados del fortalecimiento y el desarrollo de la pesca artesanal y la acuicultura de peque\u00f1a escala. En el caso de regi\u00f3n de Ays\u00e9n, existen distintos proyectos particularmente este que aborda los desaf\u00edos de comunidades como Melinka y Ra\u00fal Mar\u00edn Balmaceda para el desarrollo de su actividad. Estos recursos provienen de los acuerdos de Zonas Contiguas del 2023 y que son complementados con recursos de Indespa. Tenemos confianza que para quienes participan en estos cursos, sean de una gran utilidad y puedan obtener un buen provecho de ellos\u201d.<\/em><\/p>\n<p style=\"text-align: justify;\">La representante regional de Indespa, Andrea Paillacar, quien ha desarrollado un trabajo cercano y consistente en el tiempo en todo el litoral de Ays\u00e9n, coment\u00f3 que: <em>\u201cComo Indespa nos encontramos ejecutando un concurso territorial de capacitaci\u00f3n de pescadores artesanales. Esta convocatoria busca contribuir al desarrollo sustentable de la pesca artesanal en caletas, en espec\u00edfico en Guaitecas y Ra\u00fal Mar\u00edn Balmaceda, aumentando sus capacidades mediante capacitaciones y una manutenci\u00f3n que contribuye a su desarrollo. Este concurso financia 2 l\u00edneas; un plan formativo con 3 capacitaciones de 90 horas cada una, adem\u00e1s finalizando esto, se entrega un aporte pecuniario, no reembolsable a cada pescador que logre certificarse en a trav\u00e9s de este concurso\u201d.<\/em><\/p>\n<p style=\"text-align: justify;\">Por su parte, Blas Quiroga Director Zonal de Pesca de la Regi\u00f3n de Ays\u00e9n, puso sobre relieve la importancia de este tipo de cursos para el desarrollo del litoral: <em>\u201cEs muy gratificante informar que se dio inicio a los cursos de capacitaci\u00f3n para 548 pescadoras y pescadores, espec\u00edficamente de las localidades de Melinka, Repollal y Ra\u00fal Mar\u00edn Balmaceda. Estas capacitaciones comenzaron el 9 de Diciembre y se extender\u00e1n hasta el 21 del mismo mes. De este modo, damos por cumplido el acuerdo tomado con los pescadores y pescadoras de Guaitecas el 19 de junio de este a\u00f1o. Esperamos seguir contribuyendo al desarrollo de los pescadores de nuestra regi\u00f3n, para un futuro mejor tanto para ellos, como para sus familias\u201d.<\/em><\/p>\n<p style=\"text-align: justify;\">De este modo, Indespa posibilita el desarrollo de las capacidades de las y los pescadores artesanales del litoral de Ays\u00e9n, robusteciendo e incorporando competencias para mejorar sus procesos y su posterior trabajo en la comercializaci\u00f3n, agreg\u00e1ndole valor y proyectando el desarrollo integral de las caletas de modo inclusivo y con un enfoque sostenible.<\/p>\n<\/div><\/section><\/div><\/p>\n<div  style='height:50px' class='hr hr-invisible   avia-builder-el-6  el_after_av_one_full  el_before_av_social_share '><span class='hr-inner ' ><span class='hr-inner-style'><\/span><\/span><\/div>\n<div  class='av-social-sharing-box  avia-builder-el-7  el_after_av_hr  el_before_av_hr  '><div class='av-share-box'><h5 class='av-share-link-description av-no-toc '>Compartir esta noticia<\/h5><ul class='av-share-box-list noLightbox'><li class='av-share-link av-social-link-facebook' ><a target=\"_blank\" aria-label=\"Compartir en Facebook\" href='https:\/\/www.facebook.com\/sharer.php?u=https:\/\/radiorevelacionfm.cl\/?p=48843&#038;t=M%C3%A1s%20de%20500%20pescadores%2Fas%20de%20Cisnes%20y%20Guaitecas%20ser%C3%A1n%20beneficiados%20mediante%20concurso%20de%20INDESPA' aria-hidden='false' data-av_icon='\ue8f3' data-av_iconfont='entypo-fontello' title='' data-avia-related-tooltip='Compartir en Facebook' rel=\"noopener\"><span class='avia_hidden_link_text'>Compartir en Facebook<\/span><\/a><\/li><li class='av-share-link av-social-link-twitter' ><a target=\"_blank\" aria-label=\"Compartir en Twitter\" href='https:\/\/twitter.com\/share?text=M%C3%A1s%20de%20500%20pescadores%2Fas%20de%20Cisnes%20y%20Guaitecas%20ser%C3%A1n%20beneficiados%20mediante%20concurso%20de%20INDESPA&#038;url=https:\/\/radiorevelacionfm.cl\/?p=48843' aria-hidden='false' data-av_icon='\ue8f1' data-av_iconfont='entypo-fontello' title='' data-avia-related-tooltip='Compartir en Twitter' rel=\"noopener\"><span class='avia_hidden_link_text'>Compartir en Twitter<\/span><\/a><\/li><li class='av-share-link av-social-link-whatsapp' ><a target=\"_blank\" aria-label=\"Compartir en Whatsapp\" href='https:\/\/api.whatsapp.com\/send?text=https:\/\/radiorevelacionfm.cl\/?p=48843' aria-hidden='false' data-av_icon='\uf232' data-av_iconfont='entypo-fontello' title='' data-avia-related-tooltip='Compartir en Whatsapp' rel=\"noopener\"><span class='avia_hidden_link_text'>Compartir en Whatsapp<\/span><\/a><\/li><li class='av-share-link av-social-link-linkedin' ><a target=\"_blank\" aria-label=\"Compartir en LinkedIn\" href='https:\/\/linkedin.com\/shareArticle?mini=true&#038;title=M%C3%A1s%20de%20500%20pescadores%2Fas%20de%20Cisnes%20y%20Guaitecas%20ser%C3%A1n%20beneficiados%20mediante%20concurso%20de%20INDESPA&#038;url=https:\/\/radiorevelacionfm.cl\/?p=48843' aria-hidden='false' data-av_icon='\ue8fc' data-av_iconfont='entypo-fontello' title='' data-avia-related-tooltip='Compartir en LinkedIn' rel=\"noopener\"><span class='avia_hidden_link_text'>Compartir en LinkedIn<\/span><\/a><\/li><li class='av-share-link av-social-link-mail' ><a  aria-label=\"Compartir por correo\" href='mailto:?subject=M%C3%A1s%20de%20500%20pescadores%2Fas%20de%20Cisnes%20y%20Guaitecas%20ser%C3%A1n%20beneficiados%20mediante%20concurso%20de%20INDESPA&#038;body=https:\/\/radiorevelacionfm.cl\/?p=48843' aria-hidden='false' data-av_icon='\ue805' data-av_iconfont='entypo-fontello' title='' data-avia-related-tooltip='Compartir por correo'><span class='avia_hidden_link_text'>Compartir por correo<\/span><\/a><\/li><\/ul><\/div><\/div>\n<div  style='height:50px' class='hr hr-invisible   avia-builder-el-8  el_after_av_social_share  el_before_av_comments_list '><span class='hr-inner ' ><span class='hr-inner-style'><\/span><\/span><\/div>\n<div  class='av-buildercomment  av-blog-meta-html-info-disabled av-blog-meta-tag-disabled  '><\/div>\n","protected":false},"excerpt":{"rendered":"","protected":false},"author":1,"featured_media":29527,"comment_status":"open","ping_status":"open","sticky":false,"template":"","format":"standard","meta":{"footnotes":""},"categories":[60],"tags":[],"class_list":["post-48843","post","type-post","status-publish","format-standard","has-post-thumbnail","hentry","category-pesca"],"jetpack_featured_media_url":"https:\/\/radiorevelacionfm.cl\/wp-content\/uploads\/2023\/03\/pesca-1-1-1_optimized-1.jpg","_links":{"self":[{"href":"https:\/\/radiorevelacionfm.cl\/index.php?rest_route=\/wp\/v2\/posts\/48843","targetHints":{"allow":["GET"]}}],"collection":[{"href":"https:\/\/radiorevelacionfm.cl\/index.php?rest_route=\/wp\/v2\/posts"}],"about":[{"href":"https:\/\/radiorevelacionfm.cl\/index.php?rest_route=\/wp\/v2\/types\/post"}],"author":[{"embeddable":true,"href":"https:\/\/radiorevelacionfm.cl\/index.php?rest_route=\/wp\/v2\/users\/1"}],"replies":[{"embeddable":true,"href":"https:\/\/radiorevelacionfm.cl\/index.php?rest_route=%2Fwp%2Fv2%2Fcomments&post=48843"}],"version-history":[{"count":2,"href":"https:\/\/radiorevelacionfm.cl\/index.php?rest_route=\/wp\/v2\/posts\/48843\/revisions"}],"predecessor-version":[{"id":48845,"href":"https:\/\/radiorevelacionfm.cl\/index.php?rest_route=\/wp\/v2\/posts\/48843\/revisions\/48845"}],"wp:featuredmedia":[{"embeddable":true,"href":"https:\/\/radiorevelacionfm.cl\/index.php?rest_route=\/wp\/v2\/media\/29527"}],"wp:attachment":[{"href":"https:\/\/radiorevelacionfm.cl\/index.php?rest_route=%2Fwp%2Fv2%2Fmedia&parent=48843"}],"wp:term":[{"taxonomy":"category","embeddable":true,"href":"https:\/\/radiorevelacionfm.cl\/index.php?rest_route=%2Fwp%2Fv2%2Fcategories&post=48843"},{"taxonomy":"post_tag","embeddable":true,"href":"https:\/\/radiorevelacionfm.cl\/index.php?rest_route=%2Fwp%2Fv2%2Ftags&post=48843"}],"curies":[{"name":"wp","href":"https:\/\/api.w.org\/{rel}","templated":true}]}}