{"id":48839,"date":"2024-12-12T21:15:10","date_gmt":"2024-12-13T00:15:10","guid":{"rendered":"https:\/\/radiorevelacionfm.cl\/?p=48839"},"modified":"2024-12-12T21:15:10","modified_gmt":"2024-12-13T00:15:10","slug":"buscan-potenciar-la-gran-reserva-fiscal-torres-del-avellano","status":"publish","type":"post","link":"https:\/\/radiorevelacionfm.cl\/?p=48839","title":{"rendered":"Buscan potenciar la gran reserva fiscal Torres del Avellano"},"content":{"rendered":"<div class=\"flex_column av_one_full  flex_column_div av-zero-column-padding first  avia-builder-el-0  el_before_av_one_full  avia-builder-el-first  \" style='border-radius:0px; '><div  class='avia-image-container  av-styling-    avia-builder-el-1  avia-builder-el-no-sibling  avia-align-center '  itemprop=\"image\" itemscope=\"itemscope\" itemtype=\"https:\/\/schema.org\/ImageObject\"  ><div class='avia-image-container-inner'><div class='avia-image-overlay-wrap'><img decoding=\"async\" class='wp-image-48841 avia-img-lazy-loading-not-48841 avia_image' src=\"https:\/\/radiorevelacionfm.cl\/wp-content\/uploads\/2024\/12\/imagen-per-turismo-1_optimized-1.jpg\" alt='' title='imagen-per-turismo-(1)_optimized (1)' height=\"600\" width=\"854\"  itemprop=\"thumbnailUrl\" srcset=\"https:\/\/radiorevelacionfm.cl\/wp-content\/uploads\/2024\/12\/imagen-per-turismo-1_optimized-1.jpg 854w, https:\/\/radiorevelacionfm.cl\/wp-content\/uploads\/2024\/12\/imagen-per-turismo-1_optimized-1-300x211.jpg 300w, https:\/\/radiorevelacionfm.cl\/wp-content\/uploads\/2024\/12\/imagen-per-turismo-1_optimized-1-768x540.jpg 768w, https:\/\/radiorevelacionfm.cl\/wp-content\/uploads\/2024\/12\/imagen-per-turismo-1_optimized-1-705x495.jpg 705w, https:\/\/radiorevelacionfm.cl\/wp-content\/uploads\/2024\/12\/imagen-per-turismo-1_optimized-1-450x316.jpg 450w, https:\/\/radiorevelacionfm.cl\/wp-content\/uploads\/2024\/12\/imagen-per-turismo-1_optimized-1-600x422.jpg 600w\" sizes=\"(max-width: 854px) 100vw, 854px\" \/><\/div><\/div><\/div><\/div><div class=\"flex_column av_one_full  flex_column_div av-zero-column-padding first  avia-builder-el-2  el_after_av_one_full  el_before_av_one_full  column-top-margin\" style='border-radius:0px; '><section class=\"av_textblock_section \"  itemscope=\"itemscope\" itemtype=\"https:\/\/schema.org\/BlogPosting\" itemprop=\"blogPost\" ><div class='avia_textblock  '   itemprop=\"text\" ><p style=\"text-align: center;\"><strong><span style=\"font-size: 18pt;\">Buscan potenciar la gran reserva fiscal Torres del Avellano<\/span><\/strong><\/p>\n<div id=\"gtx-trans\" style=\"position: absolute; left: -50px; top: 4.31534px;\">\n<div class=\"gtx-trans-icon\"><\/div>\n<\/div>\n<\/div><\/section><\/div><div class=\"flex_column av_one_full  flex_column_div av-zero-column-padding first  avia-builder-el-4  el_after_av_one_full  el_before_av_hr  column-top-margin\" style='border-radius:0px; '><section class=\"av_textblock_section \"  itemscope=\"itemscope\" itemtype=\"https:\/\/schema.org\/BlogPosting\" itemprop=\"blogPost\" ><div class='avia_textblock  '   itemprop=\"text\" ><p style=\"text-align: justify;\"><em>Bienes Nacionales dialoga con Corporaci\u00f3n para formalizar Permisos de Acceso a Predios Fiscales en sector Torres del Avellano. <\/em><em>El Ministerio anunci\u00f3 la ejecuci\u00f3n de un estudio de la propiedad fiscal para definir un Plan de Gesti\u00f3n Integral.<\/em><\/p>\n<p style=\"text-align: justify;\">La Secretaria Regional Ministerial de Bienes Nacionales de Ays\u00e9n se reuni\u00f3 con la directiva de la recientemente conformada Corporaci\u00f3n Torres del Avellano, instancia que agrupa a treinta socios en torno al inter\u00e9s de potenciar la gran reserva fiscal Torres del Avellano; m\u00e1s de 139 mil hect\u00e1reas, que involucra un extenso territorio que incorpora numerosas cuencas hidrogr\u00e1ficas, valles, montes, planicies, desde la altura del Lago General Carrera aproximadamente a 200 msnm. hasta la cima de montes que llegan a los 1.800 msnm, adem\u00e1s de estar rodeado de importantes atractivos culturales como son Villa Cerro Castillo, los Parques Nacionales Laguna San Rafael, Parque Nacional Patagonia, r\u00edo Baker y conectado a la Carretera Austral.<\/p>\n<p style=\"text-align: justify;\">La reuni\u00f3n realizada en sede del Adulto Mayor de Villa Cerro Castillo, surgi\u00f3 como compromiso de la Mesa que conforman Bienes Nacionales, Sernatur y Seremi del Medio Ambiente, donde se plasm\u00f3 la importancia de relevar el atractivo tur\u00edstico de las Torres del Avellano -sin perder el foco en otros usos-. En esta se contempl\u00f3 la presentaci\u00f3n de la Corporaci\u00f3n, quienes persiguen la intenci\u00f3n de que el territorio sea declarado como \u00c1rea de Conservaci\u00f3n de M\u00faltiples Usos al alero de la nueva Ley del Servicio de Biodiversidad y \u00c1reas Protegidas (SBAP). As\u00ed tambi\u00e9n, la Seremi de Bienes Nacionales de Ays\u00e9n, se\u00f1al\u00f3 la importancia de tener certezas respecto de esta amplia extensi\u00f3n de territorio fiscal, donde es importante la definici\u00f3n de accesos p\u00fablicos que garanticen los m\u00faltiples usos en alta monta\u00f1a, as\u00ed tambi\u00e9n, sus herramientas de administraci\u00f3n como v\u00ednculo con el Ministerio.<\/p>\n<p style=\"text-align: justify;\">Posterior a las presentaciones, la autoridad regional de la cartera que administra la propiedad fiscal de Ays\u00e9n, inform\u00f3 a la agrupaci\u00f3n que el Ministerio de Bienes Nacionales, debido al gran inter\u00e9s que existe por parte de diferentes actores, de determinar los usos de esta importante \u00e1rea fiscal, prontamente ejecutar\u00e1 el estudio que dar\u00e1 como resultado un Plan de Gesti\u00f3n Integral, que busca un proceso de ordenamiento territorial y macrozonificaci\u00f3n con miras a su administraci\u00f3n compatibilizando el entorno social, las actividades y usos tradicionales, siempre con la visi\u00f3n de garantizar el acceso a todo p\u00fablico de los espacios naturales.<\/p>\n<p style=\"text-align: justify;\">\u201cConversamos sobre c\u00f3mo poder gestionar mejor la administraci\u00f3n de esta gran \u00e1rea fiscal que corresponde a la zona de las Torres del Avellano. Es una conversaci\u00f3n que tenemos desde hace tiempo con la Municipalidad de Ib\u00e1\u00f1ez y que actualmente la Corporaci\u00f3n est\u00e1 canalizando\u2026 hoy estuvimos revisando qu\u00e9 herramientas de gesti\u00f3n de la propiedad fiscal tenemos disponibles para que ellos puedan trabajar en esa zona, especialmente en el \u00e1mbito del turismo, que ellos lo han planteado como una prioridad. Estamos trabajando como Ministerio en un estudio, que significa una gesti\u00f3n integrada de esta gran reserva fiscal\u201d, sostuvo la autoridad, agregando que \u201cpor otra parte tambi\u00e9n tenemos el permiso de acceso a predio fiscal, que es una herramienta que permite formalizar a quienes son operadores tur\u00edsticos y est\u00e1n trabajando en esta zona\u201d, expres\u00f3 Irina Morend Valdebenito.<\/p>\n<p style=\"text-align: justify;\">Edith Alarc\u00f3n, presidenta de la Corporaci\u00f3n, agradeci\u00f3 la instancia de di\u00e1logo con la autoridad y Sernatur, \u201cnosotros quedamos contentos, agradecidos de que la Seremi haya venido a reunirse con la directiva de la Corporaci\u00f3n, que nos hayan presentado las dos herramientas que tienen disponibles y bueno, las otras que existen, con las cuales podemos trabajar y difundir hacia los gu\u00edas tur\u00edsticos, lo cual es importante para partir haciendo las cosas bien\u201d, sostuvo, a\u00f1adiendo la importancia de desarrollar un estudio del extenso sector, \u201cel \u00fanico objetivo que tenemos es conservaci\u00f3n, que lleguemos a acuerdos, que el lugar se use de buena manera. Muy felices y contentos y bien porque existen herramientas para poder hacer las cosas bien y eso es lo importante para nosotros, as\u00ed vamos todos por la misma causa, para que as\u00ed se pueda trabajar tambi\u00e9n las veranadas, m\u00faltiples usos, yo creo que van a venir estudios cient\u00edficos, lo que igual es interesante para todos, la flora, fauna, sotobosques, tantos temas que es interesante\u2026se viene un mundo de cosas\u201d, expres\u00f3 la dirigenta.<\/p>\n<p style=\"text-align: justify;\">Tradicionalmente, el sector ha sido utilizado para actividades como veranadas, senderismo y turismo en sus diferentes aristas debido al atractivo que representan las Torres del Avellano, donde es conocido el dinamismo econ\u00f3mico que se genera; no obstante, las diferentes actividades no est\u00e1n formalizadas frente al propietario, es decir, El Fisco de Chile. En ese contexto, sobre la herramienta del Permiso de Acceso a Predios Fiscales, la Seremi de Bienes Nacionales de Ays\u00e9n resalt\u00f3 que a corto plazo, \u201clo que estamos buscando es canalizar por la v\u00eda formal el uso de esta gran \u00e1rea fiscal para que as\u00ed podamos potenciarla en distintos aspectos, tanto el punto de vista como de la investigaci\u00f3n, como tambi\u00e9n del cuidado de esta gran \u00e1rea fiscal, asimismo, desde el punto de vista de la reactivaci\u00f3n econ\u00f3mica y el turismo que es tremendamente relevante en esta zona\u201d, expres\u00f3, destacando igualmente los otros usos hist\u00f3ricos que se desarrollan como \u201cla ganader\u00eda, tambi\u00e9n es una actividad importante que manifiestan los pobladores quienes utilizan veranadas, a quienes les interesa tambi\u00e9n tener estos permisos para acceder a la propiedad fiscal, ya que si bien estamos hablando de que el turismo es un foco importante, hay un multiuso que se da en este territorio, que lo importante, a trav\u00e9s nuestro, como Ministerio de Bienes Nacionales poder hacer esta gesti\u00f3n integrada de la propiedad fiscal, y el estudio viene en esa sinton\u00eda para poder definir macrozonificaciones que nos permitan administrar cada uno de los pol\u00edgonos o sectores de esta gran \u00e1rea fiscal\u201d, finaliz\u00f3 Irina Morend Valdebenito respecto de la herramienta que consiste en una resoluci\u00f3n (acto administrativo) en que se especifica el permiso que otorga el Fisco para ingresar a sectores fiscales.<\/p>\n<\/div><\/section><\/div><div  style='height:50px' class='hr hr-invisible   avia-builder-el-6  el_after_av_one_full  el_before_av_social_share '><span class='hr-inner ' ><span class='hr-inner-style'><\/span><\/span><\/div><\/p>\n<div  class='av-social-sharing-box  avia-builder-el-7  el_after_av_hr  el_before_av_hr  '><div class='av-share-box'><h5 class='av-share-link-description av-no-toc '>Compartir esta noticia<\/h5><ul class='av-share-box-list noLightbox'><li class='av-share-link av-social-link-facebook' ><a target=\"_blank\" aria-label=\"Compartir en Facebook\" href='https:\/\/www.facebook.com\/sharer.php?u=https:\/\/radiorevelacionfm.cl\/?p=48839&#038;t=Buscan%20potenciar%20la%20gran%20reserva%20fiscal%20Torres%20del%20Avellano' aria-hidden='false' data-av_icon='\ue8f3' data-av_iconfont='entypo-fontello' title='' data-avia-related-tooltip='Compartir en Facebook' rel=\"noopener\"><span class='avia_hidden_link_text'>Compartir en Facebook<\/span><\/a><\/li><li class='av-share-link av-social-link-twitter' ><a target=\"_blank\" aria-label=\"Compartir en Twitter\" href='https:\/\/twitter.com\/share?text=Buscan%20potenciar%20la%20gran%20reserva%20fiscal%20Torres%20del%20Avellano&#038;url=https:\/\/radiorevelacionfm.cl\/?p=48839' aria-hidden='false' data-av_icon='\ue8f1' data-av_iconfont='entypo-fontello' title='' data-avia-related-tooltip='Compartir en Twitter' rel=\"noopener\"><span class='avia_hidden_link_text'>Compartir en Twitter<\/span><\/a><\/li><li class='av-share-link av-social-link-whatsapp' ><a target=\"_blank\" aria-label=\"Compartir en Whatsapp\" href='https:\/\/api.whatsapp.com\/send?text=https:\/\/radiorevelacionfm.cl\/?p=48839' aria-hidden='false' data-av_icon='\uf232' data-av_iconfont='entypo-fontello' title='' data-avia-related-tooltip='Compartir en Whatsapp' rel=\"noopener\"><span class='avia_hidden_link_text'>Compartir en Whatsapp<\/span><\/a><\/li><li class='av-share-link av-social-link-linkedin' ><a target=\"_blank\" aria-label=\"Compartir en LinkedIn\" href='https:\/\/linkedin.com\/shareArticle?mini=true&#038;title=Buscan%20potenciar%20la%20gran%20reserva%20fiscal%20Torres%20del%20Avellano&#038;url=https:\/\/radiorevelacionfm.cl\/?p=48839' aria-hidden='false' data-av_icon='\ue8fc' data-av_iconfont='entypo-fontello' title='' data-avia-related-tooltip='Compartir en LinkedIn' rel=\"noopener\"><span class='avia_hidden_link_text'>Compartir en LinkedIn<\/span><\/a><\/li><li class='av-share-link av-social-link-mail' ><a  aria-label=\"Compartir por correo\" href='mailto:?subject=Buscan%20potenciar%20la%20gran%20reserva%20fiscal%20Torres%20del%20Avellano&#038;body=https:\/\/radiorevelacionfm.cl\/?p=48839' aria-hidden='false' data-av_icon='\ue805' data-av_iconfont='entypo-fontello' title='' data-avia-related-tooltip='Compartir por correo'><span class='avia_hidden_link_text'>Compartir por correo<\/span><\/a><\/li><\/ul><\/div><\/div>\n<div  style='height:50px' class='hr hr-invisible   avia-builder-el-8  el_after_av_social_share  el_before_av_comments_list '><span class='hr-inner ' ><span class='hr-inner-style'><\/span><\/span><\/div>\n<div  class='av-buildercomment  av-blog-meta-html-info-disabled av-blog-meta-tag-disabled  '><\/div>\n","protected":false},"excerpt":{"rendered":"","protected":false},"author":1,"featured_media":48841,"comment_status":"open","ping_status":"open","sticky":false,"template":"","format":"standard","meta":{"footnotes":""},"categories":[38],"tags":[],"class_list":["post-48839","post","type-post","status-publish","format-standard","has-post-thumbnail","hentry","category-regional"],"jetpack_featured_media_url":"https:\/\/radiorevelacionfm.cl\/wp-content\/uploads\/2024\/12\/imagen-per-turismo-1_optimized-1.jpg","_links":{"self":[{"href":"https:\/\/radiorevelacionfm.cl\/index.php?rest_route=\/wp\/v2\/posts\/48839","targetHints":{"allow":["GET"]}}],"collection":[{"href":"https:\/\/radiorevelacionfm.cl\/index.php?rest_route=\/wp\/v2\/posts"}],"about":[{"href":"https:\/\/radiorevelacionfm.cl\/index.php?rest_route=\/wp\/v2\/types\/post"}],"author":[{"embeddable":true,"href":"https:\/\/radiorevelacionfm.cl\/index.php?rest_route=\/wp\/v2\/users\/1"}],"replies":[{"embeddable":true,"href":"https:\/\/radiorevelacionfm.cl\/index.php?rest_route=%2Fwp%2Fv2%2Fcomments&post=48839"}],"version-history":[{"count":1,"href":"https:\/\/radiorevelacionfm.cl\/index.php?rest_route=\/wp\/v2\/posts\/48839\/revisions"}],"predecessor-version":[{"id":48842,"href":"https:\/\/radiorevelacionfm.cl\/index.php?rest_route=\/wp\/v2\/posts\/48839\/revisions\/48842"}],"wp:featuredmedia":[{"embeddable":true,"href":"https:\/\/radiorevelacionfm.cl\/index.php?rest_route=\/wp\/v2\/media\/48841"}],"wp:attachment":[{"href":"https:\/\/radiorevelacionfm.cl\/index.php?rest_route=%2Fwp%2Fv2%2Fmedia&parent=48839"}],"wp:term":[{"taxonomy":"category","embeddable":true,"href":"https:\/\/radiorevelacionfm.cl\/index.php?rest_route=%2Fwp%2Fv2%2Fcategories&post=48839"},{"taxonomy":"post_tag","embeddable":true,"href":"https:\/\/radiorevelacionfm.cl\/index.php?rest_route=%2Fwp%2Fv2%2Ftags&post=48839"}],"curies":[{"name":"wp","href":"https:\/\/api.w.org\/{rel}","templated":true}]}}