{"id":48836,"date":"2024-12-12T17:58:21","date_gmt":"2024-12-12T20:58:21","guid":{"rendered":"https:\/\/radiorevelacionfm.cl\/?p=48836"},"modified":"2024-12-12T17:58:21","modified_gmt":"2024-12-12T20:58:21","slug":"17-proyectos-de-aysen-se-adjudican-equipamiento-predial-basico-a-traves-de-conadi","status":"publish","type":"post","link":"https:\/\/radiorevelacionfm.cl\/?p=48836","title":{"rendered":"17 proyectos de Ays\u00e9n se adjudican equipamiento predial b\u00e1sico a trav\u00e9s de Conadi"},"content":{"rendered":"<div class=\"flex_column av_one_full  flex_column_div av-zero-column-padding first  avia-builder-el-0  el_before_av_one_full  avia-builder-el-first  \" style='border-radius:0px; '><div  class='avia-image-container  av-styling-    avia-builder-el-1  avia-builder-el-no-sibling  avia-align-center '  itemprop=\"image\" itemscope=\"itemscope\" itemtype=\"https:\/\/schema.org\/ImageObject\"  ><div class='avia-image-container-inner'><div class='avia-image-overlay-wrap'><img decoding=\"async\" class='wp-image-48837 avia-img-lazy-loading-not-48837 avia_image' src=\"https:\/\/radiorevelacionfm.cl\/wp-content\/uploads\/2024\/12\/equipamiento-grupal-1_optimized-1.jpeg\" alt='' title='equipamiento-grupal-(1)_optimized (1)' height=\"600\" width=\"870\"  itemprop=\"thumbnailUrl\" srcset=\"https:\/\/radiorevelacionfm.cl\/wp-content\/uploads\/2024\/12\/equipamiento-grupal-1_optimized-1.jpeg 870w, https:\/\/radiorevelacionfm.cl\/wp-content\/uploads\/2024\/12\/equipamiento-grupal-1_optimized-1-300x207.jpeg 300w, https:\/\/radiorevelacionfm.cl\/wp-content\/uploads\/2024\/12\/equipamiento-grupal-1_optimized-1-768x530.jpeg 768w, https:\/\/radiorevelacionfm.cl\/wp-content\/uploads\/2024\/12\/equipamiento-grupal-1_optimized-1-705x486.jpeg 705w, https:\/\/radiorevelacionfm.cl\/wp-content\/uploads\/2024\/12\/equipamiento-grupal-1_optimized-1-450x310.jpeg 450w, https:\/\/radiorevelacionfm.cl\/wp-content\/uploads\/2024\/12\/equipamiento-grupal-1_optimized-1-600x414.jpeg 600w\" sizes=\"(max-width: 870px) 100vw, 870px\" \/><\/div><\/div><\/div><\/div><div class=\"flex_column av_one_full  flex_column_div av-zero-column-padding first  avia-builder-el-2  el_after_av_one_full  el_before_av_one_full  column-top-margin\" style='border-radius:0px; '><section class=\"av_textblock_section \"  itemscope=\"itemscope\" itemtype=\"https:\/\/schema.org\/BlogPosting\" itemprop=\"blogPost\" ><div class='avia_textblock  '   itemprop=\"text\" ><p style=\"text-align: center;\"><strong><span style=\"font-size: 18pt;\">17 proyectos de Ays\u00e9n se adjudican equipamiento predial b\u00e1sico a trav\u00e9s de Conadi<\/span><\/strong><\/p>\n<div id=\"gtx-trans\" style=\"position: absolute; left: -50px; top: 4.31534px;\">\n<div class=\"gtx-trans-icon\"><\/div>\n<\/div>\n<\/div><\/section><\/div><div class=\"flex_column av_one_full  flex_column_div av-zero-column-padding first  avia-builder-el-4  el_after_av_one_full  el_before_av_hr  column-top-margin\" style='border-radius:0px; '><section class=\"av_textblock_section \"  itemscope=\"itemscope\" itemtype=\"https:\/\/schema.org\/BlogPosting\" itemprop=\"blogPost\" ><div class='avia_textblock  '   itemprop=\"text\" ><p style=\"text-align: justify;\">Una relevante certificaci\u00f3n para entrega de equipamiento predial b\u00e1sico, se logr\u00f3 concretar en Coyhaique a 17 beneficiarios de la regi\u00f3n de Ays\u00e9n que est\u00e1n inscritos en la Corporaci\u00f3n Nacional de Desarrollo Ind\u00edgena, Conadi y que postularon a trav\u00e9s de sus proyectos al Programa Apoyo a Predios por un monto de $ 93.248.500.-<\/p>\n<p style=\"text-align: justify;\">Con la presencia del Subdirector Nacional Sur de Conadi Mario Sep\u00falveda, la Senadora por la regi\u00f3n de Ays\u00e9n Ximena \u00d3rdenes, la Seremi de Desarrollo Social y Familia Karina Acevedo y el equipo regional de la Oficina de Enlace de Conadi, se desarroll\u00f3 este hito que permitir\u00e1 implementar sus terrenos adquiridos a trav\u00e9s del Fondo de Tierras y Aguas Ind\u00edgenas.<\/p>\n<p style=\"text-align: justify;\">Es as\u00ed, que se financiaron 17 proyectos de equipamiento predial b\u00e1sico, en su mayor\u00eda las iniciativas consisten en adquirir materiales de construcci\u00f3n para la elaboraci\u00f3n de cierres perimetrales, construcci\u00f3n de bodegas y adquisici\u00f3n de equipos b\u00e1sicos como motosierras, ahoyadores y generadores a gasolina.<\/p>\n<p style=\"text-align: justify;\">Haciendo hincapi\u00e9 en los desaf\u00edos para la regi\u00f3n, el Subdirector Nacional Sur de Conadi Mario Sep\u00falveda coment\u00f3 que \u00abEstamos entregando un Fondo que les va a permitir seguir surgiendo, entregando mejor calidad de vida y dignidad a sus familias, as\u00ed que seguiremos como Conadi aportando en el desarrollo productivo de esto, en seguir acerc\u00e1ndonos a la regi\u00f3n de Ays\u00e9n la cual tambi\u00e9n tiene desaf\u00edos y una impronta no menor y es que Conadi siga estando muy presente. Hemos dialogando con distintas comunidades, asociaciones y vamos a seguir esforz\u00e1ndonos en traer mucho m\u00e1s desarrollo, as\u00ed que nos vamos con grandes desaf\u00edos y tareas que nos plante\u00f3 la seremi Karina Acevedo y volveremos pronto para dar cumplimiento a ello\u00bb.<\/p>\n<p style=\"text-align: justify;\">Con emoci\u00f3n, Nancy Arriagada Reyes viaj\u00f3 junto a su peque\u00f1o hijo desde Cochrane para recibir su certificado \u00abSon hartas horas de viaje que valen la pena para recibir este certificado que me permite ir avanzando, yo adem\u00e1s pude participar de la compra de tierras y agradezco al equipo de la Conadi por la asesor\u00eda. Estamos empezando, primero con el cierre, siembra, postular a una casa, son hartas ideas, pero vamos de a poquito avanzando muy contenta\u00bb.<\/p>\n<p style=\"text-align: justify;\">Por su lado la Seremi de Desarrollo Social y Familia Karina Acevedo Auad destac\u00f3 este aporte que permitir\u00e1 recuperar tambi\u00e9n las pr\u00e1cticas ancestrales de los pueblos ind\u00edgenas \u00abEstamos muy contentos con lo que hemos realizado, primero estuvo la entrega de predios y ahora la adjudicaci\u00f3n de estos proyectos que les permitir\u00e1 cerrar sus predios, contar con maquinaria b\u00e1sica para empezar a trabajar. Hemos conversado con las familias y nos han contado el desarrollo de sus emprendimientos y todo lo que les ha costado, as\u00ed que nos deja muy satisfechos como gobierno del presidente Boric, de que estamos entregando estos insumos a comunidades, asociaciones y personas de los pueblos originarios que est\u00e1n ocupados de tener una mejor calidad de vida con sus familias en donde algo muy relevante es que podr\u00e1n recuperar sus pr\u00e1cticas ancestrales tan necesarias y relevantes tambi\u00e9n para la regi\u00f3n de Ays\u00e9n\u00bb.<\/p>\n<p style=\"text-align: justify;\">Finalmente y destacando la mirada del Congreso hacia la Corporaci\u00f3n Nacional de Desarrollo Ind\u00edgena \u00a0a trav\u00e9s de la aprobada Ley de Presupuesto 2025, la Senadora por la regi\u00f3n Ximena \u00d3rdenes Neira afirm\u00f3 que \u00abValoramos lo que est\u00e1 sucediendo, la idea ahora es entregar todos los insumos para que las familias de asociaciones y comunidades ind\u00edgenas de nuestra regi\u00f3n de Ays\u00e9n no solo sean reconocidas con la entrega de tierras, sino que tambi\u00e9n, con aquellas herramientas necesarias para hacerlas productivas y sobre todo preservar los valores ancestrales y la identidad de los pueblos originarios en Ays\u00e9n\u00bb.<\/p>\n<\/div><\/section><\/div><div  style='height:50px' class='hr hr-invisible   avia-builder-el-6  el_after_av_one_full  el_before_av_social_share '><span class='hr-inner ' ><span class='hr-inner-style'><\/span><\/span><\/div><\/p>\n<div  class='av-social-sharing-box  avia-builder-el-7  el_after_av_hr  el_before_av_hr  '><div class='av-share-box'><h5 class='av-share-link-description av-no-toc '>Compartir esta noticia<\/h5><ul class='av-share-box-list noLightbox'><li class='av-share-link av-social-link-facebook' ><a target=\"_blank\" aria-label=\"Compartir en Facebook\" href='https:\/\/www.facebook.com\/sharer.php?u=https:\/\/radiorevelacionfm.cl\/?p=48836&#038;t=17%20proyectos%20de%20Ays%C3%A9n%20se%20adjudican%20equipamiento%20predial%20b%C3%A1sico%20a%20trav%C3%A9s%20de%20Conadi' aria-hidden='false' data-av_icon='\ue8f3' data-av_iconfont='entypo-fontello' title='' data-avia-related-tooltip='Compartir en Facebook' rel=\"noopener\"><span class='avia_hidden_link_text'>Compartir en Facebook<\/span><\/a><\/li><li class='av-share-link av-social-link-twitter' ><a target=\"_blank\" aria-label=\"Compartir en Twitter\" href='https:\/\/twitter.com\/share?text=17%20proyectos%20de%20Ays%C3%A9n%20se%20adjudican%20equipamiento%20predial%20b%C3%A1sico%20a%20trav%C3%A9s%20de%20Conadi&#038;url=https:\/\/radiorevelacionfm.cl\/?p=48836' aria-hidden='false' data-av_icon='\ue8f1' data-av_iconfont='entypo-fontello' title='' data-avia-related-tooltip='Compartir en Twitter' rel=\"noopener\"><span class='avia_hidden_link_text'>Compartir en Twitter<\/span><\/a><\/li><li class='av-share-link av-social-link-whatsapp' ><a target=\"_blank\" aria-label=\"Compartir en Whatsapp\" href='https:\/\/api.whatsapp.com\/send?text=https:\/\/radiorevelacionfm.cl\/?p=48836' aria-hidden='false' data-av_icon='\uf232' data-av_iconfont='entypo-fontello' title='' data-avia-related-tooltip='Compartir en Whatsapp' rel=\"noopener\"><span class='avia_hidden_link_text'>Compartir en Whatsapp<\/span><\/a><\/li><li class='av-share-link av-social-link-linkedin' ><a target=\"_blank\" aria-label=\"Compartir en LinkedIn\" href='https:\/\/linkedin.com\/shareArticle?mini=true&#038;title=17%20proyectos%20de%20Ays%C3%A9n%20se%20adjudican%20equipamiento%20predial%20b%C3%A1sico%20a%20trav%C3%A9s%20de%20Conadi&#038;url=https:\/\/radiorevelacionfm.cl\/?p=48836' aria-hidden='false' data-av_icon='\ue8fc' data-av_iconfont='entypo-fontello' title='' data-avia-related-tooltip='Compartir en LinkedIn' rel=\"noopener\"><span class='avia_hidden_link_text'>Compartir en LinkedIn<\/span><\/a><\/li><li class='av-share-link av-social-link-mail' ><a  aria-label=\"Compartir por correo\" href='mailto:?subject=17%20proyectos%20de%20Ays%C3%A9n%20se%20adjudican%20equipamiento%20predial%20b%C3%A1sico%20a%20trav%C3%A9s%20de%20Conadi&#038;body=https:\/\/radiorevelacionfm.cl\/?p=48836' aria-hidden='false' data-av_icon='\ue805' data-av_iconfont='entypo-fontello' title='' data-avia-related-tooltip='Compartir por correo'><span class='avia_hidden_link_text'>Compartir por correo<\/span><\/a><\/li><\/ul><\/div><\/div>\n<div  style='height:50px' class='hr hr-invisible   avia-builder-el-8  el_after_av_social_share  el_before_av_comments_list '><span class='hr-inner ' ><span class='hr-inner-style'><\/span><\/span><\/div>\n<div  class='av-buildercomment  av-blog-meta-html-info-disabled av-blog-meta-tag-disabled  '><\/div>\n","protected":false},"excerpt":{"rendered":"","protected":false},"author":1,"featured_media":48837,"comment_status":"open","ping_status":"open","sticky":false,"template":"","format":"standard","meta":{"footnotes":""},"categories":[38],"tags":[],"class_list":["post-48836","post","type-post","status-publish","format-standard","has-post-thumbnail","hentry","category-regional"],"jetpack_featured_media_url":"https:\/\/radiorevelacionfm.cl\/wp-content\/uploads\/2024\/12\/equipamiento-grupal-1_optimized-1.jpeg","_links":{"self":[{"href":"https:\/\/radiorevelacionfm.cl\/index.php?rest_route=\/wp\/v2\/posts\/48836","targetHints":{"allow":["GET"]}}],"collection":[{"href":"https:\/\/radiorevelacionfm.cl\/index.php?rest_route=\/wp\/v2\/posts"}],"about":[{"href":"https:\/\/radiorevelacionfm.cl\/index.php?rest_route=\/wp\/v2\/types\/post"}],"author":[{"embeddable":true,"href":"https:\/\/radiorevelacionfm.cl\/index.php?rest_route=\/wp\/v2\/users\/1"}],"replies":[{"embeddable":true,"href":"https:\/\/radiorevelacionfm.cl\/index.php?rest_route=%2Fwp%2Fv2%2Fcomments&post=48836"}],"version-history":[{"count":1,"href":"https:\/\/radiorevelacionfm.cl\/index.php?rest_route=\/wp\/v2\/posts\/48836\/revisions"}],"predecessor-version":[{"id":48838,"href":"https:\/\/radiorevelacionfm.cl\/index.php?rest_route=\/wp\/v2\/posts\/48836\/revisions\/48838"}],"wp:featuredmedia":[{"embeddable":true,"href":"https:\/\/radiorevelacionfm.cl\/index.php?rest_route=\/wp\/v2\/media\/48837"}],"wp:attachment":[{"href":"https:\/\/radiorevelacionfm.cl\/index.php?rest_route=%2Fwp%2Fv2%2Fmedia&parent=48836"}],"wp:term":[{"taxonomy":"category","embeddable":true,"href":"https:\/\/radiorevelacionfm.cl\/index.php?rest_route=%2Fwp%2Fv2%2Fcategories&post=48836"},{"taxonomy":"post_tag","embeddable":true,"href":"https:\/\/radiorevelacionfm.cl\/index.php?rest_route=%2Fwp%2Fv2%2Ftags&post=48836"}],"curies":[{"name":"wp","href":"https:\/\/api.w.org\/{rel}","templated":true}]}}