{"id":4883,"date":"2021-06-04T10:50:12","date_gmt":"2021-06-04T13:50:12","guid":{"rendered":"https:\/\/radiorevelacionfm.cl\/?p=4883"},"modified":"2021-06-04T10:50:12","modified_gmt":"2021-06-04T13:50:12","slug":"invitan-a-postular-a-la-administracion-del-centro-de-montana-el-fraile","status":"publish","type":"post","link":"https:\/\/radiorevelacionfm.cl\/?p=4883","title":{"rendered":"Invitan a postular a la administraci\u00f3n del Centro de Monta\u00f1a El Fraile"},"content":{"rendered":"<div class=\"flex_column av_one_full  flex_column_div av-zero-column-padding first  avia-builder-el-0  el_before_av_one_full  avia-builder-el-first  \" style='border-radius:0px; '><div  class='avia-image-container  av-styling-    avia-builder-el-1  avia-builder-el-no-sibling  avia-align-center '  itemprop=\"image\" itemscope=\"itemscope\" itemtype=\"https:\/\/schema.org\/ImageObject\"  ><div class='avia-image-container-inner'><div class='avia-image-overlay-wrap'><img decoding=\"async\" class='wp-image-4884 avia-img-lazy-loading-not-4884 avia_image' src=\"https:\/\/radiorevelacionfm.cl\/wp-content\/uploads\/2021\/06\/fraile-ski-1.jpg\" alt='' title='fraile-ski (1)' height=\"639\" width=\"960\"  itemprop=\"thumbnailUrl\" srcset=\"https:\/\/radiorevelacionfm.cl\/wp-content\/uploads\/2021\/06\/fraile-ski-1.jpg 960w, https:\/\/radiorevelacionfm.cl\/wp-content\/uploads\/2021\/06\/fraile-ski-1-300x200.jpg 300w, https:\/\/radiorevelacionfm.cl\/wp-content\/uploads\/2021\/06\/fraile-ski-1-768x511.jpg 768w, https:\/\/radiorevelacionfm.cl\/wp-content\/uploads\/2021\/06\/fraile-ski-1-705x469.jpg 705w, https:\/\/radiorevelacionfm.cl\/wp-content\/uploads\/2021\/06\/fraile-ski-1-600x399.jpg 600w\" sizes=\"(max-width: 960px) 100vw, 960px\" \/><\/div><\/div><\/div><\/div><div class=\"flex_column av_one_full  flex_column_div av-zero-column-padding first  avia-builder-el-2  el_after_av_one_full  el_before_av_one_full  column-top-margin\" style='border-radius:0px; '><section class=\"av_textblock_section \"  itemscope=\"itemscope\" itemtype=\"https:\/\/schema.org\/BlogPosting\" itemprop=\"blogPost\" ><div class='avia_textblock  '   itemprop=\"text\" ><p style=\"text-align: center;\"><strong><span style=\"font-size: 18pt;\">Invitan a postular a la administraci\u00f3n del Centro de Monta\u00f1a El Fraile<\/span><\/strong><\/p>\n<div id=\"gtx-trans\" style=\"position: absolute; left: -50px; top: 4.31534px;\">\n<div class=\"gtx-trans-icon\"><\/div>\n<\/div>\n<\/div><\/section><\/div><div class=\"flex_column av_one_full  flex_column_div av-zero-column-padding first  avia-builder-el-4  el_after_av_one_full  el_before_av_hr  column-top-margin\" style='border-radius:0px; '><section class=\"av_textblock_section \"  itemscope=\"itemscope\" itemtype=\"https:\/\/schema.org\/BlogPosting\" itemprop=\"blogPost\" ><div class='avia_textblock  '   itemprop=\"text\" ><p class=\"v1MsoNormal\" style=\"text-align: justify;\"><span lang=\"ES-MX\">Hasta el 14 de junio se recepcionar\u00e1n los antecedentes <\/span>para requerir la administraci\u00f3n por encargo de gesti\u00f3n del recinto por un\u00a0\u00a0periodo de 2 a\u00f1os.<\/p>\n<p class=\"v1MsoNormal\" style=\"text-align: justify;\"><span lang=\"ES-MX\">Esta semana el Instituto Nacional de Deportes regional comenz\u00f3 la etapa de difusi\u00f3n para\u00a0<\/span> la administraci\u00f3n del inmueble fiscal ubicado en el sector El Fraile y cuyo terreno de 782,41 hect\u00e1reas, est\u00e1 ubicado a unos 1.600 metros sobre el nivel del mar.<\/p>\n<p class=\"v1MsoNormal\" style=\"text-align: justify;\">Al respecto el Seremi del Deporte, Rodrigo Cubilla Retal precis\u00f3 \u00abel Centro de Monta\u00f1a IND El Fraile tiene un inmenso potencial de desarrollo m\u00e1s all\u00e1 del centro de esqu\u00ed y c\u00f3mo Ministerio del Deporte y junto al IND, hemos estado trabajando para poner en valor sus instalaciones, sus rutas de bicicleta, sus senderos de trekking y su entorno natural como destino tur\u00edstico y de\u00a0\u00a0actividad outdoor para disfrutar al aire libre, as\u00ed que invito\u00a0\u00a0a los interesados a informarse y solicitar los antecedentes necesarios seg\u00fan el cronograma publicado\u00bb.<\/p>\n<p class=\"v1MsoNormal\" style=\"text-align: justify;\">Asimismo, el director regional del IND, Jos\u00e9 Manuel Sep\u00falveda precis\u00f3 \u00abel convenio de administraci\u00f3n por encargo de gesti\u00f3n es una modalidad en la que las organizaciones sin fines de lucro postulan al Instituto Nacional de Deportes el encargo de gesti\u00f3n de los recintos deportivos e instalaciones patrimonio del IND, para ello deben presentar en la oficina de partes de la Direcci\u00f3n Regional,\u00a0\u00a0entre otros, una solicitud que incluya a lo menos, el plan de inversi\u00f3n anual a ejecutar en el recinto, con desglose trimestral, calendario de uso y ocupaci\u00f3n del recinto por parte de la entidad administradora y organizaciones usuarias\u00bb.<\/p>\n<p class=\"v1MsoNormal\" style=\"text-align: justify;\"><b>\u00bfQui\u00e9nes pueden postular a la administraci\u00f3n por encargo de gesti\u00f3n?<\/b><\/p>\n<p class=\"v1MsoNormal\" style=\"text-align: justify;\">Adem\u00e1s del Municipio respectivo, las personas naturales o las personas jur\u00eddicas de derecho p\u00fablico o privado con domicilio en la Regi\u00f3n de Ays\u00e9n del General Carlos Ib\u00e1\u00f1ez del Campo.<\/p>\n<p class=\"v1MsoNormal\">Consultas\u00a0\u00a0e Informaci\u00f3n al email\u00a0<a href=\"mailto:leonado.gomez@ind.cl\" rel=\"noreferrer\">leonado.gomez@ind.cl<\/a><\/p>\n<p class=\"v1MsoNormal\"><b>\u00a0<\/b><b><u><\/u><\/b><\/p>\n<\/div><\/section><\/div><div  style='height:50px' class='hr hr-invisible   avia-builder-el-6  el_after_av_one_full  el_before_av_social_share '><span class='hr-inner ' ><span class='hr-inner-style'><\/span><\/span><\/div><\/p>\n<div  class='av-social-sharing-box  avia-builder-el-7  el_after_av_hr  el_before_av_hr  '><div class='av-share-box'><h5 class='av-share-link-description av-no-toc '>Compartir esta noticia<\/h5><ul class='av-share-box-list noLightbox'><li class='av-share-link av-social-link-facebook' ><a target=\"_blank\" aria-label=\"Compartir en Facebook\" href='https:\/\/www.facebook.com\/sharer.php?u=https:\/\/radiorevelacionfm.cl\/?p=4883&#038;t=Invitan%20a%20postular%20a%20la%20administraci%C3%B3n%20del%20Centro%20de%20Monta%C3%B1a%20El%20Fraile' aria-hidden='false' data-av_icon='\ue8f3' data-av_iconfont='entypo-fontello' title='' data-avia-related-tooltip='Compartir en Facebook' rel=\"noopener\"><span class='avia_hidden_link_text'>Compartir en Facebook<\/span><\/a><\/li><li class='av-share-link av-social-link-twitter' ><a target=\"_blank\" aria-label=\"Compartir en Twitter\" href='https:\/\/twitter.com\/share?text=Invitan%20a%20postular%20a%20la%20administraci%C3%B3n%20del%20Centro%20de%20Monta%C3%B1a%20El%20Fraile&#038;url=https:\/\/radiorevelacionfm.cl\/?p=4883' aria-hidden='false' data-av_icon='\ue8f1' data-av_iconfont='entypo-fontello' title='' data-avia-related-tooltip='Compartir en Twitter' rel=\"noopener\"><span class='avia_hidden_link_text'>Compartir en Twitter<\/span><\/a><\/li><li class='av-share-link av-social-link-whatsapp' ><a target=\"_blank\" aria-label=\"Compartir en Whatsapp\" href='https:\/\/api.whatsapp.com\/send?text=https:\/\/radiorevelacionfm.cl\/?p=4883' aria-hidden='false' data-av_icon='\uf232' data-av_iconfont='entypo-fontello' title='' data-avia-related-tooltip='Compartir en Whatsapp' rel=\"noopener\"><span class='avia_hidden_link_text'>Compartir en Whatsapp<\/span><\/a><\/li><li class='av-share-link av-social-link-linkedin' ><a target=\"_blank\" aria-label=\"Compartir en LinkedIn\" href='https:\/\/linkedin.com\/shareArticle?mini=true&#038;title=Invitan%20a%20postular%20a%20la%20administraci%C3%B3n%20del%20Centro%20de%20Monta%C3%B1a%20El%20Fraile&#038;url=https:\/\/radiorevelacionfm.cl\/?p=4883' aria-hidden='false' data-av_icon='\ue8fc' data-av_iconfont='entypo-fontello' title='' data-avia-related-tooltip='Compartir en LinkedIn' rel=\"noopener\"><span class='avia_hidden_link_text'>Compartir en LinkedIn<\/span><\/a><\/li><li class='av-share-link av-social-link-mail' ><a  aria-label=\"Compartir por correo\" href='mailto:?subject=Invitan%20a%20postular%20a%20la%20administraci%C3%B3n%20del%20Centro%20de%20Monta%C3%B1a%20El%20Fraile&#038;body=https:\/\/radiorevelacionfm.cl\/?p=4883' aria-hidden='false' data-av_icon='\ue805' data-av_iconfont='entypo-fontello' title='' data-avia-related-tooltip='Compartir por correo'><span class='avia_hidden_link_text'>Compartir por correo<\/span><\/a><\/li><\/ul><\/div><\/div>\n<div  style='height:50px' class='hr hr-invisible   avia-builder-el-8  el_after_av_social_share  el_before_av_comments_list '><span class='hr-inner ' ><span class='hr-inner-style'><\/span><\/span><\/div>\n<div  class='av-buildercomment  av-blog-meta-html-info-disabled av-blog-meta-tag-disabled  '><\/div>\n","protected":false},"excerpt":{"rendered":"","protected":false},"author":1,"featured_media":4884,"comment_status":"open","ping_status":"open","sticky":false,"template":"","format":"standard","meta":{"footnotes":""},"categories":[40],"tags":[],"class_list":["post-4883","post","type-post","status-publish","format-standard","has-post-thumbnail","hentry","category-deportes"],"jetpack_featured_media_url":"https:\/\/radiorevelacionfm.cl\/wp-content\/uploads\/2021\/06\/fraile-ski-1.jpg","_links":{"self":[{"href":"https:\/\/radiorevelacionfm.cl\/index.php?rest_route=\/wp\/v2\/posts\/4883","targetHints":{"allow":["GET"]}}],"collection":[{"href":"https:\/\/radiorevelacionfm.cl\/index.php?rest_route=\/wp\/v2\/posts"}],"about":[{"href":"https:\/\/radiorevelacionfm.cl\/index.php?rest_route=\/wp\/v2\/types\/post"}],"author":[{"embeddable":true,"href":"https:\/\/radiorevelacionfm.cl\/index.php?rest_route=\/wp\/v2\/users\/1"}],"replies":[{"embeddable":true,"href":"https:\/\/radiorevelacionfm.cl\/index.php?rest_route=%2Fwp%2Fv2%2Fcomments&post=4883"}],"version-history":[{"count":1,"href":"https:\/\/radiorevelacionfm.cl\/index.php?rest_route=\/wp\/v2\/posts\/4883\/revisions"}],"predecessor-version":[{"id":4885,"href":"https:\/\/radiorevelacionfm.cl\/index.php?rest_route=\/wp\/v2\/posts\/4883\/revisions\/4885"}],"wp:featuredmedia":[{"embeddable":true,"href":"https:\/\/radiorevelacionfm.cl\/index.php?rest_route=\/wp\/v2\/media\/4884"}],"wp:attachment":[{"href":"https:\/\/radiorevelacionfm.cl\/index.php?rest_route=%2Fwp%2Fv2%2Fmedia&parent=4883"}],"wp:term":[{"taxonomy":"category","embeddable":true,"href":"https:\/\/radiorevelacionfm.cl\/index.php?rest_route=%2Fwp%2Fv2%2Fcategories&post=4883"},{"taxonomy":"post_tag","embeddable":true,"href":"https:\/\/radiorevelacionfm.cl\/index.php?rest_route=%2Fwp%2Fv2%2Ftags&post=4883"}],"curies":[{"name":"wp","href":"https:\/\/api.w.org\/{rel}","templated":true}]}}