{"id":48829,"date":"2024-12-12T15:58:03","date_gmt":"2024-12-12T18:58:03","guid":{"rendered":"https:\/\/radiorevelacionfm.cl\/?p=48829"},"modified":"2024-12-12T15:58:03","modified_gmt":"2024-12-12T18:58:03","slug":"minvu-aysen-incrementa-300-millones-de-pesos-para-licitacion-de-proyecto-habitacional-en-villa-manihuales","status":"publish","type":"post","link":"https:\/\/radiorevelacionfm.cl\/?p=48829","title":{"rendered":"MINVU Ays\u00e9n incrementa 300 millones de pesos para licitaci\u00f3n de proyecto habitacional en Villa Ma\u00f1ihuales"},"content":{"rendered":"<div class=\"flex_column av_one_full  flex_column_div av-zero-column-padding first  avia-builder-el-0  el_before_av_one_full  avia-builder-el-first  \" style='border-radius:0px; '><div  class='avia-image-container  av-styling-    avia-builder-el-1  avia-builder-el-no-sibling  avia-align-center '  itemprop=\"image\" itemscope=\"itemscope\" itemtype=\"https:\/\/schema.org\/ImageObject\"  ><div class='avia-image-container-inner'><div class='avia-image-overlay-wrap'><img decoding=\"async\" class='wp-image-48830 avia-img-lazy-loading-not-48830 avia_image' src=\"https:\/\/radiorevelacionfm.cl\/wp-content\/uploads\/2024\/12\/IMG_20241210_181558-1-1.jpg\" alt='' title='IMG_20241210_181558 (1) (1)' height=\"600\" width=\"800\"  itemprop=\"thumbnailUrl\" srcset=\"https:\/\/radiorevelacionfm.cl\/wp-content\/uploads\/2024\/12\/IMG_20241210_181558-1-1.jpg 800w, https:\/\/radiorevelacionfm.cl\/wp-content\/uploads\/2024\/12\/IMG_20241210_181558-1-1-300x225.jpg 300w, https:\/\/radiorevelacionfm.cl\/wp-content\/uploads\/2024\/12\/IMG_20241210_181558-1-1-768x576.jpg 768w, https:\/\/radiorevelacionfm.cl\/wp-content\/uploads\/2024\/12\/IMG_20241210_181558-1-1-705x529.jpg 705w, https:\/\/radiorevelacionfm.cl\/wp-content\/uploads\/2024\/12\/IMG_20241210_181558-1-1-450x338.jpg 450w, https:\/\/radiorevelacionfm.cl\/wp-content\/uploads\/2024\/12\/IMG_20241210_181558-1-1-600x450.jpg 600w\" sizes=\"(max-width: 800px) 100vw, 800px\" \/><\/div><\/div><\/div><\/div><div class=\"flex_column av_one_full  flex_column_div av-zero-column-padding first  avia-builder-el-2  el_after_av_one_full  el_before_av_one_full  column-top-margin\" style='border-radius:0px; '><section class=\"av_textblock_section \"  itemscope=\"itemscope\" itemtype=\"https:\/\/schema.org\/BlogPosting\" itemprop=\"blogPost\" ><div class='avia_textblock  '   itemprop=\"text\" ><p style=\"text-align: center;\"><span style=\"font-size: 18pt;\"><strong>MINVU Ays\u00e9n incrementa 300 millones de pesos para licitaci\u00f3n de proyecto habitacional en Villa Ma\u00f1ihuales<\/strong><\/span><\/p>\n<div id=\"gtx-trans\" style=\"position: absolute; left: -50px; top: 4.31534px;\">\n<div class=\"gtx-trans-icon\"><\/div>\n<\/div>\n<\/div><\/section><\/div><div class=\"flex_column av_one_full  flex_column_div av-zero-column-padding first  avia-builder-el-4  el_after_av_one_full  el_before_av_hr  column-top-margin\" style='border-radius:0px; '><section class=\"av_textblock_section \"  itemscope=\"itemscope\" itemtype=\"https:\/\/schema.org\/BlogPosting\" itemprop=\"blogPost\" ><div class='avia_textblock  '   itemprop=\"text\" ><p style=\"text-align: justify;\">La Seremi de Vivienda y Urbanismo, Paulina Ruz y el alcalde de Ays\u00e9n, Luis Mart\u00ednez junto a su equipo de la Entidad Patrocinante Municipal, congregaron una reuni\u00f3n con los pobladores ma\u00f1ihualinos del comit\u00e9 \u201cVida Nueva\u201d, donde anunciaron buenas noticias respecto a la fallida licitaci\u00f3n para proyecto habitacional.<\/p>\n<p style=\"text-align: justify;\">Debido a los incrementos en los costes de materiales para la construcci\u00f3n de viviendas, las empresas no se vieron interesadas en adjudicarse la ejecuci\u00f3n del proyecto. Es por ello que la Entidad Patrocinante de la Municipalidad de Ays\u00e9n comenz\u00f3 con celeridad la tramitaci\u00f3n de un aumento en los ingresos presentados en la planificaci\u00f3n.<\/p>\n<p style=\"text-align: justify;\">Los papeles fueron presentados a la SEREMI de Vivienda y Urbanismo, en el cual tomaron la determinaci\u00f3n de aumentar de 33.160 UF a un total de 41.976 UF. Un incremento que permitir\u00e1 levantar una nueva licitaci\u00f3n de las obras, que se traducir\u00e1 en la ejecuci\u00f3n de 16 nuevas viviendas y urbanizaci\u00f3n en Ma\u00f1ihuales.<\/p>\n<p style=\"text-align: justify;\">Paulina Ruz, SEREMI de Vivienda y Urbanismo coment\u00f3 que \u201cdurante el mes de septiembre se vivi\u00f3 un proceso de licitaci\u00f3n donde varias empresas estaban interesadas, pero ninguna quiso concretar la adjudicaci\u00f3n del proyecto para el inicio de obras para poder construir las viviendas, considerando que no era suficientemente atractivo por los montos. Entonces, frente a esto, nosotros hicimos un esfuerzo regional desde la Seremi de Vivienda y Urbanismo, e incrementamos los montos. Generalmente esto demora mucho, porque se pide dinero a Santiago, pero ahora la soluci\u00f3n la sacamos desde Ays\u00e9n. Incrementamos por casi 307 millones de pesos, lo que va a hacer que este nuevo proceso licitatorio tenga un nuevo aire de recursos, m\u00e1s actualizado a los montos actuales, considerando todas las complejidades que tiene Ma\u00f1ihuales\u201d.<\/p>\n<p style=\"text-align: justify;\">El alcalde de Ays\u00e9n, Luis Mart\u00ednez destac\u00f3 que \u201clo que se pone en valor es que fue una gesti\u00f3n r\u00e1pida y que permite a las personas tener tranquilidad, porque cuando se cae una licitaci\u00f3n por el hogar, la verdad es que las personas la pasan mal, ya que este es un proyecto familiar. As\u00ed que yo creo que lo que se est\u00e1 haciendo son gestiones, vamos a seguir trabajando en esa l\u00ednea, esa es nuestra impronta, lo que lo que dijimos que vamos a hacer y eso es estar en terreno con las personas\u201d.<\/p>\n<p style=\"text-align: justify;\">Mariela S\u00e1nchez, presidenta del Comit\u00e9 \u201cVida Nueva\u201d, estaba contenta debido al avance en las gestiones, pero comenta que \u201cesperamos que ahora si hay alguna empresa interesada y pueda licitar pronto. Llevamos ocho a\u00f1os, casi nueve, pero en los \u00faltimos dos a\u00f1os ya se pudo tener los subsidios, el terreno y ahora a esperar la licitaci\u00f3n. Esperemos que la pr\u00f3xima semana ya est\u00e9 subida a la plataforma y todo para poder ver alguna empresa interesada\u201d.<\/p>\n<p style=\"text-align: justify;\">De acuerdo a la informaci\u00f3n dada a conocer por las autoridades, la pr\u00f3xima semana deber\u00eda estarse publicando la licitaci\u00f3n para que puedan postular las empresas interesadas. De esta manera ser parte de la gran obra que ser\u00e1 el cumplir el deseo de estas 16 familias, de tener una casa propia.<\/p>\n<\/div><\/section><\/div><div  style='height:50px' class='hr hr-invisible   avia-builder-el-6  el_after_av_one_full  el_before_av_social_share '><span class='hr-inner ' ><span class='hr-inner-style'><\/span><\/span><\/div><\/p>\n<div  class='av-social-sharing-box  avia-builder-el-7  el_after_av_hr  el_before_av_hr  '><div class='av-share-box'><h5 class='av-share-link-description av-no-toc '>Compartir esta noticia<\/h5><ul class='av-share-box-list noLightbox'><li class='av-share-link av-social-link-facebook' ><a target=\"_blank\" aria-label=\"Compartir en Facebook\" href='https:\/\/www.facebook.com\/sharer.php?u=https:\/\/radiorevelacionfm.cl\/?p=48829&#038;t=MINVU%20Ays%C3%A9n%20incrementa%20300%20millones%20de%20pesos%20para%20licitaci%C3%B3n%20de%20proyecto%20habitacional%20en%20Villa%20Ma%C3%B1ihuales' aria-hidden='false' data-av_icon='\ue8f3' data-av_iconfont='entypo-fontello' title='' data-avia-related-tooltip='Compartir en Facebook' rel=\"noopener\"><span class='avia_hidden_link_text'>Compartir en Facebook<\/span><\/a><\/li><li class='av-share-link av-social-link-twitter' ><a target=\"_blank\" aria-label=\"Compartir en Twitter\" href='https:\/\/twitter.com\/share?text=MINVU%20Ays%C3%A9n%20incrementa%20300%20millones%20de%20pesos%20para%20licitaci%C3%B3n%20de%20proyecto%20habitacional%20en%20Villa%20Ma%C3%B1ihuales&#038;url=https:\/\/radiorevelacionfm.cl\/?p=48829' aria-hidden='false' data-av_icon='\ue8f1' data-av_iconfont='entypo-fontello' title='' data-avia-related-tooltip='Compartir en Twitter' rel=\"noopener\"><span class='avia_hidden_link_text'>Compartir en Twitter<\/span><\/a><\/li><li class='av-share-link av-social-link-whatsapp' ><a target=\"_blank\" aria-label=\"Compartir en Whatsapp\" href='https:\/\/api.whatsapp.com\/send?text=https:\/\/radiorevelacionfm.cl\/?p=48829' aria-hidden='false' data-av_icon='\uf232' data-av_iconfont='entypo-fontello' title='' data-avia-related-tooltip='Compartir en Whatsapp' rel=\"noopener\"><span class='avia_hidden_link_text'>Compartir en Whatsapp<\/span><\/a><\/li><li class='av-share-link av-social-link-linkedin' ><a target=\"_blank\" aria-label=\"Compartir en LinkedIn\" href='https:\/\/linkedin.com\/shareArticle?mini=true&#038;title=MINVU%20Ays%C3%A9n%20incrementa%20300%20millones%20de%20pesos%20para%20licitaci%C3%B3n%20de%20proyecto%20habitacional%20en%20Villa%20Ma%C3%B1ihuales&#038;url=https:\/\/radiorevelacionfm.cl\/?p=48829' aria-hidden='false' data-av_icon='\ue8fc' data-av_iconfont='entypo-fontello' title='' data-avia-related-tooltip='Compartir en LinkedIn' rel=\"noopener\"><span class='avia_hidden_link_text'>Compartir en LinkedIn<\/span><\/a><\/li><li class='av-share-link av-social-link-mail' ><a  aria-label=\"Compartir por correo\" href='mailto:?subject=MINVU%20Ays%C3%A9n%20incrementa%20300%20millones%20de%20pesos%20para%20licitaci%C3%B3n%20de%20proyecto%20habitacional%20en%20Villa%20Ma%C3%B1ihuales&#038;body=https:\/\/radiorevelacionfm.cl\/?p=48829' aria-hidden='false' data-av_icon='\ue805' data-av_iconfont='entypo-fontello' title='' data-avia-related-tooltip='Compartir por correo'><span class='avia_hidden_link_text'>Compartir por correo<\/span><\/a><\/li><\/ul><\/div><\/div>\n<div  style='height:50px' class='hr hr-invisible   avia-builder-el-8  el_after_av_social_share  el_before_av_comments_list '><span class='hr-inner ' ><span class='hr-inner-style'><\/span><\/span><\/div>\n<div  class='av-buildercomment  av-blog-meta-html-info-disabled av-blog-meta-tag-disabled  '><\/div>\n","protected":false},"excerpt":{"rendered":"","protected":false},"author":1,"featured_media":48830,"comment_status":"open","ping_status":"open","sticky":false,"template":"","format":"standard","meta":{"footnotes":""},"categories":[57],"tags":[],"class_list":["post-48829","post","type-post","status-publish","format-standard","has-post-thumbnail","hentry","category-vivienda"],"jetpack_featured_media_url":"https:\/\/radiorevelacionfm.cl\/wp-content\/uploads\/2024\/12\/IMG_20241210_181558-1-1.jpg","_links":{"self":[{"href":"https:\/\/radiorevelacionfm.cl\/index.php?rest_route=\/wp\/v2\/posts\/48829","targetHints":{"allow":["GET"]}}],"collection":[{"href":"https:\/\/radiorevelacionfm.cl\/index.php?rest_route=\/wp\/v2\/posts"}],"about":[{"href":"https:\/\/radiorevelacionfm.cl\/index.php?rest_route=\/wp\/v2\/types\/post"}],"author":[{"embeddable":true,"href":"https:\/\/radiorevelacionfm.cl\/index.php?rest_route=\/wp\/v2\/users\/1"}],"replies":[{"embeddable":true,"href":"https:\/\/radiorevelacionfm.cl\/index.php?rest_route=%2Fwp%2Fv2%2Fcomments&post=48829"}],"version-history":[{"count":1,"href":"https:\/\/radiorevelacionfm.cl\/index.php?rest_route=\/wp\/v2\/posts\/48829\/revisions"}],"predecessor-version":[{"id":48831,"href":"https:\/\/radiorevelacionfm.cl\/index.php?rest_route=\/wp\/v2\/posts\/48829\/revisions\/48831"}],"wp:featuredmedia":[{"embeddable":true,"href":"https:\/\/radiorevelacionfm.cl\/index.php?rest_route=\/wp\/v2\/media\/48830"}],"wp:attachment":[{"href":"https:\/\/radiorevelacionfm.cl\/index.php?rest_route=%2Fwp%2Fv2%2Fmedia&parent=48829"}],"wp:term":[{"taxonomy":"category","embeddable":true,"href":"https:\/\/radiorevelacionfm.cl\/index.php?rest_route=%2Fwp%2Fv2%2Fcategories&post=48829"},{"taxonomy":"post_tag","embeddable":true,"href":"https:\/\/radiorevelacionfm.cl\/index.php?rest_route=%2Fwp%2Fv2%2Ftags&post=48829"}],"curies":[{"name":"wp","href":"https:\/\/api.w.org\/{rel}","templated":true}]}}