{"id":48824,"date":"2024-12-12T14:53:38","date_gmt":"2024-12-12T17:53:38","guid":{"rendered":"https:\/\/radiorevelacionfm.cl\/?p=48824"},"modified":"2024-12-12T14:57:34","modified_gmt":"2024-12-12T17:57:34","slug":"senadora-ordenes-cuestiono-a-salud-por-el-scanner-odontologico-a-un-ano-de-adquirido-todavia-no-esta-instalado","status":"publish","type":"post","link":"https:\/\/radiorevelacionfm.cl\/?p=48824","title":{"rendered":"Senadora \u00d3rdenes cuestion\u00f3 al Ministerio y Servicio de Salud por el scanner odontol\u00f3gico: \u201cA un a\u00f1o de adquirido, todav\u00eda no est\u00e1 instalado\u201d"},"content":{"rendered":"<div class=\"flex_column av_one_full  flex_column_div av-zero-column-padding first  avia-builder-el-0  el_before_av_one_full  avia-builder-el-first  \" style='border-radius:0px; '><div  class='avia-image-container  av-styling-    avia-builder-el-1  avia-builder-el-no-sibling  avia-align-center '  itemprop=\"image\" itemscope=\"itemscope\" itemtype=\"https:\/\/schema.org\/ImageObject\"  ><div class='avia-image-container-inner'><div class='avia-image-overlay-wrap'><img decoding=\"async\" class='wp-image-48825 avia-img-lazy-loading-not-48825 avia_image' src=\"https:\/\/radiorevelacionfm.cl\/wp-content\/uploads\/2024\/12\/FOTO-1-17-1-1.jpg\" alt='' title='FOTO #1 (17) (1) (1)' height=\"600\" width=\"955\"  itemprop=\"thumbnailUrl\" srcset=\"https:\/\/radiorevelacionfm.cl\/wp-content\/uploads\/2024\/12\/FOTO-1-17-1-1.jpg 955w, https:\/\/radiorevelacionfm.cl\/wp-content\/uploads\/2024\/12\/FOTO-1-17-1-1-300x188.jpg 300w, https:\/\/radiorevelacionfm.cl\/wp-content\/uploads\/2024\/12\/FOTO-1-17-1-1-768x483.jpg 768w, https:\/\/radiorevelacionfm.cl\/wp-content\/uploads\/2024\/12\/FOTO-1-17-1-1-705x443.jpg 705w, https:\/\/radiorevelacionfm.cl\/wp-content\/uploads\/2024\/12\/FOTO-1-17-1-1-450x283.jpg 450w, https:\/\/radiorevelacionfm.cl\/wp-content\/uploads\/2024\/12\/FOTO-1-17-1-1-600x377.jpg 600w\" sizes=\"(max-width: 955px) 100vw, 955px\" \/><\/div><\/div><\/div><\/div>\n<div class=\"flex_column av_one_full  flex_column_div av-zero-column-padding first  avia-builder-el-2  el_after_av_one_full  el_before_av_one_full  column-top-margin\" style='border-radius:0px; '><section class=\"av_textblock_section \"  itemscope=\"itemscope\" itemtype=\"https:\/\/schema.org\/BlogPosting\" itemprop=\"blogPost\" ><div class='avia_textblock  '   itemprop=\"text\" ><p style=\"text-align: center;\"><strong><span style=\"font-size: 18pt;\">Senadora \u00d3rdenes cuestion\u00f3 al Ministerio y Servicio de Salud por el scanner odontol\u00f3gico: \u201cA un a\u00f1o de adquirido, todav\u00eda no est\u00e1 instalado\u201d<\/span><\/strong><\/p>\n<div id=\"gtx-trans\" style=\"position: absolute; left: -50px; top: 4.31534px;\">\n<div class=\"gtx-trans-icon\"><\/div>\n<\/div>\n<\/div><\/section><\/div><div class=\"flex_column av_one_full  flex_column_div av-zero-column-padding first  avia-builder-el-4  el_after_av_one_full  el_before_av_hr  column-top-margin\" style='border-radius:0px; '><section class=\"av_textblock_section \"  itemscope=\"itemscope\" itemtype=\"https:\/\/schema.org\/BlogPosting\" itemprop=\"blogPost\" ><div class='avia_textblock  '   itemprop=\"text\" ><p style=\"text-align: justify;\">La senadora por la regi\u00f3n de Ays\u00e9n, Ximena \u00d3rdenes Neira, nuevamente manifest\u00f3 su preocupaci\u00f3n por la falta de un Scanner Odontol\u00f3gico. Si bien el Servicio de Salud Ays\u00e9n ha logrado importantes avances desde 2022, cuando se comenz\u00f3 a trabajar en un proyecto que logr\u00f3 la adquisici\u00f3n formal del equipo a fines del 2023, a casi un a\u00f1o, a\u00fan no se sabe cu\u00e1ndo comenzar\u00eda a funcionar.<\/p>\n<p style=\"text-align: justify;\">\u201cQuiero pedir el acuerdo de la Comisi\u00f3n de Salud del Senado para enviar un oficio a la ministra de Salud y al director del Servicio de Salud Ays\u00e9n\u201d, comenz\u00f3 su intervenci\u00f3n la representante aisenina e integrante de la instancia en la C\u00e1mara Alta a cargo de los tr\u00e1mites legislativos en materia de salud. \u201cEntiendo que el a\u00f1o 2022 el Servicio comenz\u00f3 a trabajar en un proyecto para la adquisici\u00f3n de un Scanner Odontol\u00f3gico. Se adquiri\u00f3 a fines del 2023 y a la fecha, a un a\u00f1o pr\u00e1cticamente, no est\u00e1 instalado\u201d, sostuvo la parlamentaria.<\/p>\n<p style=\"text-align: justify;\">En la misma instancia, \u00d3rdenes record\u00f3 que odontolog\u00eda es una de las especialidades que presenta m\u00e1s d\u00edas de espera en las listas por consulta de especialidad en Ays\u00e9n, tema que se ha tomado la agenda legislativa durante gran parte del 2024 y 2023, por lo que insisti\u00f3 en que este equipo ser\u00e1 de gran ayuda para dar una soluci\u00f3n m\u00e9dica a las y los aiseninos.<\/p>\n<p style=\"text-align: justify;\">\u201cPrimero, saber d\u00f3nde est\u00e1 y cu\u00e1l es el cronograma para la instalaci\u00f3n y el funcionamiento de un equipo tan importante para regi\u00f3n, donde las Listas de Espera Odontol\u00f3gicas son significativas\u201d, se\u00f1al\u00f3 la senadora, quien ha acompa\u00f1ado estas gestiones y la de otros equipos m\u00e9dicos tan importantes como el angi\u00f3grafo -para especialidades en cardiolog\u00eda-, el resonador magn\u00e9tico y la cabina de fototerapia.<\/p>\n<p style=\"text-align: justify;\">En la sesi\u00f3n, la Comisi\u00f3n de Salud del Senado acord\u00f3 oficiar tanto al Ministerio de Salud, como al servicio de Salud Ays\u00e9n, en los t\u00e9rminos planteados por la representante aisenina, para que el Ejecutivo entregue un cronograma que de certezas respecto a la integraci\u00f3n de este esperado equipo.<\/p>\n<\/div><\/section><\/div><\/p>\n<div  style='height:50px' class='hr hr-invisible   avia-builder-el-6  el_after_av_one_full  el_before_av_social_share '><span class='hr-inner ' ><span class='hr-inner-style'><\/span><\/span><\/div>\n<div  class='av-social-sharing-box  avia-builder-el-7  el_after_av_hr  el_before_av_hr  '><div class='av-share-box'><h5 class='av-share-link-description av-no-toc '>Compartir esta noticia<\/h5><ul class='av-share-box-list noLightbox'><li class='av-share-link av-social-link-facebook' ><a target=\"_blank\" aria-label=\"Compartir en Facebook\" href='https:\/\/www.facebook.com\/sharer.php?u=https:\/\/radiorevelacionfm.cl\/?p=48824&#038;t=Senadora%20%C3%93rdenes%20cuestion%C3%B3%20al%20Ministerio%20y%20Servicio%20de%20Salud%20por%20el%20scanner%20odontol%C3%B3gico%3A%20%E2%80%9CA%20un%20a%C3%B1o%20de%20adquirido%2C%20todav%C3%ADa%20no%20est%C3%A1%20instalado%E2%80%9D' aria-hidden='false' data-av_icon='\ue8f3' data-av_iconfont='entypo-fontello' title='' data-avia-related-tooltip='Compartir en Facebook' rel=\"noopener\"><span class='avia_hidden_link_text'>Compartir en Facebook<\/span><\/a><\/li><li class='av-share-link av-social-link-twitter' ><a target=\"_blank\" aria-label=\"Compartir en Twitter\" href='https:\/\/twitter.com\/share?text=Senadora%20%C3%93rdenes%20cuestion%C3%B3%20al%20Ministerio%20y%20Servicio%20de%20Salud%20por%20el%20scanner%20odontol%C3%B3gico%3A%20%E2%80%9CA%20un%20a%C3%B1o%20de%20adquirido%2C%20todav%C3%ADa%20no%20est%C3%A1%20instalado%E2%80%9D&#038;url=https:\/\/radiorevelacionfm.cl\/?p=48824' aria-hidden='false' data-av_icon='\ue8f1' data-av_iconfont='entypo-fontello' title='' data-avia-related-tooltip='Compartir en Twitter' rel=\"noopener\"><span class='avia_hidden_link_text'>Compartir en Twitter<\/span><\/a><\/li><li class='av-share-link av-social-link-whatsapp' ><a target=\"_blank\" aria-label=\"Compartir en Whatsapp\" href='https:\/\/api.whatsapp.com\/send?text=https:\/\/radiorevelacionfm.cl\/?p=48824' aria-hidden='false' data-av_icon='\uf232' data-av_iconfont='entypo-fontello' title='' data-avia-related-tooltip='Compartir en Whatsapp' rel=\"noopener\"><span class='avia_hidden_link_text'>Compartir en Whatsapp<\/span><\/a><\/li><li class='av-share-link av-social-link-linkedin' ><a target=\"_blank\" aria-label=\"Compartir en LinkedIn\" href='https:\/\/linkedin.com\/shareArticle?mini=true&#038;title=Senadora%20%C3%93rdenes%20cuestion%C3%B3%20al%20Ministerio%20y%20Servicio%20de%20Salud%20por%20el%20scanner%20odontol%C3%B3gico%3A%20%E2%80%9CA%20un%20a%C3%B1o%20de%20adquirido%2C%20todav%C3%ADa%20no%20est%C3%A1%20instalado%E2%80%9D&#038;url=https:\/\/radiorevelacionfm.cl\/?p=48824' aria-hidden='false' data-av_icon='\ue8fc' data-av_iconfont='entypo-fontello' title='' data-avia-related-tooltip='Compartir en LinkedIn' rel=\"noopener\"><span class='avia_hidden_link_text'>Compartir en LinkedIn<\/span><\/a><\/li><li class='av-share-link av-social-link-mail' ><a  aria-label=\"Compartir por correo\" href='mailto:?subject=Senadora%20%C3%93rdenes%20cuestion%C3%B3%20al%20Ministerio%20y%20Servicio%20de%20Salud%20por%20el%20scanner%20odontol%C3%B3gico%3A%20%E2%80%9CA%20un%20a%C3%B1o%20de%20adquirido%2C%20todav%C3%ADa%20no%20est%C3%A1%20instalado%E2%80%9D&#038;body=https:\/\/radiorevelacionfm.cl\/?p=48824' aria-hidden='false' data-av_icon='\ue805' data-av_iconfont='entypo-fontello' title='' data-avia-related-tooltip='Compartir por correo'><span class='avia_hidden_link_text'>Compartir por correo<\/span><\/a><\/li><\/ul><\/div><\/div>\n<div  style='height:50px' class='hr hr-invisible   avia-builder-el-8  el_after_av_social_share  el_before_av_comments_list '><span class='hr-inner ' ><span class='hr-inner-style'><\/span><\/span><\/div>\n<div  class='av-buildercomment  av-blog-meta-html-info-disabled av-blog-meta-tag-disabled  '><\/div>\n","protected":false},"excerpt":{"rendered":"","protected":false},"author":1,"featured_media":48825,"comment_status":"open","ping_status":"open","sticky":false,"template":"","format":"standard","meta":{"footnotes":""},"categories":[35],"tags":[],"class_list":["post-48824","post","type-post","status-publish","format-standard","has-post-thumbnail","hentry","category-politica"],"jetpack_featured_media_url":"https:\/\/radiorevelacionfm.cl\/wp-content\/uploads\/2024\/12\/FOTO-1-17-1-1.jpg","_links":{"self":[{"href":"https:\/\/radiorevelacionfm.cl\/index.php?rest_route=\/wp\/v2\/posts\/48824","targetHints":{"allow":["GET"]}}],"collection":[{"href":"https:\/\/radiorevelacionfm.cl\/index.php?rest_route=\/wp\/v2\/posts"}],"about":[{"href":"https:\/\/radiorevelacionfm.cl\/index.php?rest_route=\/wp\/v2\/types\/post"}],"author":[{"embeddable":true,"href":"https:\/\/radiorevelacionfm.cl\/index.php?rest_route=\/wp\/v2\/users\/1"}],"replies":[{"embeddable":true,"href":"https:\/\/radiorevelacionfm.cl\/index.php?rest_route=%2Fwp%2Fv2%2Fcomments&post=48824"}],"version-history":[{"count":3,"href":"https:\/\/radiorevelacionfm.cl\/index.php?rest_route=\/wp\/v2\/posts\/48824\/revisions"}],"predecessor-version":[{"id":48828,"href":"https:\/\/radiorevelacionfm.cl\/index.php?rest_route=\/wp\/v2\/posts\/48824\/revisions\/48828"}],"wp:featuredmedia":[{"embeddable":true,"href":"https:\/\/radiorevelacionfm.cl\/index.php?rest_route=\/wp\/v2\/media\/48825"}],"wp:attachment":[{"href":"https:\/\/radiorevelacionfm.cl\/index.php?rest_route=%2Fwp%2Fv2%2Fmedia&parent=48824"}],"wp:term":[{"taxonomy":"category","embeddable":true,"href":"https:\/\/radiorevelacionfm.cl\/index.php?rest_route=%2Fwp%2Fv2%2Fcategories&post=48824"},{"taxonomy":"post_tag","embeddable":true,"href":"https:\/\/radiorevelacionfm.cl\/index.php?rest_route=%2Fwp%2Fv2%2Ftags&post=48824"}],"curies":[{"name":"wp","href":"https:\/\/api.w.org\/{rel}","templated":true}]}}