{"id":48821,"date":"2024-12-13T10:07:22","date_gmt":"2024-12-13T13:07:22","guid":{"rendered":"https:\/\/radiorevelacionfm.cl\/?p=48821"},"modified":"2024-12-13T10:07:22","modified_gmt":"2024-12-13T13:07:22","slug":"calisto-resalta-aprobacion-de-reajuste-al-sector-publico-y-beneficios-para-carabineros","status":"publish","type":"post","link":"https:\/\/radiorevelacionfm.cl\/?p=48821","title":{"rendered":"Calisto resalta aprobaci\u00f3n de reajuste al sector p\u00fablico y beneficios para Carabineros"},"content":{"rendered":"<div class=\"flex_column av_one_full  flex_column_div av-zero-column-padding first  avia-builder-el-0  el_before_av_one_full  avia-builder-el-first  \" style='border-radius:0px; '><div  class='avia-image-container  av-styling-    avia-builder-el-1  avia-builder-el-no-sibling  avia-align-center '  itemprop=\"image\" itemscope=\"itemscope\" itemtype=\"https:\/\/schema.org\/ImageObject\"  ><div class='avia-image-container-inner'><div class='avia-image-overlay-wrap'><img decoding=\"async\" class='wp-image-48822 avia-img-lazy-loading-not-48822 avia_image' src=\"https:\/\/radiorevelacionfm.cl\/wp-content\/uploads\/2024\/12\/FOTO-CALISTO-EN-EL-PENSADOR-CONGRESO-1-1.jpg\" alt='' title='FOTO CALISTO EN EL PENSADOR CONGRESO (1) (1)' height=\"600\" width=\"1075\"  itemprop=\"thumbnailUrl\" srcset=\"https:\/\/radiorevelacionfm.cl\/wp-content\/uploads\/2024\/12\/FOTO-CALISTO-EN-EL-PENSADOR-CONGRESO-1-1.jpg 1075w, https:\/\/radiorevelacionfm.cl\/wp-content\/uploads\/2024\/12\/FOTO-CALISTO-EN-EL-PENSADOR-CONGRESO-1-1-300x167.jpg 300w, https:\/\/radiorevelacionfm.cl\/wp-content\/uploads\/2024\/12\/FOTO-CALISTO-EN-EL-PENSADOR-CONGRESO-1-1-1030x575.jpg 1030w, https:\/\/radiorevelacionfm.cl\/wp-content\/uploads\/2024\/12\/FOTO-CALISTO-EN-EL-PENSADOR-CONGRESO-1-1-768x429.jpg 768w, https:\/\/radiorevelacionfm.cl\/wp-content\/uploads\/2024\/12\/FOTO-CALISTO-EN-EL-PENSADOR-CONGRESO-1-1-705x393.jpg 705w, https:\/\/radiorevelacionfm.cl\/wp-content\/uploads\/2024\/12\/FOTO-CALISTO-EN-EL-PENSADOR-CONGRESO-1-1-450x251.jpg 450w, https:\/\/radiorevelacionfm.cl\/wp-content\/uploads\/2024\/12\/FOTO-CALISTO-EN-EL-PENSADOR-CONGRESO-1-1-600x335.jpg 600w\" sizes=\"(max-width: 1075px) 100vw, 1075px\" \/><\/div><\/div><\/div><\/div><div class=\"flex_column av_one_full  flex_column_div av-zero-column-padding first  avia-builder-el-2  el_after_av_one_full  el_before_av_one_full  column-top-margin\" style='border-radius:0px; '><section class=\"av_textblock_section \"  itemscope=\"itemscope\" itemtype=\"https:\/\/schema.org\/BlogPosting\" itemprop=\"blogPost\" ><div class='avia_textblock  '   itemprop=\"text\" ><p style=\"text-align: center;\"><strong><span style=\"font-size: 18pt;\">Calisto resalta aprobaci\u00f3n de reajuste al sector p\u00fablico y beneficios para Carabineros<\/span><\/strong><\/p>\n<div id=\"gtx-trans\" style=\"position: absolute; left: -50px; top: 4.31534px;\">\n<div class=\"gtx-trans-icon\"><\/div>\n<\/div>\n<\/div><\/section><\/div><div class=\"flex_column av_one_full  flex_column_div av-zero-column-padding first  avia-builder-el-4  el_after_av_one_full  el_before_av_hr  column-top-margin\" style='border-radius:0px; '><section class=\"av_textblock_section \"  itemscope=\"itemscope\" itemtype=\"https:\/\/schema.org\/BlogPosting\" itemprop=\"blogPost\" ><div class='avia_textblock  '   itemprop=\"text\" ><p style=\"font-weight: 400; text-align: justify;\">Junto con valorar la aprobaci\u00f3n en la C\u00e1mara del reajuste al sector p\u00fablico, que alcanzar\u00e1 al 4,9%, el diputado Miguel \u00c1ngel Calisto resalt\u00f3 la incorporaci\u00f3n de beneficios para los carabineros, como el bono para fuerzas especiales y para quienes perciben asignaci\u00f3n de riesgo, asegurando que \u201ces importante que apoyemos la labor que realiza esta instituci\u00f3n\u201d.<\/p>\n<p style=\"font-weight: 400; text-align: justify;\">Seg\u00fan el legislador, \u201cacabamos de aprobar el reajuste al sector p\u00fablico de un 4,9% para el 2024-2025. Esto es un reajuste importante para todos trabajadores p\u00fablicos. Hay que recordar que en nuestra regi\u00f3n son muchos los funcionarios del estado, y quiero ser muy claro. No son funcionarios pol\u00edticos de un sector u otro. Son funcionarios del estado que cumplen una funci\u00f3n muy importante\u201d.<\/p>\n<p style=\"font-weight: 400; text-align: justify;\">\u201cEste reajuste se implementar\u00e1 en tres fechas. En diciembre de 2024 se aumentar\u00e1 un 3%. El 1 de enero se aumentar\u00e1 un 1,2%, y en junio de 2025 se aumentar\u00e1 el 0,6% restante. Este proyecto contiene numerosos bonos mensuales, aguinaldos de navidad y de fiestas patrias, bono de invierno para pensionados, bonos de escolaridad, bonos de desempe\u00f1o, etc\u201d, indic\u00f3.<\/p>\n<p style=\"font-weight: 400; text-align: justify;\"><strong>Beneficios para Carabineros<\/strong><\/p>\n<p style=\"font-weight: 400; text-align: justify;\">Con respecto a los beneficios que incluye este reajuste para carabineros, el legislador se\u00f1al\u00f3 que \u201crecordemos que ellos tambi\u00e9n son funcionarios p\u00fablicos. Y por eso es tan importante porque este reajuste, porque por primera vez, luego de una un trabajo coordinado que realizamos junto a nuestra bancada, logramos sacar el compromiso de un bono para carabineros\u201d.<\/p>\n<p style=\"font-weight: 400; text-align: justify;\">\u201cSe trata de un 10% del sueldo para quienes perciben asignaci\u00f3n de riesgo y un 2,5% \u00a0del sueldo para carabineros\u00a0 que perciben asignaci\u00f3n de operaciones especiales y fuerzas especiales. Esto se va a pagar mensualmente\u201d, indic\u00f3.<\/p>\n<p style=\"font-weight: 400; text-align: justify;\">Calisto asegur\u00f3 que \u201cyo creo que esto es un avance para que no solamente hablemos de seguridad en el discurso, sino que en la pr\u00e1ctica apoyemos la labor de nuestros carabineros porque esto se suma a lo que ya le hemos entregado respecto a mayores atribuciones a nuestras polic\u00edas para enfrentar la criminalidad. Adem\u00e1s, hay un proyecto que viene ya en camino, que me toc\u00f3 tramitar y discutir como presidente de la Comisi\u00f3n de Constituci\u00f3n, que busca fortalecer la coordinaci\u00f3n entre las fuerzas armadas de nuestras polic\u00edas para poder intervenir en barrios, lugares que hoy d\u00eda est\u00e1n lamentablemente coaptados por el narcotr\u00e1fico y el crimen organizado\u201d.<\/p>\n<p style=\"font-weight: 400; text-align: justify;\">Finalmente, el legislador se\u00f1al\u00f3 que \u201cesto pasa en muchas regiones de Chile, pero tambi\u00e9n tenemos que poner ojo porque el nivel de delincuencia ha ido aumentando peligrosamente en nuestra regi\u00f3n y tenemos que poner atajo antes que esta situaci\u00f3n se siga descontrolando\u201d.<\/p>\n<\/div><\/section><\/div><div  style='height:50px' class='hr hr-invisible   avia-builder-el-6  el_after_av_one_full  el_before_av_social_share '><span class='hr-inner ' ><span class='hr-inner-style'><\/span><\/span><\/div><\/p>\n<div  class='av-social-sharing-box  avia-builder-el-7  el_after_av_hr  el_before_av_hr  '><div class='av-share-box'><h5 class='av-share-link-description av-no-toc '>Compartir esta noticia<\/h5><ul class='av-share-box-list noLightbox'><li class='av-share-link av-social-link-facebook' ><a target=\"_blank\" aria-label=\"Compartir en Facebook\" href='https:\/\/www.facebook.com\/sharer.php?u=https:\/\/radiorevelacionfm.cl\/?p=48821&#038;t=Calisto%20resalta%20aprobaci%C3%B3n%20de%20reajuste%20al%20sector%20p%C3%BAblico%20y%20beneficios%20para%20Carabineros' aria-hidden='false' data-av_icon='\ue8f3' data-av_iconfont='entypo-fontello' title='' data-avia-related-tooltip='Compartir en Facebook' rel=\"noopener\"><span class='avia_hidden_link_text'>Compartir en Facebook<\/span><\/a><\/li><li class='av-share-link av-social-link-twitter' ><a target=\"_blank\" aria-label=\"Compartir en Twitter\" href='https:\/\/twitter.com\/share?text=Calisto%20resalta%20aprobaci%C3%B3n%20de%20reajuste%20al%20sector%20p%C3%BAblico%20y%20beneficios%20para%20Carabineros&#038;url=https:\/\/radiorevelacionfm.cl\/?p=48821' aria-hidden='false' data-av_icon='\ue8f1' data-av_iconfont='entypo-fontello' title='' data-avia-related-tooltip='Compartir en Twitter' rel=\"noopener\"><span class='avia_hidden_link_text'>Compartir en Twitter<\/span><\/a><\/li><li class='av-share-link av-social-link-whatsapp' ><a target=\"_blank\" aria-label=\"Compartir en Whatsapp\" href='https:\/\/api.whatsapp.com\/send?text=https:\/\/radiorevelacionfm.cl\/?p=48821' aria-hidden='false' data-av_icon='\uf232' data-av_iconfont='entypo-fontello' title='' data-avia-related-tooltip='Compartir en Whatsapp' rel=\"noopener\"><span class='avia_hidden_link_text'>Compartir en Whatsapp<\/span><\/a><\/li><li class='av-share-link av-social-link-linkedin' ><a target=\"_blank\" aria-label=\"Compartir en LinkedIn\" href='https:\/\/linkedin.com\/shareArticle?mini=true&#038;title=Calisto%20resalta%20aprobaci%C3%B3n%20de%20reajuste%20al%20sector%20p%C3%BAblico%20y%20beneficios%20para%20Carabineros&#038;url=https:\/\/radiorevelacionfm.cl\/?p=48821' aria-hidden='false' data-av_icon='\ue8fc' data-av_iconfont='entypo-fontello' title='' data-avia-related-tooltip='Compartir en LinkedIn' rel=\"noopener\"><span class='avia_hidden_link_text'>Compartir en LinkedIn<\/span><\/a><\/li><li class='av-share-link av-social-link-mail' ><a  aria-label=\"Compartir por correo\" href='mailto:?subject=Calisto%20resalta%20aprobaci%C3%B3n%20de%20reajuste%20al%20sector%20p%C3%BAblico%20y%20beneficios%20para%20Carabineros&#038;body=https:\/\/radiorevelacionfm.cl\/?p=48821' aria-hidden='false' data-av_icon='\ue805' data-av_iconfont='entypo-fontello' title='' data-avia-related-tooltip='Compartir por correo'><span class='avia_hidden_link_text'>Compartir por correo<\/span><\/a><\/li><\/ul><\/div><\/div>\n<div  style='height:50px' class='hr hr-invisible   avia-builder-el-8  el_after_av_social_share  el_before_av_comments_list '><span class='hr-inner ' ><span class='hr-inner-style'><\/span><\/span><\/div>\n<div  class='av-buildercomment  av-blog-meta-html-info-disabled av-blog-meta-tag-disabled  '><\/div>\n","protected":false},"excerpt":{"rendered":"","protected":false},"author":1,"featured_media":48822,"comment_status":"open","ping_status":"open","sticky":false,"template":"","format":"standard","meta":{"footnotes":""},"categories":[35],"tags":[],"class_list":["post-48821","post","type-post","status-publish","format-standard","has-post-thumbnail","hentry","category-politica"],"jetpack_featured_media_url":"https:\/\/radiorevelacionfm.cl\/wp-content\/uploads\/2024\/12\/FOTO-CALISTO-EN-EL-PENSADOR-CONGRESO-1-1.jpg","_links":{"self":[{"href":"https:\/\/radiorevelacionfm.cl\/index.php?rest_route=\/wp\/v2\/posts\/48821","targetHints":{"allow":["GET"]}}],"collection":[{"href":"https:\/\/radiorevelacionfm.cl\/index.php?rest_route=\/wp\/v2\/posts"}],"about":[{"href":"https:\/\/radiorevelacionfm.cl\/index.php?rest_route=\/wp\/v2\/types\/post"}],"author":[{"embeddable":true,"href":"https:\/\/radiorevelacionfm.cl\/index.php?rest_route=\/wp\/v2\/users\/1"}],"replies":[{"embeddable":true,"href":"https:\/\/radiorevelacionfm.cl\/index.php?rest_route=%2Fwp%2Fv2%2Fcomments&post=48821"}],"version-history":[{"count":1,"href":"https:\/\/radiorevelacionfm.cl\/index.php?rest_route=\/wp\/v2\/posts\/48821\/revisions"}],"predecessor-version":[{"id":48823,"href":"https:\/\/radiorevelacionfm.cl\/index.php?rest_route=\/wp\/v2\/posts\/48821\/revisions\/48823"}],"wp:featuredmedia":[{"embeddable":true,"href":"https:\/\/radiorevelacionfm.cl\/index.php?rest_route=\/wp\/v2\/media\/48822"}],"wp:attachment":[{"href":"https:\/\/radiorevelacionfm.cl\/index.php?rest_route=%2Fwp%2Fv2%2Fmedia&parent=48821"}],"wp:term":[{"taxonomy":"category","embeddable":true,"href":"https:\/\/radiorevelacionfm.cl\/index.php?rest_route=%2Fwp%2Fv2%2Fcategories&post=48821"},{"taxonomy":"post_tag","embeddable":true,"href":"https:\/\/radiorevelacionfm.cl\/index.php?rest_route=%2Fwp%2Fv2%2Ftags&post=48821"}],"curies":[{"name":"wp","href":"https:\/\/api.w.org\/{rel}","templated":true}]}}