{"id":48818,"date":"2024-12-12T11:38:27","date_gmt":"2024-12-12T14:38:27","guid":{"rendered":"https:\/\/radiorevelacionfm.cl\/?p=48818"},"modified":"2024-12-12T11:38:27","modified_gmt":"2024-12-12T14:38:27","slug":"puntos-de-cultura-comunitaria-de-aysen-se-asocian-para-crear-encuentro-patrimonial-en-caleta-tortel","status":"publish","type":"post","link":"https:\/\/radiorevelacionfm.cl\/?p=48818","title":{"rendered":"Puntos de Cultura Comunitaria de Ays\u00e9n se asocian para crear Encuentro Patrimonial en Caleta Tortel"},"content":{"rendered":"<div class=\"flex_column av_one_full  flex_column_div av-zero-column-padding first  avia-builder-el-0  el_before_av_one_full  avia-builder-el-first  \" style='border-radius:0px; '><div  class='avia-image-container  av-styling-    avia-builder-el-1  avia-builder-el-no-sibling  avia-align-center '  itemprop=\"image\" itemscope=\"itemscope\" itemtype=\"https:\/\/schema.org\/ImageObject\"  ><div class='avia-image-container-inner'><div class='avia-image-overlay-wrap'><img decoding=\"async\" class='wp-image-48819 avia-img-lazy-loading-not-48819 avia_image' src=\"https:\/\/radiorevelacionfm.cl\/wp-content\/uploads\/2024\/12\/tortel-8-1_optimized.jpg\" alt='' title='tortel-(8)-(1)_optimized' height=\"600\" width=\"800\"  itemprop=\"thumbnailUrl\" srcset=\"https:\/\/radiorevelacionfm.cl\/wp-content\/uploads\/2024\/12\/tortel-8-1_optimized.jpg 800w, https:\/\/radiorevelacionfm.cl\/wp-content\/uploads\/2024\/12\/tortel-8-1_optimized-300x225.jpg 300w, https:\/\/radiorevelacionfm.cl\/wp-content\/uploads\/2024\/12\/tortel-8-1_optimized-768x576.jpg 768w, https:\/\/radiorevelacionfm.cl\/wp-content\/uploads\/2024\/12\/tortel-8-1_optimized-705x529.jpg 705w, https:\/\/radiorevelacionfm.cl\/wp-content\/uploads\/2024\/12\/tortel-8-1_optimized-450x338.jpg 450w, https:\/\/radiorevelacionfm.cl\/wp-content\/uploads\/2024\/12\/tortel-8-1_optimized-600x450.jpg 600w\" sizes=\"(max-width: 800px) 100vw, 800px\" \/><\/div><\/div><\/div><\/div><div class=\"flex_column av_one_full  flex_column_div av-zero-column-padding first  avia-builder-el-2  el_after_av_one_full  el_before_av_one_full  column-top-margin\" style='border-radius:0px; '><section class=\"av_textblock_section \"  itemscope=\"itemscope\" itemtype=\"https:\/\/schema.org\/BlogPosting\" itemprop=\"blogPost\" ><div class='avia_textblock  '   itemprop=\"text\" ><p style=\"text-align: center;\"><strong><span style=\"font-size: 18pt;\">Puntos de Cultura Comunitaria de Ays\u00e9n se asocian para crear Encuentro Patrimonial en Caleta Tortel<\/span><\/strong><\/p>\n<div id=\"gtx-trans\" style=\"position: absolute; left: -50px; top: 4.31534px;\">\n<div class=\"gtx-trans-icon\"><\/div>\n<\/div>\n<\/div><\/section><\/div><div class=\"flex_column av_one_full  flex_column_div av-zero-column-padding first  avia-builder-el-4  el_after_av_one_full  el_before_av_hr  column-top-margin\" style='border-radius:0px; '><section class=\"av_textblock_section \"  itemscope=\"itemscope\" itemtype=\"https:\/\/schema.org\/BlogPosting\" itemprop=\"blogPost\" ><div class='avia_textblock  '   itemprop=\"text\" ><p style=\"text-align: justify;\">\u201cEn territorios tan aislados y con tan baja densidad poblacional como el nuestro, la asociatividad es fundamental. Realmente es fant\u00e1stico que tres Puntos de Cultura Comunitaria de la Regi\u00f3n de Ays\u00e9n hayan obtenido recursos para llevar n\u00fameros art\u00edsticos y culturales de calidad a Caleta Tortel, a trav\u00e9s de este encuentro. Estamos seguros de que este es el inicio de un camino que nos invita a permanecer reunidos en torno al trabajo colaborativo en diferentes lugares de Ays\u00e9n\u201d. De este modo, el seremi de Culturas Ays\u00e9n, Felipe Quiroz, felicita el \u201cEncuentro Patrimonial: Teatro, Danza y Comunidad en el entorno natural de Tortel\u201d que se desarrollar\u00e1 el verano 2025.<\/p>\n<p style=\"text-align: justify;\">La Escuela de Danza Tribal Atelakoya, el Colectivo de Madereros de Caleta Tortel y la Agrupaci\u00f3n Arte y Mate de Puerto Cisnes se reunieron, postularon y se adjudicaron recursos de la L\u00ednea del Plan de articulaci\u00f3n del Programa Puntos de Cultura Comunitaria del Ministerio de las Culturas, las Artes y el Patrimonio.<\/p>\n<p style=\"text-align: justify;\">Juntas buscan fomentar el uso cultural de espacios p\u00fablicos y promover su valoraci\u00f3n\u00a0 en Tortel, a trav\u00e9s de actividades art\u00edsticas y culturales. En la gesti\u00f3n de las actividades est\u00e1 integrada la comunidad.<\/p>\n<p style=\"text-align: justify;\">Con los recursos obtenidos, podr\u00e1n asociarse y articularse con el objetivo de llevar funciones y talleres de Teatro y Danza Tribal, muebler\u00eda y un festival gastron\u00f3mico a Caleta Tortel.<\/p>\n<p style=\"text-align: justify;\">Mar\u00eda Antonieta Inostroza, gestora cultural de Arte y Mate, dice que \u201cestamos\u00a0 respetando el Plan de Cultura Municipal que tiene la localidad de Tortel que permite el acceso a las artes respetando justamente este plan, permitiendo la participaci\u00f3n y el\u00a0 acceso a las artes y la cultura; el fomento de las artes en general y la formaci\u00f3n y sensibilizaci\u00f3n art\u00edstica y patrimonial de la ciudadan\u00eda. Adem\u00e1s, cooperar con el rescate y la difusi\u00f3n del patrimonio cultural que nos dimos cuenta que de alguna manera las tres organizaciones est\u00e1n enfocadas en ello\u201d.<\/p>\n<p style=\"text-align: justify;\">Francisca Ram\u00edrez, integrante del Colectivo de Madereros de Tortel, apunt\u00f3 que \u201ca trav\u00e9s de este proyecto, las plazas y las pasarelas de Tortel se van a convertir en verdaderos escenarios para recibir el teatro y la danza con las presentaciones de Arte y Mate y Atelakoya, lo que permite, adem\u00e1s, ampliar la oferta cultural con que cuenta la comuna y que los espacios p\u00fablicos vuelvan a tener un significado importante para la comunidad\u201d.<\/p>\n<\/div><\/section><\/div><div  style='height:50px' class='hr hr-invisible   avia-builder-el-6  el_after_av_one_full  el_before_av_social_share '><span class='hr-inner ' ><span class='hr-inner-style'><\/span><\/span><\/div><\/p>\n<div  class='av-social-sharing-box  avia-builder-el-7  el_after_av_hr  el_before_av_hr  '><div class='av-share-box'><h5 class='av-share-link-description av-no-toc '>Compartir esta noticia<\/h5><ul class='av-share-box-list noLightbox'><li class='av-share-link av-social-link-facebook' ><a target=\"_blank\" aria-label=\"Compartir en Facebook\" href='https:\/\/www.facebook.com\/sharer.php?u=https:\/\/radiorevelacionfm.cl\/?p=48818&#038;t=Puntos%20de%20Cultura%20Comunitaria%20de%20Ays%C3%A9n%20se%20asocian%20para%20crear%20Encuentro%20Patrimonial%20en%20Caleta%20Tortel' aria-hidden='false' data-av_icon='\ue8f3' data-av_iconfont='entypo-fontello' title='' data-avia-related-tooltip='Compartir en Facebook' rel=\"noopener\"><span class='avia_hidden_link_text'>Compartir en Facebook<\/span><\/a><\/li><li class='av-share-link av-social-link-twitter' ><a target=\"_blank\" aria-label=\"Compartir en Twitter\" href='https:\/\/twitter.com\/share?text=Puntos%20de%20Cultura%20Comunitaria%20de%20Ays%C3%A9n%20se%20asocian%20para%20crear%20Encuentro%20Patrimonial%20en%20Caleta%20Tortel&#038;url=https:\/\/radiorevelacionfm.cl\/?p=48818' aria-hidden='false' data-av_icon='\ue8f1' data-av_iconfont='entypo-fontello' title='' data-avia-related-tooltip='Compartir en Twitter' rel=\"noopener\"><span class='avia_hidden_link_text'>Compartir en Twitter<\/span><\/a><\/li><li class='av-share-link av-social-link-whatsapp' ><a target=\"_blank\" aria-label=\"Compartir en Whatsapp\" href='https:\/\/api.whatsapp.com\/send?text=https:\/\/radiorevelacionfm.cl\/?p=48818' aria-hidden='false' data-av_icon='\uf232' data-av_iconfont='entypo-fontello' title='' data-avia-related-tooltip='Compartir en Whatsapp' rel=\"noopener\"><span class='avia_hidden_link_text'>Compartir en Whatsapp<\/span><\/a><\/li><li class='av-share-link av-social-link-linkedin' ><a target=\"_blank\" aria-label=\"Compartir en LinkedIn\" href='https:\/\/linkedin.com\/shareArticle?mini=true&#038;title=Puntos%20de%20Cultura%20Comunitaria%20de%20Ays%C3%A9n%20se%20asocian%20para%20crear%20Encuentro%20Patrimonial%20en%20Caleta%20Tortel&#038;url=https:\/\/radiorevelacionfm.cl\/?p=48818' aria-hidden='false' data-av_icon='\ue8fc' data-av_iconfont='entypo-fontello' title='' data-avia-related-tooltip='Compartir en LinkedIn' rel=\"noopener\"><span class='avia_hidden_link_text'>Compartir en LinkedIn<\/span><\/a><\/li><li class='av-share-link av-social-link-mail' ><a  aria-label=\"Compartir por correo\" href='mailto:?subject=Puntos%20de%20Cultura%20Comunitaria%20de%20Ays%C3%A9n%20se%20asocian%20para%20crear%20Encuentro%20Patrimonial%20en%20Caleta%20Tortel&#038;body=https:\/\/radiorevelacionfm.cl\/?p=48818' aria-hidden='false' data-av_icon='\ue805' data-av_iconfont='entypo-fontello' title='' data-avia-related-tooltip='Compartir por correo'><span class='avia_hidden_link_text'>Compartir por correo<\/span><\/a><\/li><\/ul><\/div><\/div>\n<div  style='height:50px' class='hr hr-invisible   avia-builder-el-8  el_after_av_social_share  el_before_av_comments_list '><span class='hr-inner ' ><span class='hr-inner-style'><\/span><\/span><\/div>\n<div  class='av-buildercomment  av-blog-meta-html-info-disabled av-blog-meta-tag-disabled  '><\/div>\n","protected":false},"excerpt":{"rendered":"","protected":false},"author":1,"featured_media":48819,"comment_status":"open","ping_status":"open","sticky":false,"template":"","format":"standard","meta":{"footnotes":""},"categories":[52],"tags":[],"class_list":["post-48818","post","type-post","status-publish","format-standard","has-post-thumbnail","hentry","category-cultura"],"jetpack_featured_media_url":"https:\/\/radiorevelacionfm.cl\/wp-content\/uploads\/2024\/12\/tortel-8-1_optimized.jpg","_links":{"self":[{"href":"https:\/\/radiorevelacionfm.cl\/index.php?rest_route=\/wp\/v2\/posts\/48818","targetHints":{"allow":["GET"]}}],"collection":[{"href":"https:\/\/radiorevelacionfm.cl\/index.php?rest_route=\/wp\/v2\/posts"}],"about":[{"href":"https:\/\/radiorevelacionfm.cl\/index.php?rest_route=\/wp\/v2\/types\/post"}],"author":[{"embeddable":true,"href":"https:\/\/radiorevelacionfm.cl\/index.php?rest_route=\/wp\/v2\/users\/1"}],"replies":[{"embeddable":true,"href":"https:\/\/radiorevelacionfm.cl\/index.php?rest_route=%2Fwp%2Fv2%2Fcomments&post=48818"}],"version-history":[{"count":1,"href":"https:\/\/radiorevelacionfm.cl\/index.php?rest_route=\/wp\/v2\/posts\/48818\/revisions"}],"predecessor-version":[{"id":48820,"href":"https:\/\/radiorevelacionfm.cl\/index.php?rest_route=\/wp\/v2\/posts\/48818\/revisions\/48820"}],"wp:featuredmedia":[{"embeddable":true,"href":"https:\/\/radiorevelacionfm.cl\/index.php?rest_route=\/wp\/v2\/media\/48819"}],"wp:attachment":[{"href":"https:\/\/radiorevelacionfm.cl\/index.php?rest_route=%2Fwp%2Fv2%2Fmedia&parent=48818"}],"wp:term":[{"taxonomy":"category","embeddable":true,"href":"https:\/\/radiorevelacionfm.cl\/index.php?rest_route=%2Fwp%2Fv2%2Fcategories&post=48818"},{"taxonomy":"post_tag","embeddable":true,"href":"https:\/\/radiorevelacionfm.cl\/index.php?rest_route=%2Fwp%2Fv2%2Ftags&post=48818"}],"curies":[{"name":"wp","href":"https:\/\/api.w.org\/{rel}","templated":true}]}}