{"id":48811,"date":"2024-12-12T15:18:58","date_gmt":"2024-12-12T18:18:58","guid":{"rendered":"https:\/\/radiorevelacionfm.cl\/?p=48811"},"modified":"2024-12-12T15:18:58","modified_gmt":"2024-12-12T18:18:58","slug":"visita-a-establecimientos-y-encuentros-con-actores-educativos-y-equipos-regionales-realizo-la-jefa-de-la-division-de-educacion-general-deg-del-ministerio-de-educacion","status":"publish","type":"post","link":"https:\/\/radiorevelacionfm.cl\/?p=48811","title":{"rendered":"Visita a establecimientos y encuentros con actores educativos y equipos regionales realiz\u00f3 la Jefa de la Divisi\u00f3n de Educaci\u00f3n General DEG del Ministerio de Educaci\u00f3n"},"content":{"rendered":"<div class=\"flex_column av_one_full  flex_column_div av-zero-column-padding first  avia-builder-el-0  el_before_av_one_full  avia-builder-el-first  \" style='border-radius:0px; '><div  class='avia-image-container  av-styling-    avia-builder-el-1  avia-builder-el-no-sibling  avia-align-center '  itemprop=\"image\" itemscope=\"itemscope\" itemtype=\"https:\/\/schema.org\/ImageObject\"  ><div class='avia-image-container-inner'><div class='avia-image-overlay-wrap'><img decoding=\"async\" class='wp-image-48813 avia-img-lazy-loading-not-48813 avia_image' src=\"https:\/\/radiorevelacionfm.cl\/wp-content\/uploads\/2024\/12\/a246e3a3-50f6-4479-aa4c-09d8e815115c-1_optimized.jpeg\" alt='' title='a246e3a3-50f6-4479-aa4c-09d8e815115c-(1)_optimized' height=\"600\" width=\"800\"  itemprop=\"thumbnailUrl\" srcset=\"https:\/\/radiorevelacionfm.cl\/wp-content\/uploads\/2024\/12\/a246e3a3-50f6-4479-aa4c-09d8e815115c-1_optimized.jpeg 800w, https:\/\/radiorevelacionfm.cl\/wp-content\/uploads\/2024\/12\/a246e3a3-50f6-4479-aa4c-09d8e815115c-1_optimized-300x225.jpeg 300w, https:\/\/radiorevelacionfm.cl\/wp-content\/uploads\/2024\/12\/a246e3a3-50f6-4479-aa4c-09d8e815115c-1_optimized-768x576.jpeg 768w, https:\/\/radiorevelacionfm.cl\/wp-content\/uploads\/2024\/12\/a246e3a3-50f6-4479-aa4c-09d8e815115c-1_optimized-705x529.jpeg 705w, https:\/\/radiorevelacionfm.cl\/wp-content\/uploads\/2024\/12\/a246e3a3-50f6-4479-aa4c-09d8e815115c-1_optimized-450x338.jpeg 450w, https:\/\/radiorevelacionfm.cl\/wp-content\/uploads\/2024\/12\/a246e3a3-50f6-4479-aa4c-09d8e815115c-1_optimized-600x450.jpeg 600w\" sizes=\"(max-width: 800px) 100vw, 800px\" \/><\/div><\/div><\/div><\/div><div class=\"flex_column av_one_full  flex_column_div av-zero-column-padding first  avia-builder-el-2  el_after_av_one_full  el_before_av_one_full  column-top-margin\" style='border-radius:0px; '><section class=\"av_textblock_section \"  itemscope=\"itemscope\" itemtype=\"https:\/\/schema.org\/BlogPosting\" itemprop=\"blogPost\" ><div class='avia_textblock  '   itemprop=\"text\" ><p style=\"text-align: center;\"><span style=\"font-size: 18pt;\"><b>Visita a establecimientos y encuentros con actores educativos y equipos regionales realiz\u00f3 la Jefa de la Divisi\u00f3n de Educaci\u00f3n General DEG del Ministerio de Educaci\u00f3n<\/b><\/span><\/p>\n<div id=\"gtx-trans\" style=\"position: absolute; left: -50px; top: 4.31534px;\">\n<div class=\"gtx-trans-icon\"><\/div>\n<\/div>\n<\/div><\/section><\/div><div class=\"flex_column av_one_full  flex_column_div av-zero-column-padding first  avia-builder-el-4  el_after_av_one_full  el_before_av_hr  column-top-margin\" style='border-radius:0px; '><section class=\"av_textblock_section \"  itemscope=\"itemscope\" itemtype=\"https:\/\/schema.org\/BlogPosting\" itemprop=\"blogPost\" ><div class='avia_textblock  '   itemprop=\"text\" ><p class=\"v1MsoNormal\" style=\"text-align: justify;\">El lunes 09 y martes 10 de diciembre la Jefa de la Divisi\u00f3n de Educaci\u00f3n General DEG del Mineduc Flavia Fiabane realiz\u00f3 una visita de trabajo a Coyhaique junto a la Coordinadora Nacional del \u00c1rea de Liderazgo y Gesti\u00f3n para la Mejora Educativa Pamela Ya\u00f1ez.<\/p>\n<p class=\"v1MsoNormal\" style=\"text-align: justify;\">En el primer d\u00eda particip\u00f3 junto al equipo regional y Departamento Provincial de Educaci\u00f3n Coyhaique en la Jornada de \u201cEvaluaci\u00f3n de Plan regional 2024 \u2013 Proyecci\u00f3n 2025, la Seremi de Educaci\u00f3n Isabel Garrido, la jefa del Departamento Provincial de Educaci\u00f3n Coyhaique Michelle Grondona, el Jefe del Departamento Regional de Educaci\u00f3n Antonio Canihuante. A ellos se sumaron los equipos de Coordinadores del Departamento de Educaci\u00f3n, Supervisores del Departamento Provincial de Educaci\u00f3n y profesionales del Departamento de Planificaci\u00f3n y Administraci\u00f3n.<\/p>\n<p class=\"v1MsoNormal\" style=\"text-align: justify;\">El objetivo de la jornada fue propiciar espacios para la evaluaci\u00f3n del trabajo desarrollado a nivel regional y provincial respecto al acompa\u00f1amiento ministerial entregado; evaluar la pertinencia e impacto de las acciones del Plan Regional 2024 con los objetivos regionales y provinciales, y su relaci\u00f3n con otros planes implementados, Identificar los niveles de articulaci\u00f3n regional y provincial para la implementaci\u00f3n de acciones y Avanzar en la proyecci\u00f3n de acciones durante el 2025.<\/p>\n<p class=\"v1MsoNormal\" style=\"text-align: justify;\">Durante el segundo d\u00eda de trabajo en la capital regional la Jefa de la DEG concurri\u00f3 al Liceo Bicentenario Agr\u00edcola e Industrial de la Patagonia acompa\u00f1ada por la SEREMI de Educaci\u00f3n para conocer el proyecto educativo del establecimiento.<\/p>\n<p class=\"v1MsoNormal\" style=\"text-align: justify;\">Posteriormente, particip\u00f3 en una\u00a0 jornada taller orientada a proporcionar informaci\u00f3n a actores relevantes de las comunidades educativas de Coyhaique y Ays\u00e9n\u00a0 respecto de los principales alcances y caracter\u00edsticas del Plan de Reactivaci\u00f3n Educativa y la manera en que este puede contribuir a la gesti\u00f3n educativa de los establecimientos educacionales de la regi\u00f3n y a la formaci\u00f3n integral de los estudiantes.<\/p>\n<p class=\"v1MsoNormal\" style=\"text-align: justify;\">Al hacer una evaluaci\u00f3n de su estad\u00eda Flavia Fiabane destac\u00f3\u00a0 que: \u201cEsta visita tiene como prop\u00f3sito acompa\u00f1ar la evaluaci\u00f3n que nuestro ministerio hace junto a los equipos nacionales y regionales del a\u00f1o de trabajo lo que nos permite proyectar en mejor forma el 2025. Adem\u00e1s de conversar con nuestros equipos nos reunimos con un grupo de apoderados, docentes, estudiantes, asistentes de la educaci\u00f3n de distintos colegios con quienes repasamos los avances y desaf\u00edos de la aplicaci\u00f3n del Plan de Reactivaci\u00f3n Educativa. Hacemos una evaluaci\u00f3n muy positiva de la estad\u00eda en la regi\u00f3n, ya que nos da luces de c\u00f3mo mejorar el trabajo que hacemos como ministerio en post del aprendizaje de ni\u00f1as, ni\u00f1os y j\u00f3venes de esta regi\u00f3n y del pa\u00eds\u201d.<\/p>\n<p class=\"v1MsoNormal\" style=\"text-align: justify;\">Por su parte, la Seremi Isabel Garrido se\u00f1al\u00f3 que \u201cJunto a la Jefa de la Divisi\u00f3n de Educaci\u00f3n General DEG pudimos escuchar a las comunidades educativas\u00a0 respecto a c\u00f3mo hemos ido avanzando en la Reactivaci\u00f3n Educativa, la principal prioridad que tenemos como Ministerio de Educaci\u00f3n para hacernos cargo de los efectos de la pandemia en el sector educaci\u00f3n. Necesitamos que las ni\u00f1as y los ni\u00f1os est\u00e9n asistiendo regularmente a clases, que est\u00e9n aprendiendo aquello que deben aprender\u00a0 y que adem\u00e1s lo hagan en un ambiente de sana convivencia y de cari\u00f1o. Los actores educativos pudieron entregar su opini\u00f3n respecto a c\u00f3mo hemos estado avanzando y planteando cu\u00e1les son los desaf\u00edos que debemos enfrentar. En nuestra regi\u00f3n hemos logrado recuperar niveles de asistencia, y mejorado los resultados de aprendizajes pero sin duda nos falta, no solo llegar a los niveles pre pandemia sino generar un impulso m\u00e1s significativo en nuestra educaci\u00f3n y concretar las transformaciones que por a\u00f1os esperan las comunidades educativas\u201d.<\/p>\n<\/div><\/section><\/div><div  style='height:50px' class='hr hr-invisible   avia-builder-el-6  el_after_av_one_full  el_before_av_social_share '><span class='hr-inner ' ><span class='hr-inner-style'><\/span><\/span><\/div><\/p>\n<div  class='av-social-sharing-box  avia-builder-el-7  el_after_av_hr  el_before_av_hr  '><div class='av-share-box'><h5 class='av-share-link-description av-no-toc '>Compartir esta noticia<\/h5><ul class='av-share-box-list noLightbox'><li class='av-share-link av-social-link-facebook' ><a target=\"_blank\" aria-label=\"Compartir en Facebook\" href='https:\/\/www.facebook.com\/sharer.php?u=https:\/\/radiorevelacionfm.cl\/?p=48811&#038;t=Visita%20a%20establecimientos%20y%20encuentros%20con%20actores%20educativos%20y%20equipos%20regionales%20realiz%C3%B3%20la%20Jefa%20de%20la%20Divisi%C3%B3n%20de%20Educaci%C3%B3n%20General%20DEG%20del%20Ministerio%20de%20Educaci%C3%B3n' aria-hidden='false' data-av_icon='\ue8f3' data-av_iconfont='entypo-fontello' title='' data-avia-related-tooltip='Compartir en Facebook' rel=\"noopener\"><span class='avia_hidden_link_text'>Compartir en Facebook<\/span><\/a><\/li><li class='av-share-link av-social-link-twitter' ><a target=\"_blank\" aria-label=\"Compartir en Twitter\" href='https:\/\/twitter.com\/share?text=Visita%20a%20establecimientos%20y%20encuentros%20con%20actores%20educativos%20y%20equipos%20regionales%20realiz%C3%B3%20la%20Jefa%20de%20la%20Divisi%C3%B3n%20de%20Educaci%C3%B3n%20General%20DEG%20del%20Ministerio%20de%20Educaci%C3%B3n&#038;url=https:\/\/radiorevelacionfm.cl\/?p=48811' aria-hidden='false' data-av_icon='\ue8f1' data-av_iconfont='entypo-fontello' title='' data-avia-related-tooltip='Compartir en Twitter' rel=\"noopener\"><span class='avia_hidden_link_text'>Compartir en Twitter<\/span><\/a><\/li><li class='av-share-link av-social-link-whatsapp' ><a target=\"_blank\" aria-label=\"Compartir en Whatsapp\" href='https:\/\/api.whatsapp.com\/send?text=https:\/\/radiorevelacionfm.cl\/?p=48811' aria-hidden='false' data-av_icon='\uf232' data-av_iconfont='entypo-fontello' title='' data-avia-related-tooltip='Compartir en Whatsapp' rel=\"noopener\"><span class='avia_hidden_link_text'>Compartir en Whatsapp<\/span><\/a><\/li><li class='av-share-link av-social-link-linkedin' ><a target=\"_blank\" aria-label=\"Compartir en LinkedIn\" href='https:\/\/linkedin.com\/shareArticle?mini=true&#038;title=Visita%20a%20establecimientos%20y%20encuentros%20con%20actores%20educativos%20y%20equipos%20regionales%20realiz%C3%B3%20la%20Jefa%20de%20la%20Divisi%C3%B3n%20de%20Educaci%C3%B3n%20General%20DEG%20del%20Ministerio%20de%20Educaci%C3%B3n&#038;url=https:\/\/radiorevelacionfm.cl\/?p=48811' aria-hidden='false' data-av_icon='\ue8fc' data-av_iconfont='entypo-fontello' title='' data-avia-related-tooltip='Compartir en LinkedIn' rel=\"noopener\"><span class='avia_hidden_link_text'>Compartir en LinkedIn<\/span><\/a><\/li><li class='av-share-link av-social-link-mail' ><a  aria-label=\"Compartir por correo\" href='mailto:?subject=Visita%20a%20establecimientos%20y%20encuentros%20con%20actores%20educativos%20y%20equipos%20regionales%20realiz%C3%B3%20la%20Jefa%20de%20la%20Divisi%C3%B3n%20de%20Educaci%C3%B3n%20General%20DEG%20del%20Ministerio%20de%20Educaci%C3%B3n&#038;body=https:\/\/radiorevelacionfm.cl\/?p=48811' aria-hidden='false' data-av_icon='\ue805' data-av_iconfont='entypo-fontello' title='' data-avia-related-tooltip='Compartir por correo'><span class='avia_hidden_link_text'>Compartir por correo<\/span><\/a><\/li><\/ul><\/div><\/div>\n<div  style='height:50px' class='hr hr-invisible   avia-builder-el-8  el_after_av_social_share  el_before_av_comments_list '><span class='hr-inner ' ><span class='hr-inner-style'><\/span><\/span><\/div>\n<div  class='av-buildercomment  av-blog-meta-html-info-disabled av-blog-meta-tag-disabled  '><\/div>\n","protected":false},"excerpt":{"rendered":"","protected":false},"author":1,"featured_media":48813,"comment_status":"open","ping_status":"open","sticky":false,"template":"","format":"standard","meta":{"footnotes":""},"categories":[49],"tags":[],"class_list":["post-48811","post","type-post","status-publish","format-standard","has-post-thumbnail","hentry","category-educacion"],"jetpack_featured_media_url":"https:\/\/radiorevelacionfm.cl\/wp-content\/uploads\/2024\/12\/a246e3a3-50f6-4479-aa4c-09d8e815115c-1_optimized.jpeg","_links":{"self":[{"href":"https:\/\/radiorevelacionfm.cl\/index.php?rest_route=\/wp\/v2\/posts\/48811","targetHints":{"allow":["GET"]}}],"collection":[{"href":"https:\/\/radiorevelacionfm.cl\/index.php?rest_route=\/wp\/v2\/posts"}],"about":[{"href":"https:\/\/radiorevelacionfm.cl\/index.php?rest_route=\/wp\/v2\/types\/post"}],"author":[{"embeddable":true,"href":"https:\/\/radiorevelacionfm.cl\/index.php?rest_route=\/wp\/v2\/users\/1"}],"replies":[{"embeddable":true,"href":"https:\/\/radiorevelacionfm.cl\/index.php?rest_route=%2Fwp%2Fv2%2Fcomments&post=48811"}],"version-history":[{"count":1,"href":"https:\/\/radiorevelacionfm.cl\/index.php?rest_route=\/wp\/v2\/posts\/48811\/revisions"}],"predecessor-version":[{"id":48814,"href":"https:\/\/radiorevelacionfm.cl\/index.php?rest_route=\/wp\/v2\/posts\/48811\/revisions\/48814"}],"wp:featuredmedia":[{"embeddable":true,"href":"https:\/\/radiorevelacionfm.cl\/index.php?rest_route=\/wp\/v2\/media\/48813"}],"wp:attachment":[{"href":"https:\/\/radiorevelacionfm.cl\/index.php?rest_route=%2Fwp%2Fv2%2Fmedia&parent=48811"}],"wp:term":[{"taxonomy":"category","embeddable":true,"href":"https:\/\/radiorevelacionfm.cl\/index.php?rest_route=%2Fwp%2Fv2%2Fcategories&post=48811"},{"taxonomy":"post_tag","embeddable":true,"href":"https:\/\/radiorevelacionfm.cl\/index.php?rest_route=%2Fwp%2Fv2%2Ftags&post=48811"}],"curies":[{"name":"wp","href":"https:\/\/api.w.org\/{rel}","templated":true}]}}