{"id":48804,"date":"2024-12-11T20:23:51","date_gmt":"2024-12-11T23:23:51","guid":{"rendered":"https:\/\/radiorevelacionfm.cl\/?p=48804"},"modified":"2024-12-11T20:23:51","modified_gmt":"2024-12-11T23:23:51","slug":"el-parque-nacional-patagonia-celebra-sus-6-anos-junto-a-la-comunidad","status":"publish","type":"post","link":"https:\/\/radiorevelacionfm.cl\/?p=48804","title":{"rendered":"El Parque Nacional Patagonia celebra sus 6 a\u00f1os junto a la comunidad"},"content":{"rendered":"<div class=\"flex_column av_one_full  flex_column_div av-zero-column-padding first  avia-builder-el-0  el_before_av_one_full  avia-builder-el-first  \" style='border-radius:0px; '><div  class='avia-image-container  av-styling-    avia-builder-el-1  avia-builder-el-no-sibling  avia-align-center '  itemprop=\"image\" itemscope=\"itemscope\" itemtype=\"https:\/\/schema.org\/ImageObject\"  ><div class='avia-image-container-inner'><div class='avia-image-overlay-wrap'><img decoding=\"async\" class='wp-image-48805 avia-img-lazy-loading-not-48805 avia_image' src=\"https:\/\/radiorevelacionfm.cl\/wp-content\/uploads\/2024\/12\/pnp-11-12-g-1_optimized.jpg\" alt='' title='pnp-11-12-g-(1)_optimized' height=\"600\" width=\"901\"  itemprop=\"thumbnailUrl\" srcset=\"https:\/\/radiorevelacionfm.cl\/wp-content\/uploads\/2024\/12\/pnp-11-12-g-1_optimized.jpg 901w, https:\/\/radiorevelacionfm.cl\/wp-content\/uploads\/2024\/12\/pnp-11-12-g-1_optimized-300x200.jpg 300w, https:\/\/radiorevelacionfm.cl\/wp-content\/uploads\/2024\/12\/pnp-11-12-g-1_optimized-768x511.jpg 768w, https:\/\/radiorevelacionfm.cl\/wp-content\/uploads\/2024\/12\/pnp-11-12-g-1_optimized-705x469.jpg 705w, https:\/\/radiorevelacionfm.cl\/wp-content\/uploads\/2024\/12\/pnp-11-12-g-1_optimized-450x300.jpg 450w, https:\/\/radiorevelacionfm.cl\/wp-content\/uploads\/2024\/12\/pnp-11-12-g-1_optimized-600x400.jpg 600w\" sizes=\"(max-width: 901px) 100vw, 901px\" \/><\/div><\/div><\/div><\/div><div class=\"flex_column av_one_full  flex_column_div av-zero-column-padding first  avia-builder-el-2  el_after_av_one_full  el_before_av_one_full  column-top-margin\" style='border-radius:0px; '><section class=\"av_textblock_section \"  itemscope=\"itemscope\" itemtype=\"https:\/\/schema.org\/BlogPosting\" itemprop=\"blogPost\" ><div class='avia_textblock  '   itemprop=\"text\" ><p style=\"text-align: center;\"><span style=\"font-size: 18pt;\"><strong>El Parque Nacional Patagonia celebra sus 6 a\u00f1os junto a la comunidad<\/strong><\/span><\/p>\n<div id=\"gtx-trans\" style=\"position: absolute; left: -50px; top: 4.31534px;\">\n<div class=\"gtx-trans-icon\"><\/div>\n<\/div>\n<\/div><\/section><\/div><div class=\"flex_column av_one_full  flex_column_div av-zero-column-padding first  avia-builder-el-4  el_after_av_one_full  el_before_av_hr  column-top-margin\" style='border-radius:0px; '><section class=\"av_textblock_section \"  itemscope=\"itemscope\" itemtype=\"https:\/\/schema.org\/BlogPosting\" itemprop=\"blogPost\" ><div class='avia_textblock  '   itemprop=\"text\" ><p style=\"text-align: justify;\"><em>El 11 de diciembre de 2018, esta \u00e1rea protegida alcanz\u00f3 la categor\u00eda de parque nacional, la m\u00e1s alta forma de conservaci\u00f3n\u00a0 para un \u00e1rea silvestre en Chile.<\/em><\/p>\n<p style=\"text-align: justify;\">Para conmemorar su sexto aniversario, 130 vecinos de Chile Chico y alrededores participaron en un d\u00eda de entretenidas actividades que pusieron en valor el patrimonio cultural y natural del parque nacional. Todo esto tuvo lugar en el sector del Lago Jeinimeni, donde los asistentes pudieron disfrutar de la biodiversidad local en un ambiente de integraci\u00f3n y aprendizaje.<\/p>\n<p style=\"text-align: justify;\">La celebraci\u00f3n incluy\u00f3 una amplia variedad de talleres: desde cer\u00e1mica y muralismo, hasta la confecci\u00f3n de huertos y la utilizaci\u00f3n de hierbas medicinales, adem\u00e1s de traves\u00edas en kayak, facilitados por Koi extremo, el Club N\u00e1utico de Chile Chico, Huerto Jeinimeni, Club Andino de Chile Chico, AG de chacareros; y artistas locales como Ceramista de la Patagonia y Aroffesa. La jornada tambi\u00e9n cont\u00f3 guiados en tem\u00e1ticas de flora, fauna, patrimonio biocultural, entre otros; facilitados por vecinos en formaci\u00f3n del programa de gu\u00edas de turismo del \u00e1rea de vinculaci\u00f3n comunitaria de <em>Rewilding Chile<\/em>, los que fueron una forma de retribuci\u00f3n a la comunidad por este diploma cursado de forma totalmente gratuita.<\/p>\n<p style=\"text-align: justify;\">\u201cA <em>nosotros nos toc\u00f3 guiar a un grupo de 20 personas por el borde del Lago Jeinimeni,\u00a0 reflexionando un poco sobre el patrimonio cultural del mismo territorio. En un conversatorio junto a la gente, nos contaron sus historias, conversamos en torno a los usos que el humano le ha dado a este lugar a lo largo del tiempo, y se transform\u00f3 en algo muy entretenido\u201d <\/em>comenta Sergio Villarroel, alumno del diploma de guiado, respecto al trekking que le toc\u00f3 dirigir.<\/p>\n<p style=\"text-align: justify;\">En el mismo marco del aniversario, se conmemoran tres a\u00f1os desde el comienzo del Programa <em>Amigos del Parque Patagonia<\/em>, parte del \u00e1rea de vinculaci\u00f3n comunitaria de la <em>Fundaci\u00f3n Rewilding Chile<\/em>, uno de los actores que form\u00f3 parte de la organizaci\u00f3n del aniversario, junto con CONAF y los mismos vecinos.<\/p>\n<p style=\"text-align: justify;\">\u201c<em>El programa Amigos del parque Patagonia, tiene como objetivo potenciar el v\u00ednculo efectivo entre las comunidades y el parque nacional, fomentando lazos de orgullo y sentido de pertenencia con el territorio, a trav\u00e9s de diversas actividades que promuevan el conocimiento del patrimonio natural y cultural<\/em>\u201d, nos cuenta Carolina Cerda, Directora del \u00e1rea de vinculaci\u00f3n comunitaria de Rewilding Chile.<\/p>\n<p style=\"text-align: justify;\">\u00ab<em>Hoy la comunidad ya puede autogestionarse para que en conjunto realicemos una actividad como esta, ya tienen m\u00e1s autonom\u00eda. Entre los vecinos se cambi\u00f3 el switch, y se sabe que este es el Parque Nacional Patagonia, que ya no es una reserva, existiendo una evoluci\u00f3n positiva desde su creaci\u00f3n<\/em>\u00ab, comenta Benjam\u00edn Molina, administrador CONAF, sector Jeinimeni.<\/p>\n<p style=\"text-align: justify;\">Para m\u00e1s informaci\u00f3n sobre el Programa de Amigos del Parque Patagonia, revisa su Facebook con el mismo nombre, o su Instagram @amigos_pn_patgonia.<\/p>\n<\/div><\/section><\/div><div  style='height:50px' class='hr hr-invisible   avia-builder-el-6  el_after_av_one_full  el_before_av_social_share '><span class='hr-inner ' ><span class='hr-inner-style'><\/span><\/span><\/div><\/p>\n<div  class='av-social-sharing-box  avia-builder-el-7  el_after_av_hr  el_before_av_hr  '><div class='av-share-box'><h5 class='av-share-link-description av-no-toc '>Compartir esta noticia<\/h5><ul class='av-share-box-list noLightbox'><li class='av-share-link av-social-link-facebook' ><a target=\"_blank\" aria-label=\"Compartir en Facebook\" href='https:\/\/www.facebook.com\/sharer.php?u=https:\/\/radiorevelacionfm.cl\/?p=48804&#038;t=El%20Parque%20Nacional%20Patagonia%20celebra%20sus%206%20a%C3%B1os%20junto%20a%20la%20comunidad' aria-hidden='false' data-av_icon='\ue8f3' data-av_iconfont='entypo-fontello' title='' data-avia-related-tooltip='Compartir en Facebook' rel=\"noopener\"><span class='avia_hidden_link_text'>Compartir en Facebook<\/span><\/a><\/li><li class='av-share-link av-social-link-twitter' ><a target=\"_blank\" aria-label=\"Compartir en Twitter\" href='https:\/\/twitter.com\/share?text=El%20Parque%20Nacional%20Patagonia%20celebra%20sus%206%20a%C3%B1os%20junto%20a%20la%20comunidad&#038;url=https:\/\/radiorevelacionfm.cl\/?p=48804' aria-hidden='false' data-av_icon='\ue8f1' data-av_iconfont='entypo-fontello' title='' data-avia-related-tooltip='Compartir en Twitter' rel=\"noopener\"><span class='avia_hidden_link_text'>Compartir en Twitter<\/span><\/a><\/li><li class='av-share-link av-social-link-whatsapp' ><a target=\"_blank\" aria-label=\"Compartir en Whatsapp\" href='https:\/\/api.whatsapp.com\/send?text=https:\/\/radiorevelacionfm.cl\/?p=48804' aria-hidden='false' data-av_icon='\uf232' data-av_iconfont='entypo-fontello' title='' data-avia-related-tooltip='Compartir en Whatsapp' rel=\"noopener\"><span class='avia_hidden_link_text'>Compartir en Whatsapp<\/span><\/a><\/li><li class='av-share-link av-social-link-linkedin' ><a target=\"_blank\" aria-label=\"Compartir en LinkedIn\" href='https:\/\/linkedin.com\/shareArticle?mini=true&#038;title=El%20Parque%20Nacional%20Patagonia%20celebra%20sus%206%20a%C3%B1os%20junto%20a%20la%20comunidad&#038;url=https:\/\/radiorevelacionfm.cl\/?p=48804' aria-hidden='false' data-av_icon='\ue8fc' data-av_iconfont='entypo-fontello' title='' data-avia-related-tooltip='Compartir en LinkedIn' rel=\"noopener\"><span class='avia_hidden_link_text'>Compartir en LinkedIn<\/span><\/a><\/li><li class='av-share-link av-social-link-mail' ><a  aria-label=\"Compartir por correo\" href='mailto:?subject=El%20Parque%20Nacional%20Patagonia%20celebra%20sus%206%20a%C3%B1os%20junto%20a%20la%20comunidad&#038;body=https:\/\/radiorevelacionfm.cl\/?p=48804' aria-hidden='false' data-av_icon='\ue805' data-av_iconfont='entypo-fontello' title='' data-avia-related-tooltip='Compartir por correo'><span class='avia_hidden_link_text'>Compartir por correo<\/span><\/a><\/li><\/ul><\/div><\/div>\n<div  style='height:50px' class='hr hr-invisible   avia-builder-el-8  el_after_av_social_share  el_before_av_comments_list '><span class='hr-inner ' ><span class='hr-inner-style'><\/span><\/span><\/div>\n<div  class='av-buildercomment  av-blog-meta-html-info-disabled av-blog-meta-tag-disabled  '><\/div>\n","protected":false},"excerpt":{"rendered":"","protected":false},"author":1,"featured_media":48805,"comment_status":"open","ping_status":"open","sticky":false,"template":"","format":"standard","meta":{"footnotes":""},"categories":[54],"tags":[],"class_list":["post-48804","post","type-post","status-publish","format-standard","has-post-thumbnail","hentry","category-turismo"],"jetpack_featured_media_url":"https:\/\/radiorevelacionfm.cl\/wp-content\/uploads\/2024\/12\/pnp-11-12-g-1_optimized.jpg","_links":{"self":[{"href":"https:\/\/radiorevelacionfm.cl\/index.php?rest_route=\/wp\/v2\/posts\/48804","targetHints":{"allow":["GET"]}}],"collection":[{"href":"https:\/\/radiorevelacionfm.cl\/index.php?rest_route=\/wp\/v2\/posts"}],"about":[{"href":"https:\/\/radiorevelacionfm.cl\/index.php?rest_route=\/wp\/v2\/types\/post"}],"author":[{"embeddable":true,"href":"https:\/\/radiorevelacionfm.cl\/index.php?rest_route=\/wp\/v2\/users\/1"}],"replies":[{"embeddable":true,"href":"https:\/\/radiorevelacionfm.cl\/index.php?rest_route=%2Fwp%2Fv2%2Fcomments&post=48804"}],"version-history":[{"count":1,"href":"https:\/\/radiorevelacionfm.cl\/index.php?rest_route=\/wp\/v2\/posts\/48804\/revisions"}],"predecessor-version":[{"id":48806,"href":"https:\/\/radiorevelacionfm.cl\/index.php?rest_route=\/wp\/v2\/posts\/48804\/revisions\/48806"}],"wp:featuredmedia":[{"embeddable":true,"href":"https:\/\/radiorevelacionfm.cl\/index.php?rest_route=\/wp\/v2\/media\/48805"}],"wp:attachment":[{"href":"https:\/\/radiorevelacionfm.cl\/index.php?rest_route=%2Fwp%2Fv2%2Fmedia&parent=48804"}],"wp:term":[{"taxonomy":"category","embeddable":true,"href":"https:\/\/radiorevelacionfm.cl\/index.php?rest_route=%2Fwp%2Fv2%2Fcategories&post=48804"},{"taxonomy":"post_tag","embeddable":true,"href":"https:\/\/radiorevelacionfm.cl\/index.php?rest_route=%2Fwp%2Fv2%2Ftags&post=48804"}],"curies":[{"name":"wp","href":"https:\/\/api.w.org\/{rel}","templated":true}]}}