{"id":48801,"date":"2024-12-12T09:55:45","date_gmt":"2024-12-12T12:55:45","guid":{"rendered":"https:\/\/radiorevelacionfm.cl\/?p=48801"},"modified":"2024-12-12T09:55:45","modified_gmt":"2024-12-12T12:55:45","slug":"seremi-midesof-expone-en-concejo-municipal-de-lago-verde-desafios-para-la-comuna","status":"publish","type":"post","link":"https:\/\/radiorevelacionfm.cl\/?p=48801","title":{"rendered":"Seremi Midesof expone en concejo municipal de Lago Verde desaf\u00edos para la comuna"},"content":{"rendered":"<div class=\"flex_column av_one_full  flex_column_div av-zero-column-padding first  avia-builder-el-0  el_before_av_one_full  avia-builder-el-first  \" style='border-radius:0px; '><div  class='avia-image-container  av-styling-    avia-builder-el-1  avia-builder-el-no-sibling  avia-align-center '  itemprop=\"image\" itemscope=\"itemscope\" itemtype=\"https:\/\/schema.org\/ImageObject\"  ><div class='avia-image-container-inner'><div class='avia-image-overlay-wrap'><img decoding=\"async\" class='wp-image-48802 avia-img-lazy-loading-not-48802 avia_image' src=\"https:\/\/radiorevelacionfm.cl\/wp-content\/uploads\/2024\/12\/seremi-concejo-1-1.jpeg\" alt='' title='seremi concejo (1) (1)' height=\"600\" width=\"800\"  itemprop=\"thumbnailUrl\" srcset=\"https:\/\/radiorevelacionfm.cl\/wp-content\/uploads\/2024\/12\/seremi-concejo-1-1.jpeg 800w, https:\/\/radiorevelacionfm.cl\/wp-content\/uploads\/2024\/12\/seremi-concejo-1-1-300x225.jpeg 300w, https:\/\/radiorevelacionfm.cl\/wp-content\/uploads\/2024\/12\/seremi-concejo-1-1-768x576.jpeg 768w, https:\/\/radiorevelacionfm.cl\/wp-content\/uploads\/2024\/12\/seremi-concejo-1-1-705x529.jpeg 705w, https:\/\/radiorevelacionfm.cl\/wp-content\/uploads\/2024\/12\/seremi-concejo-1-1-450x338.jpeg 450w, https:\/\/radiorevelacionfm.cl\/wp-content\/uploads\/2024\/12\/seremi-concejo-1-1-600x450.jpeg 600w\" sizes=\"(max-width: 800px) 100vw, 800px\" \/><\/div><\/div><\/div><\/div><div class=\"flex_column av_one_full  flex_column_div av-zero-column-padding first  avia-builder-el-2  el_after_av_one_full  el_before_av_one_full  column-top-margin\" style='border-radius:0px; '><section class=\"av_textblock_section \"  itemscope=\"itemscope\" itemtype=\"https:\/\/schema.org\/BlogPosting\" itemprop=\"blogPost\" ><div class='avia_textblock  '   itemprop=\"text\" ><p style=\"text-align: center;\"><strong><span style=\"font-size: 18pt;\">Seremi Midesof expone en concejo municipal de Lago Verde desaf\u00edos para la comuna<\/span><\/strong><\/p>\n<div id=\"gtx-trans\" style=\"position: absolute; left: -50px; top: 4.31534px;\">\n<div class=\"gtx-trans-icon\"><\/div>\n<\/div>\n<\/div><\/section><\/div><div class=\"flex_column av_one_full  flex_column_div av-zero-column-padding first  avia-builder-el-4  el_after_av_one_full  el_before_av_hr  column-top-margin\" style='border-radius:0px; '><section class=\"av_textblock_section \"  itemscope=\"itemscope\" itemtype=\"https:\/\/schema.org\/BlogPosting\" itemprop=\"blogPost\" ><div class='avia_textblock  '   itemprop=\"text\" ><p style=\"text-align: justify;\"><em>Seremi Midesof expuso ante el Concejo Municipal de Lago Verde el Sistema Nacional de Apoyos y Cuidados y su gesti\u00f3n en la comuna agregando que son prioridad para contar con un Centro Comunitario de Cuidados destinado a Sectores Rurales que tengan complejidades para una atenci\u00f3n biopsicosocial.<\/em><\/p>\n<p style=\"text-align: justify;\">Hasta Villa Amengual se traslad\u00f3 la Seremi de Desarrollo Social y Familia Karina Acevedo Auad para exponer en la segunda sesi\u00f3n de Concejo Municipal que encabeza la alcaldesa Claudia Vald\u00e9s, sobre los \u00e9nfasis del Sistema Nacional de Apoyos y Cuidados, Chile Cuida, en la comuna y su articulaci\u00f3n para el 2025.<\/p>\n<p style=\"text-align: justify;\">Actualmente la comuna cuenta a trav\u00e9s del Ministerio, con el Programa Red Local de Apoyos y Cuidados que permite a trav\u00e9s del municipio entregar cobertura a 15 beneficiarios con un Plan de Cuidados, Servicios Especializados y la l\u00ednea de acci\u00f3n Gesti\u00f3n de Red, atendiendo en las \u00e1reas biopsicosocial a personas con movilidad severa y moderada de todas las edades y a su red de apoyo o persona cuidadora no remunerada.<\/p>\n<p style=\"text-align: justify;\">\u00abTenemos un compromiso\u00bb indic\u00f3 Karina Acevedo ante el reciente asumido Concejo Municipal, agregando que \u00abexpusimos nuestro inter\u00e9s de impulsar como Ministerio un Centro Comunitario de Cuidados en zonas rurales en donde Lago Verde es prioritario por la distancia y complejidad de su territorio y buscamos que esta pol\u00edtica p\u00fablica, Chile Cuida tambi\u00e9n est\u00e9 presente en localidades apartadas, por lo que el trabajo mancomunado con el municipio, la alcaldesa y su Concejo es relevante\u00bb indic\u00f3 la autoridad sectorial.<\/p>\n<p style=\"text-align: justify;\">Por su parte la alcaldesa Claudia Vald\u00e9s destac\u00f3 la positivo que es para los beneficiarios el Programa Red Local de Apoyos y Cuidados, haciendo hincapi\u00e9 que se sumar\u00e1n a las gestiones para as\u00ed llegar con Chile Cuida a sectores apartados de la comuna \u00abPara nuestra administraci\u00f3n es muy importante, porque es uno de los ejes que estamos llevando, relevando los cuidados para personas que m\u00e1s lo necesitan y sobre todo en nuestra comuna que tiene dificultad en acceso a terapias de rehabilitaci\u00f3n, acompa\u00f1amiento psicosocial sobre todo paras personas mayores y en situaci\u00f3n de discapacidad, as\u00ed que agradecemos el apoyo para esto y presentarnos con esta exposici\u00f3n en Villa Amengual del Sistema Nacional de Apoyos y Cuidados, Chile Cuida\u00bb.<\/p>\n<p style=\"text-align: justify;\">\u00abEstamos pensando a futuro\u00bb indic\u00f3 el Concejal V\u00edctor Ojeda se\u00f1alando que \u00abQueremos mejorar la calidad de vida de cada habitante de nuestra comuna y valoramos que la seremi Karina Acevedo est\u00e9 ac\u00e1, nuestro inter\u00e9s es retomar el lazo con los servicios p\u00fablicos, ser aliados\u00bb.<\/p>\n<p style=\"text-align: justify;\">El programa Red Local de Apoyos y Cuidados presente en 7 comunas de la regi\u00f3n con un financiamiento del Ministerio de Desarrollo Social y Familia hacia los municipios, se articula a trav\u00e9s de un modelo de gesti\u00f3n, que abarca una atenci\u00f3n integral, contempla entre otros: acompa\u00f1amiento psicol\u00f3gico y especializado como podolog\u00eda, peluquer\u00eda, kinesiolog\u00eda, terapia ocupacional, ayudas t\u00e9cnicas, adaptaciones funcionales a la vivienda, entrega de art\u00edculos de aseo y cuidado, indumentaria y una red b\u00e1sica conformada por actores locales municipales que intervienen en materia de dependencia (Registro Social de Hogares, Oficina Discapacidad, Oficina Adulto Mayor, Dideco\/Dideso, Salud).<\/p>\n<\/div><\/section><\/div><div  style='height:50px' class='hr hr-invisible   avia-builder-el-6  el_after_av_one_full  el_before_av_social_share '><span class='hr-inner ' ><span class='hr-inner-style'><\/span><\/span><\/div><\/p>\n<div  class='av-social-sharing-box  avia-builder-el-7  el_after_av_hr  el_before_av_hr  '><div class='av-share-box'><h5 class='av-share-link-description av-no-toc '>Compartir esta noticia<\/h5><ul class='av-share-box-list noLightbox'><li class='av-share-link av-social-link-facebook' ><a target=\"_blank\" aria-label=\"Compartir en Facebook\" href='https:\/\/www.facebook.com\/sharer.php?u=https:\/\/radiorevelacionfm.cl\/?p=48801&#038;t=Seremi%20Midesof%20expone%20en%20concejo%20municipal%20de%20Lago%20Verde%20desaf%C3%ADos%20para%20la%20comuna' aria-hidden='false' data-av_icon='\ue8f3' data-av_iconfont='entypo-fontello' title='' data-avia-related-tooltip='Compartir en Facebook' rel=\"noopener\"><span class='avia_hidden_link_text'>Compartir en Facebook<\/span><\/a><\/li><li class='av-share-link av-social-link-twitter' ><a target=\"_blank\" aria-label=\"Compartir en Twitter\" href='https:\/\/twitter.com\/share?text=Seremi%20Midesof%20expone%20en%20concejo%20municipal%20de%20Lago%20Verde%20desaf%C3%ADos%20para%20la%20comuna&#038;url=https:\/\/radiorevelacionfm.cl\/?p=48801' aria-hidden='false' data-av_icon='\ue8f1' data-av_iconfont='entypo-fontello' title='' data-avia-related-tooltip='Compartir en Twitter' rel=\"noopener\"><span class='avia_hidden_link_text'>Compartir en Twitter<\/span><\/a><\/li><li class='av-share-link av-social-link-whatsapp' ><a target=\"_blank\" aria-label=\"Compartir en Whatsapp\" href='https:\/\/api.whatsapp.com\/send?text=https:\/\/radiorevelacionfm.cl\/?p=48801' aria-hidden='false' data-av_icon='\uf232' data-av_iconfont='entypo-fontello' title='' data-avia-related-tooltip='Compartir en Whatsapp' rel=\"noopener\"><span class='avia_hidden_link_text'>Compartir en Whatsapp<\/span><\/a><\/li><li class='av-share-link av-social-link-linkedin' ><a target=\"_blank\" aria-label=\"Compartir en LinkedIn\" href='https:\/\/linkedin.com\/shareArticle?mini=true&#038;title=Seremi%20Midesof%20expone%20en%20concejo%20municipal%20de%20Lago%20Verde%20desaf%C3%ADos%20para%20la%20comuna&#038;url=https:\/\/radiorevelacionfm.cl\/?p=48801' aria-hidden='false' data-av_icon='\ue8fc' data-av_iconfont='entypo-fontello' title='' data-avia-related-tooltip='Compartir en LinkedIn' rel=\"noopener\"><span class='avia_hidden_link_text'>Compartir en LinkedIn<\/span><\/a><\/li><li class='av-share-link av-social-link-mail' ><a  aria-label=\"Compartir por correo\" href='mailto:?subject=Seremi%20Midesof%20expone%20en%20concejo%20municipal%20de%20Lago%20Verde%20desaf%C3%ADos%20para%20la%20comuna&#038;body=https:\/\/radiorevelacionfm.cl\/?p=48801' aria-hidden='false' data-av_icon='\ue805' data-av_iconfont='entypo-fontello' title='' data-avia-related-tooltip='Compartir por correo'><span class='avia_hidden_link_text'>Compartir por correo<\/span><\/a><\/li><\/ul><\/div><\/div>\n<div  style='height:50px' class='hr hr-invisible   avia-builder-el-8  el_after_av_social_share  el_before_av_comments_list '><span class='hr-inner ' ><span class='hr-inner-style'><\/span><\/span><\/div>\n<div  class='av-buildercomment  av-blog-meta-html-info-disabled av-blog-meta-tag-disabled  '><\/div>\n","protected":false},"excerpt":{"rendered":"","protected":false},"author":1,"featured_media":48802,"comment_status":"open","ping_status":"open","sticky":false,"template":"","format":"standard","meta":{"footnotes":""},"categories":[38],"tags":[],"class_list":["post-48801","post","type-post","status-publish","format-standard","has-post-thumbnail","hentry","category-regional"],"jetpack_featured_media_url":"https:\/\/radiorevelacionfm.cl\/wp-content\/uploads\/2024\/12\/seremi-concejo-1-1.jpeg","_links":{"self":[{"href":"https:\/\/radiorevelacionfm.cl\/index.php?rest_route=\/wp\/v2\/posts\/48801","targetHints":{"allow":["GET"]}}],"collection":[{"href":"https:\/\/radiorevelacionfm.cl\/index.php?rest_route=\/wp\/v2\/posts"}],"about":[{"href":"https:\/\/radiorevelacionfm.cl\/index.php?rest_route=\/wp\/v2\/types\/post"}],"author":[{"embeddable":true,"href":"https:\/\/radiorevelacionfm.cl\/index.php?rest_route=\/wp\/v2\/users\/1"}],"replies":[{"embeddable":true,"href":"https:\/\/radiorevelacionfm.cl\/index.php?rest_route=%2Fwp%2Fv2%2Fcomments&post=48801"}],"version-history":[{"count":1,"href":"https:\/\/radiorevelacionfm.cl\/index.php?rest_route=\/wp\/v2\/posts\/48801\/revisions"}],"predecessor-version":[{"id":48803,"href":"https:\/\/radiorevelacionfm.cl\/index.php?rest_route=\/wp\/v2\/posts\/48801\/revisions\/48803"}],"wp:featuredmedia":[{"embeddable":true,"href":"https:\/\/radiorevelacionfm.cl\/index.php?rest_route=\/wp\/v2\/media\/48802"}],"wp:attachment":[{"href":"https:\/\/radiorevelacionfm.cl\/index.php?rest_route=%2Fwp%2Fv2%2Fmedia&parent=48801"}],"wp:term":[{"taxonomy":"category","embeddable":true,"href":"https:\/\/radiorevelacionfm.cl\/index.php?rest_route=%2Fwp%2Fv2%2Fcategories&post=48801"},{"taxonomy":"post_tag","embeddable":true,"href":"https:\/\/radiorevelacionfm.cl\/index.php?rest_route=%2Fwp%2Fv2%2Ftags&post=48801"}],"curies":[{"name":"wp","href":"https:\/\/api.w.org\/{rel}","templated":true}]}}