{"id":48798,"date":"2024-12-12T10:15:38","date_gmt":"2024-12-12T13:15:38","guid":{"rendered":"https:\/\/radiorevelacionfm.cl\/?p=48798"},"modified":"2024-12-12T10:15:38","modified_gmt":"2024-12-12T13:15:38","slug":"con-intervencion-urbana-relevan-dia-internacional-de-los-derechos-humanos","status":"publish","type":"post","link":"https:\/\/radiorevelacionfm.cl\/?p=48798","title":{"rendered":"Con intervenci\u00f3n urbana relevan D\u00eda Internacional de los Derechos Humanos"},"content":{"rendered":"<div class=\"flex_column av_one_full  flex_column_div av-zero-column-padding first  avia-builder-el-0  el_before_av_one_full  avia-builder-el-first  \" style='border-radius:0px; '><div  class='avia-image-container  av-styling-    avia-builder-el-1  avia-builder-el-no-sibling  avia-align-center '  itemprop=\"image\" itemscope=\"itemscope\" itemtype=\"https:\/\/schema.org\/ImageObject\"  ><div class='avia-image-container-inner'><div class='avia-image-overlay-wrap'><img decoding=\"async\" class='wp-image-48799 avia-img-lazy-loading-not-48799 avia_image' src=\"https:\/\/radiorevelacionfm.cl\/wp-content\/uploads\/2024\/12\/intervencion-2-1_optimized.jpg\" alt='' title='intervencion-2-(1)_optimized' height=\"600\" width=\"800\"  itemprop=\"thumbnailUrl\" srcset=\"https:\/\/radiorevelacionfm.cl\/wp-content\/uploads\/2024\/12\/intervencion-2-1_optimized.jpg 800w, https:\/\/radiorevelacionfm.cl\/wp-content\/uploads\/2024\/12\/intervencion-2-1_optimized-300x225.jpg 300w, https:\/\/radiorevelacionfm.cl\/wp-content\/uploads\/2024\/12\/intervencion-2-1_optimized-768x576.jpg 768w, https:\/\/radiorevelacionfm.cl\/wp-content\/uploads\/2024\/12\/intervencion-2-1_optimized-705x529.jpg 705w, https:\/\/radiorevelacionfm.cl\/wp-content\/uploads\/2024\/12\/intervencion-2-1_optimized-450x338.jpg 450w, https:\/\/radiorevelacionfm.cl\/wp-content\/uploads\/2024\/12\/intervencion-2-1_optimized-600x450.jpg 600w\" sizes=\"(max-width: 800px) 100vw, 800px\" \/><\/div><\/div><\/div><\/div><div class=\"flex_column av_one_full  flex_column_div av-zero-column-padding first  avia-builder-el-2  el_after_av_one_full  el_before_av_one_full  column-top-margin\" style='border-radius:0px; '><section class=\"av_textblock_section \"  itemscope=\"itemscope\" itemtype=\"https:\/\/schema.org\/BlogPosting\" itemprop=\"blogPost\" ><div class='avia_textblock  '   itemprop=\"text\" ><p style=\"text-align: center;\"><span style=\"font-size: 18pt;\"><strong>Con intervenci\u00f3n urbana relevan D\u00eda Internacional de los Derechos Humanos <\/strong><\/span><\/p>\n<div id=\"gtx-trans\" style=\"position: absolute; left: -50px; top: 4.31534px;\">\n<div class=\"gtx-trans-icon\"><\/div>\n<\/div>\n<\/div><\/section><\/div><div class=\"flex_column av_one_full  flex_column_div av-zero-column-padding first  avia-builder-el-4  el_after_av_one_full  el_before_av_hr  column-top-margin\" style='border-radius:0px; '><section class=\"av_textblock_section \"  itemscope=\"itemscope\" itemtype=\"https:\/\/schema.org\/BlogPosting\" itemprop=\"blogPost\" ><div class='avia_textblock  '   itemprop=\"text\" ><p style=\"text-align: justify;\"><em>La actividad realizada por la Secretar\u00eda Regional Ministerial de Justicia y Derechos Humanos buscaba<\/em><em>\u00a0promover y sensibilizar a la ciudadan\u00eda en torno a la defensa y protecci\u00f3n de los DD.HH.<\/em><\/p>\n<p style=\"text-align: justify;\">Con una intervenci\u00f3n urbana realizada en inmediaciones del Paseo Horn de Coyhaique, la Secretar\u00eda Regional Ministerial de Justicia y Derechos Humanos relev\u00f3 el D\u00eda Internacional de los Derechos Humanos, esto enmarcado en el 10 de diciembre de 1948, fecha en que se suscribe la Declaraci\u00f3n Universal de los Derechos.<\/p>\n<p style=\"text-align: justify;\">Dicha intervenci\u00f3n consider\u00f3 una exposici\u00f3n de fotograf\u00edas que conten\u00edan principalmente material referente a tratados internacionales, convenciones y pactos, democracia y derechos humanos, los principios de la democracia, y del Plan Nacional de B\u00fasqueda.<\/p>\n<p style=\"text-align: justify;\">Respecto a este hito, el seremi de Justicia y Derechos Humanos Samuel Navarro Castro explic\u00f3 que a partir de la Declaraci\u00f3n Universal de los Derechos Humanos se van suscribiendo por \u00a0parte de Chile, del Estado una serie de convenciones y tratados para la protecci\u00f3n y promoci\u00f3n de los Derechos Humanos en distintos \u00e1mbitos y \u00e1reas, para la ni\u00f1ez y la adolescencia, para protecci\u00f3n de las mujeres, el derecho de los migrantes, el derecho de las personas mayores que se va focalizando y se va poniendo en contexto en cada grupo de especial consideraci\u00f3n la protecci\u00f3n que debiesen tener dentro de la promoci\u00f3n de los derechos humanos\u201d.<\/p>\n<p style=\"text-align: justify;\">As\u00ed tambi\u00e9n la autoridad sectorial destac\u00f3 que dentro de las distintas acciones y pol\u00edticas p\u00fablicas que despliega el Ministerio de Justicia y Derechos Humanos se encuentra el Plan Nacional de B\u00fasqueda, de Verdad y Justicia, se\u00f1alando que \u201cque como Gobierno lo constituimos como una pol\u00edtica p\u00fablica permanente para dar con el paradero de los detenidos desaparecidos durante la dictadura c\u00edvico militar, tambi\u00e9n recalcar que adem\u00e1s estamos participando en una serie de acciones tanto para la promoci\u00f3n y protecci\u00f3n de la violencia contra las mujeres, la promoci\u00f3n y protecci\u00f3n de los derechos de los ni\u00f1os, de las personas mayores, de las personas con discapacidad y en una serie de pol\u00edticas p\u00fablicas que estamos desplegando\u201d.<\/p>\n<p style=\"text-align: justify;\">Finalmente, Samuel Navarro fue enf\u00e1tico en se\u00f1alar la importancia de que la ciudadan\u00eda conozca la defensa y la promoci\u00f3n de los derechos humanos, y tambi\u00e9n el valor de la democracia donde se pueden respetar y desarrollar de mejor forma.<\/p>\n<\/div><\/section><\/div><div  style='height:50px' class='hr hr-invisible   avia-builder-el-6  el_after_av_one_full  el_before_av_social_share '><span class='hr-inner ' ><span class='hr-inner-style'><\/span><\/span><\/div><\/p>\n<div  class='av-social-sharing-box  avia-builder-el-7  el_after_av_hr  el_before_av_hr  '><div class='av-share-box'><h5 class='av-share-link-description av-no-toc '>Compartir esta noticia<\/h5><ul class='av-share-box-list noLightbox'><li class='av-share-link av-social-link-facebook' ><a target=\"_blank\" aria-label=\"Compartir en Facebook\" href='https:\/\/www.facebook.com\/sharer.php?u=https:\/\/radiorevelacionfm.cl\/?p=48798&#038;t=Con%20intervenci%C3%B3n%20urbana%20relevan%20D%C3%ADa%20Internacional%20de%20los%20Derechos%20Humanos' aria-hidden='false' data-av_icon='\ue8f3' data-av_iconfont='entypo-fontello' title='' data-avia-related-tooltip='Compartir en Facebook' rel=\"noopener\"><span class='avia_hidden_link_text'>Compartir en Facebook<\/span><\/a><\/li><li class='av-share-link av-social-link-twitter' ><a target=\"_blank\" aria-label=\"Compartir en Twitter\" href='https:\/\/twitter.com\/share?text=Con%20intervenci%C3%B3n%20urbana%20relevan%20D%C3%ADa%20Internacional%20de%20los%20Derechos%20Humanos&#038;url=https:\/\/radiorevelacionfm.cl\/?p=48798' aria-hidden='false' data-av_icon='\ue8f1' data-av_iconfont='entypo-fontello' title='' data-avia-related-tooltip='Compartir en Twitter' rel=\"noopener\"><span class='avia_hidden_link_text'>Compartir en Twitter<\/span><\/a><\/li><li class='av-share-link av-social-link-whatsapp' ><a target=\"_blank\" aria-label=\"Compartir en Whatsapp\" href='https:\/\/api.whatsapp.com\/send?text=https:\/\/radiorevelacionfm.cl\/?p=48798' aria-hidden='false' data-av_icon='\uf232' data-av_iconfont='entypo-fontello' title='' data-avia-related-tooltip='Compartir en Whatsapp' rel=\"noopener\"><span class='avia_hidden_link_text'>Compartir en Whatsapp<\/span><\/a><\/li><li class='av-share-link av-social-link-linkedin' ><a target=\"_blank\" aria-label=\"Compartir en LinkedIn\" href='https:\/\/linkedin.com\/shareArticle?mini=true&#038;title=Con%20intervenci%C3%B3n%20urbana%20relevan%20D%C3%ADa%20Internacional%20de%20los%20Derechos%20Humanos&#038;url=https:\/\/radiorevelacionfm.cl\/?p=48798' aria-hidden='false' data-av_icon='\ue8fc' data-av_iconfont='entypo-fontello' title='' data-avia-related-tooltip='Compartir en LinkedIn' rel=\"noopener\"><span class='avia_hidden_link_text'>Compartir en LinkedIn<\/span><\/a><\/li><li class='av-share-link av-social-link-mail' ><a  aria-label=\"Compartir por correo\" href='mailto:?subject=Con%20intervenci%C3%B3n%20urbana%20relevan%20D%C3%ADa%20Internacional%20de%20los%20Derechos%20Humanos&#038;body=https:\/\/radiorevelacionfm.cl\/?p=48798' aria-hidden='false' data-av_icon='\ue805' data-av_iconfont='entypo-fontello' title='' data-avia-related-tooltip='Compartir por correo'><span class='avia_hidden_link_text'>Compartir por correo<\/span><\/a><\/li><\/ul><\/div><\/div>\n<div  style='height:50px' class='hr hr-invisible   avia-builder-el-8  el_after_av_social_share  el_before_av_comments_list '><span class='hr-inner ' ><span class='hr-inner-style'><\/span><\/span><\/div>\n<div  class='av-buildercomment  av-blog-meta-html-info-disabled av-blog-meta-tag-disabled  '><\/div>\n","protected":false},"excerpt":{"rendered":"","protected":false},"author":1,"featured_media":48799,"comment_status":"open","ping_status":"open","sticky":false,"template":"","format":"standard","meta":{"footnotes":""},"categories":[55],"tags":[],"class_list":["post-48798","post","type-post","status-publish","format-standard","has-post-thumbnail","hentry","category-justicia"],"jetpack_featured_media_url":"https:\/\/radiorevelacionfm.cl\/wp-content\/uploads\/2024\/12\/intervencion-2-1_optimized.jpg","_links":{"self":[{"href":"https:\/\/radiorevelacionfm.cl\/index.php?rest_route=\/wp\/v2\/posts\/48798","targetHints":{"allow":["GET"]}}],"collection":[{"href":"https:\/\/radiorevelacionfm.cl\/index.php?rest_route=\/wp\/v2\/posts"}],"about":[{"href":"https:\/\/radiorevelacionfm.cl\/index.php?rest_route=\/wp\/v2\/types\/post"}],"author":[{"embeddable":true,"href":"https:\/\/radiorevelacionfm.cl\/index.php?rest_route=\/wp\/v2\/users\/1"}],"replies":[{"embeddable":true,"href":"https:\/\/radiorevelacionfm.cl\/index.php?rest_route=%2Fwp%2Fv2%2Fcomments&post=48798"}],"version-history":[{"count":1,"href":"https:\/\/radiorevelacionfm.cl\/index.php?rest_route=\/wp\/v2\/posts\/48798\/revisions"}],"predecessor-version":[{"id":48800,"href":"https:\/\/radiorevelacionfm.cl\/index.php?rest_route=\/wp\/v2\/posts\/48798\/revisions\/48800"}],"wp:featuredmedia":[{"embeddable":true,"href":"https:\/\/radiorevelacionfm.cl\/index.php?rest_route=\/wp\/v2\/media\/48799"}],"wp:attachment":[{"href":"https:\/\/radiorevelacionfm.cl\/index.php?rest_route=%2Fwp%2Fv2%2Fmedia&parent=48798"}],"wp:term":[{"taxonomy":"category","embeddable":true,"href":"https:\/\/radiorevelacionfm.cl\/index.php?rest_route=%2Fwp%2Fv2%2Fcategories&post=48798"},{"taxonomy":"post_tag","embeddable":true,"href":"https:\/\/radiorevelacionfm.cl\/index.php?rest_route=%2Fwp%2Fv2%2Ftags&post=48798"}],"curies":[{"name":"wp","href":"https:\/\/api.w.org\/{rel}","templated":true}]}}