{"id":48795,"date":"2024-12-11T17:57:17","date_gmt":"2024-12-11T20:57:17","guid":{"rendered":"https:\/\/radiorevelacionfm.cl\/?p=48795"},"modified":"2024-12-11T17:57:17","modified_gmt":"2024-12-11T20:57:17","slug":"innovacion-en-coyhaique-inauguran-titan-la-primera-planta-solar-asociativa-de-la-patagonia","status":"publish","type":"post","link":"https:\/\/radiorevelacionfm.cl\/?p=48795","title":{"rendered":"Innovaci\u00f3n en Coyhaique: Inauguran Tit\u00e1n, la primera planta solar asociativa de la Patagonia"},"content":{"rendered":"<div class=\"flex_column av_one_full  flex_column_div av-zero-column-padding first  avia-builder-el-0  el_before_av_one_full  avia-builder-el-first  \" style='border-radius:0px; '><div  class='avia-image-container  av-styling-    avia-builder-el-1  avia-builder-el-no-sibling  avia-align-center '  itemprop=\"image\" itemscope=\"itemscope\" itemtype=\"https:\/\/schema.org\/ImageObject\"  ><div class='avia-image-container-inner'><div class='avia-image-overlay-wrap'><img decoding=\"async\" class='wp-image-48796 avia-img-lazy-loading-not-48796 avia_image' src=\"https:\/\/radiorevelacionfm.cl\/wp-content\/uploads\/2024\/12\/inauguracion-planta-solar-titan-1_optimized.jpg\" alt='' title='inauguracion-planta-solar-titan-(1)_optimized' height=\"600\" width=\"939\"  itemprop=\"thumbnailUrl\" srcset=\"https:\/\/radiorevelacionfm.cl\/wp-content\/uploads\/2024\/12\/inauguracion-planta-solar-titan-1_optimized.jpg 939w, https:\/\/radiorevelacionfm.cl\/wp-content\/uploads\/2024\/12\/inauguracion-planta-solar-titan-1_optimized-300x192.jpg 300w, https:\/\/radiorevelacionfm.cl\/wp-content\/uploads\/2024\/12\/inauguracion-planta-solar-titan-1_optimized-768x491.jpg 768w, https:\/\/radiorevelacionfm.cl\/wp-content\/uploads\/2024\/12\/inauguracion-planta-solar-titan-1_optimized-705x450.jpg 705w, https:\/\/radiorevelacionfm.cl\/wp-content\/uploads\/2024\/12\/inauguracion-planta-solar-titan-1_optimized-450x288.jpg 450w, https:\/\/radiorevelacionfm.cl\/wp-content\/uploads\/2024\/12\/inauguracion-planta-solar-titan-1_optimized-600x383.jpg 600w\" sizes=\"(max-width: 939px) 100vw, 939px\" \/><\/div><\/div><\/div><\/div><div class=\"flex_column av_one_full  flex_column_div av-zero-column-padding first  avia-builder-el-2  el_after_av_one_full  el_before_av_one_full  column-top-margin\" style='border-radius:0px; '><section class=\"av_textblock_section \"  itemscope=\"itemscope\" itemtype=\"https:\/\/schema.org\/BlogPosting\" itemprop=\"blogPost\" ><div class='avia_textblock  '   itemprop=\"text\" ><p style=\"text-align: center;\"><span style=\"font-size: 18pt;\"><b><span lang=\"es-419\">Innovaci\u00f3n en Coyhaique: Inauguran Tit\u00e1n, la primera planta solar asociativa de la Patagonia<\/span><\/b><\/span><\/p>\n<div id=\"gtx-trans\" style=\"position: absolute; left: -50px; top: 4.31534px;\">\n<div class=\"gtx-trans-icon\"><\/div>\n<\/div>\n<\/div><\/section><\/div><div class=\"flex_column av_one_full  flex_column_div av-zero-column-padding first  avia-builder-el-4  el_after_av_one_full  el_before_av_hr  column-top-margin\" style='border-radius:0px; '><section class=\"av_textblock_section \"  itemscope=\"itemscope\" itemtype=\"https:\/\/schema.org\/BlogPosting\" itemprop=\"blogPost\" ><div class='avia_textblock  '   itemprop=\"text\" ><p style=\"font-weight: 400; text-align: justify;\"><em>El innovador proyecto de energ\u00eda limpia ubicado en el techo del Liceo San Felipe Benicio cuenta con financiamiento de CORFO, a trav\u00e9s del programa Semilla Inicia Sostenible.<\/em><\/p>\n<p style=\"font-weight: 400; text-align: justify;\">Este mi\u00e9rcoles 11 de diciembre, se celebr\u00f3 la inauguraci\u00f3n de la Planta Solar Asociativa Tit\u00e1n en el Liceo San Felipe Benicio de Coyhaique, primera de su tipo en toda la Patagonia y que beneficiar\u00e1 a sus copropietarios con una importante reducci\u00f3n en el pago de sus boletas de consumo el\u00e9ctrico mensual.<\/p>\n<p style=\"font-weight: 400; text-align: justify;\">Adem\u00e1s del anfitri\u00f3n del evento, Roberto Poblete, Rector del Liceo San Felipe Benicio, la instancia tambi\u00e9n cont\u00f3 con la participaci\u00f3n de autoridades regionales y locales: como el Gobernador Regional, Omar Mu\u00f1oz; el Seremi de Energ\u00eda de Ays\u00e9n, Tom\u00e1s Laibe; el Director de CORFO Ays\u00e9n, Humberto Marin; y el Alcalde de Coyhaique, Carlos Gatica, entre otros destacados asistentes.<\/p>\n<p style=\"font-weight: 400; text-align: justify;\">Junto a emprendedores y empresarios de la zona, las autoridades resaltaron el potencial del proyecto impulsado por la empresa fotovoltaica local \u201cAnt\u00fc Energ\u00eda\u201d, no solo para el desarrollo de Ays\u00e9n, tambi\u00e9n para el impacto positivo hacia las personas de la comunidad.<\/p>\n<p style=\"font-weight: 400; text-align: justify;\">\u00ab<em>Creemos que esta es la soluci\u00f3n para un cambio en la matriz productiva, que rebaje tarifas y ofrezca un desarrollo sostenible a la Regi\u00f3n. Donde vecinos, PYMES, empresas e Instituciones P\u00fablicas, puedan colaborar en di\u00e1logo y alianza para replicar este tipo de proyecto. Felicitamos esta iniciativa nacida de un hijo de nuestra tierra, que conoce nuestros problemas y empuja el cambio hacia un Ays\u00e9n m\u00e1s sostenible y protagonista del desarrollo nacional<\/em>\u201d, coment\u00f3 Tom\u00e1s Laibe, Seremi de Energ\u00eda de Ays\u00e9n.<\/p>\n<p style=\"font-weight: 400; text-align: justify;\">\u00ab<em>Como Regi\u00f3n tenemos una apuesta por el desarrollo de este tipo de energ\u00eda, por eso hemos trabajado en cofinanciar estos proyectos. Lo vemos como una ventaja competitiva para nuestro desarrollo econ\u00f3mico y de los temas medioambientales. Esta (Tit\u00e1n), es una se\u00f1al muy importante de un modelo que nos muestra c\u00f3mo realizarlo, a trav\u00e9s de energ\u00edas renovables y una importante participaci\u00f3n comunitaria<\/em>\u201d, agreg\u00f3 Humberto Marin, Director de CORFO Ays\u00e9n.<\/p>\n<p style=\"font-weight: 400; text-align: justify;\">Gracias a su innovador modelo de negocios y copropiedad, la ceremonia tambi\u00e9n tuvo importantes asistentes: las primeras personas y empresas que ya adquirieron participaciones en la planta, a quienes se les dedic\u00f3 un espacio para la entrega de un reconocimiento a su confianza y compromiso.<\/p>\n<p style=\"font-weight: 400; text-align: justify;\">Otros asistentes destacados del evento fueron Christian Stolzenbach, Subgerente Regional de Banco Estado Microempresas; Susana Tapia, Gerente Zonal de Caja de Compensaci\u00f3n La Araucana; y Pablo Mata, Presidente de Ogana.<\/p>\n<p style=\"font-weight: 400; text-align: justify;\"><strong>MODELO ATRACTIVO<\/strong><\/p>\n<p style=\"font-weight: 400; text-align: justify;\">Sin la necesidad de usar el techo propio o preocuparse por la mantenci\u00f3n de las instalaciones, cualquier persona o empresa puede adquirir un porcentaje de la Planta y aprovechar los beneficios de la energ\u00eda limpia.<\/p>\n<p style=\"font-weight: 400; text-align: justify;\">Apoyado por el programa Semilla Inicia Sostenible de CORFO, este proyecto fusiona tecnolog\u00eda avanzada y asociatividad, facilitando el acceso de m\u00e1s hogares a soluciones de energ\u00eda renovable de forma econ\u00f3mica y eficiente. Al fomentar la inversi\u00f3n en energ\u00edas limpias, CORFO contribuye a la descarbonizaci\u00f3n de la matriz energ\u00e9tica y avanza hacia los objetivos de carbono neutralidad para 2050, impulsando la transici\u00f3n hacia un futuro m\u00e1s verde y sostenible en Chile.<\/p>\n<p style=\"font-weight: 400; text-align: justify;\">Gracias a la Ley Netbilling, mes a mes la energ\u00eda generada en la Planta ser\u00e1 valorizada y vendida a la red el\u00e9ctrica general. Ese monto, ser\u00e1 dividido proporcionalmente entre los copropietarios y se traducir\u00e1 en un descuento en la boleta de luz de cada participante.<\/p>\n<p style=\"font-weight: 400; text-align: justify;\">\u201c<em>Nos emociona acercar los beneficios de la innovaci\u00f3n p\u00fablico-privada a toda la comunidad. Ac\u00e1 no te pedimos requisitos previos, ni llegaremos con cobros extra inesperados. Los copropietarios solo tienen que preocuparse de revisar el descuento que disfrutar\u00e1n todos los meses, durante a\u00f1os<\/em>\u201d, comenta Manuel Mata, fundador del proyecto y CEO de Ant\u00fc Energ\u00eda, empresa de tecnolog\u00eda fotovoltaica local que ampara su desarrollo.<\/p>\n<p style=\"font-weight: 400; text-align: justify;\">As\u00ed, en una zona con alto consumo el\u00e9ctrico, sobre todo en invierno, la Planta Solar Tit\u00e1n se posiciona como una de las principales alternativas para enfrentar el alza de luz que ha afectado los bolsillos de familias y Pymes a lo ancho de la regi\u00f3n.<\/p>\n<p style=\"font-weight: 400; text-align: justify;\"><strong>INVITACI\u00d3N<\/strong>\u00a0<strong>AL FUTURO E INSTRUMENTOS DE FINANCIAMIENTO<\/strong><\/p>\n<p style=\"font-weight: 400; text-align: justify;\">Para quienes est\u00e9n interesados en invertir, hay buenas noticias. Durante el evento, Susana Tapia, Gerente Zonal de Caja de Compensaci\u00f3n La Araucana, ratific\u00f3 su convenio con Tit\u00e1n: todos los afiliados podr\u00e1n beneficiarse de un 7% de descuento. Adem\u00e1s, aprovech\u00f3 la instancia para adelantar que ya se encuentran trabajando en el dise\u00f1o de un cr\u00e9dito blando para quienes busquen optar por esta forma de financiaci\u00f3n.<\/p>\n<p style=\"font-weight: 400; text-align: justify;\">El proyecto \u00edcono de la innovaci\u00f3n sostenible descentralizada, que espera generar un ahorro total aproximado de 6 millones de pesos al a\u00f1o entre sus copropietarios, reporta un 65% de sus participaciones adquiridas. Por lo que sus impulsores ya miran hacia el futuro en busca de seguir potenciando su impacto y alcance.<\/p>\n<p style=\"font-weight: 400; text-align: justify;\">\u201c<em>Luego de este exitoso primer piloto que nos permitir\u00e1 hacer plantas m\u00e1s grandes, esperamos seguir facilitando a las personas el acceso c\u00f3modo, limpio y asequible de esta tecnolog\u00eda. Pronto llegar\u00e1n nuevas noticias para las vecinas y vecinos de Ays\u00e9n. Por ahora, a finales de mes estamos organizando un webinar que congregue a todos los interesados en conocer m\u00e1s a fondo sobre la Planta, el modelo y sus beneficios<\/em>\u201d, se\u00f1ala Mata.<\/p>\n<p style=\"font-weight: 400; text-align: justify;\">El fundador de Tit\u00e1n deja la invitaci\u00f3n hecha a seguir el Instagram @antu.energia y a estar pendientes de su web (<a href=\"https:\/\/www.plantasolartitan.cl\/\" data-saferedirecturl=\"https:\/\/www.google.com\/url?q=https:\/\/www.plantasolartitan.cl\/&amp;source=gmail&amp;ust=1734034375328000&amp;usg=AOvVaw2lt1o1sHKL_vGwednyEMEu\">https:\/\/www.plantasolartitan.cl\/<\/a>\u00a0) para no perderse las \u00faltimas novedades sobre el pr\u00f3ximo evento y actualizaciones del proyecto.<\/p>\n<p style=\"font-weight: 400; text-align: justify;\">\u201c<em>Solo se puede cuidar lo que se ama, y solo se ama lo que se conoce. Queremos que la gente conozca Tit\u00e1n y se haga parte de la Planta. Es un proyecto que nace desde la preocupaci\u00f3n y el cuidado de nuestra casa: la naturaleza, la regi\u00f3n y su gente<\/em>\u201d, concluye Manuel.<\/p>\n<\/div><\/section><\/div><div  style='height:50px' class='hr hr-invisible   avia-builder-el-6  el_after_av_one_full  el_before_av_social_share '><span class='hr-inner ' ><span class='hr-inner-style'><\/span><\/span><\/div><\/p>\n<div  class='av-social-sharing-box  avia-builder-el-7  el_after_av_hr  el_before_av_hr  '><div class='av-share-box'><h5 class='av-share-link-description av-no-toc '>Compartir esta noticia<\/h5><ul class='av-share-box-list noLightbox'><li class='av-share-link av-social-link-facebook' ><a target=\"_blank\" aria-label=\"Compartir en Facebook\" href='https:\/\/www.facebook.com\/sharer.php?u=https:\/\/radiorevelacionfm.cl\/?p=48795&#038;t=Innovaci%C3%B3n%20en%20Coyhaique%3A%20Inauguran%20Tit%C3%A1n%2C%20la%20primera%20planta%20solar%20asociativa%20de%20la%20Patagonia' aria-hidden='false' data-av_icon='\ue8f3' data-av_iconfont='entypo-fontello' title='' data-avia-related-tooltip='Compartir en Facebook' rel=\"noopener\"><span class='avia_hidden_link_text'>Compartir en Facebook<\/span><\/a><\/li><li class='av-share-link av-social-link-twitter' ><a target=\"_blank\" aria-label=\"Compartir en Twitter\" href='https:\/\/twitter.com\/share?text=Innovaci%C3%B3n%20en%20Coyhaique%3A%20Inauguran%20Tit%C3%A1n%2C%20la%20primera%20planta%20solar%20asociativa%20de%20la%20Patagonia&#038;url=https:\/\/radiorevelacionfm.cl\/?p=48795' aria-hidden='false' data-av_icon='\ue8f1' data-av_iconfont='entypo-fontello' title='' data-avia-related-tooltip='Compartir en Twitter' rel=\"noopener\"><span class='avia_hidden_link_text'>Compartir en Twitter<\/span><\/a><\/li><li class='av-share-link av-social-link-whatsapp' ><a target=\"_blank\" aria-label=\"Compartir en Whatsapp\" href='https:\/\/api.whatsapp.com\/send?text=https:\/\/radiorevelacionfm.cl\/?p=48795' aria-hidden='false' data-av_icon='\uf232' data-av_iconfont='entypo-fontello' title='' data-avia-related-tooltip='Compartir en Whatsapp' rel=\"noopener\"><span class='avia_hidden_link_text'>Compartir en Whatsapp<\/span><\/a><\/li><li class='av-share-link av-social-link-linkedin' ><a target=\"_blank\" aria-label=\"Compartir en LinkedIn\" href='https:\/\/linkedin.com\/shareArticle?mini=true&#038;title=Innovaci%C3%B3n%20en%20Coyhaique%3A%20Inauguran%20Tit%C3%A1n%2C%20la%20primera%20planta%20solar%20asociativa%20de%20la%20Patagonia&#038;url=https:\/\/radiorevelacionfm.cl\/?p=48795' aria-hidden='false' data-av_icon='\ue8fc' data-av_iconfont='entypo-fontello' title='' data-avia-related-tooltip='Compartir en LinkedIn' rel=\"noopener\"><span class='avia_hidden_link_text'>Compartir en LinkedIn<\/span><\/a><\/li><li class='av-share-link av-social-link-mail' ><a  aria-label=\"Compartir por correo\" href='mailto:?subject=Innovaci%C3%B3n%20en%20Coyhaique%3A%20Inauguran%20Tit%C3%A1n%2C%20la%20primera%20planta%20solar%20asociativa%20de%20la%20Patagonia&#038;body=https:\/\/radiorevelacionfm.cl\/?p=48795' aria-hidden='false' data-av_icon='\ue805' data-av_iconfont='entypo-fontello' title='' data-avia-related-tooltip='Compartir por correo'><span class='avia_hidden_link_text'>Compartir por correo<\/span><\/a><\/li><\/ul><\/div><\/div>\n<div  style='height:50px' class='hr hr-invisible   avia-builder-el-8  el_after_av_social_share  el_before_av_comments_list '><span class='hr-inner ' ><span class='hr-inner-style'><\/span><\/span><\/div>\n<div  class='av-buildercomment  av-blog-meta-html-info-disabled av-blog-meta-tag-disabled  '><\/div>\n","protected":false},"excerpt":{"rendered":"","protected":false},"author":1,"featured_media":48796,"comment_status":"open","ping_status":"open","sticky":false,"template":"","format":"standard","meta":{"footnotes":""},"categories":[38],"tags":[],"class_list":["post-48795","post","type-post","status-publish","format-standard","has-post-thumbnail","hentry","category-regional"],"jetpack_featured_media_url":"https:\/\/radiorevelacionfm.cl\/wp-content\/uploads\/2024\/12\/inauguracion-planta-solar-titan-1_optimized.jpg","_links":{"self":[{"href":"https:\/\/radiorevelacionfm.cl\/index.php?rest_route=\/wp\/v2\/posts\/48795","targetHints":{"allow":["GET"]}}],"collection":[{"href":"https:\/\/radiorevelacionfm.cl\/index.php?rest_route=\/wp\/v2\/posts"}],"about":[{"href":"https:\/\/radiorevelacionfm.cl\/index.php?rest_route=\/wp\/v2\/types\/post"}],"author":[{"embeddable":true,"href":"https:\/\/radiorevelacionfm.cl\/index.php?rest_route=\/wp\/v2\/users\/1"}],"replies":[{"embeddable":true,"href":"https:\/\/radiorevelacionfm.cl\/index.php?rest_route=%2Fwp%2Fv2%2Fcomments&post=48795"}],"version-history":[{"count":1,"href":"https:\/\/radiorevelacionfm.cl\/index.php?rest_route=\/wp\/v2\/posts\/48795\/revisions"}],"predecessor-version":[{"id":48797,"href":"https:\/\/radiorevelacionfm.cl\/index.php?rest_route=\/wp\/v2\/posts\/48795\/revisions\/48797"}],"wp:featuredmedia":[{"embeddable":true,"href":"https:\/\/radiorevelacionfm.cl\/index.php?rest_route=\/wp\/v2\/media\/48796"}],"wp:attachment":[{"href":"https:\/\/radiorevelacionfm.cl\/index.php?rest_route=%2Fwp%2Fv2%2Fmedia&parent=48795"}],"wp:term":[{"taxonomy":"category","embeddable":true,"href":"https:\/\/radiorevelacionfm.cl\/index.php?rest_route=%2Fwp%2Fv2%2Fcategories&post=48795"},{"taxonomy":"post_tag","embeddable":true,"href":"https:\/\/radiorevelacionfm.cl\/index.php?rest_route=%2Fwp%2Fv2%2Ftags&post=48795"}],"curies":[{"name":"wp","href":"https:\/\/api.w.org\/{rel}","templated":true}]}}