{"id":48792,"date":"2024-12-11T17:19:47","date_gmt":"2024-12-11T20:19:47","guid":{"rendered":"https:\/\/radiorevelacionfm.cl\/?p=48792"},"modified":"2024-12-11T17:19:47","modified_gmt":"2024-12-11T20:19:47","slug":"deportistas-de-aysen-hacen-historia-en-sudamericano-escolar-desarrollado-en-colombia","status":"publish","type":"post","link":"https:\/\/radiorevelacionfm.cl\/?p=48792","title":{"rendered":"Deportistas de Ays\u00e9n hacen historia en Sudamericano Escolar desarrollado en Colombia"},"content":{"rendered":"<div class=\"flex_column av_one_full  flex_column_div av-zero-column-padding first  avia-builder-el-0  el_before_av_one_full  avia-builder-el-first  \" style='border-radius:0px; '><div  class='avia-image-container  av-styling-    avia-builder-el-1  avia-builder-el-no-sibling  avia-align-center '  itemprop=\"image\" itemscope=\"itemscope\" itemtype=\"https:\/\/schema.org\/ImageObject\"  ><div class='avia-image-container-inner'><div class='avia-image-overlay-wrap'><img decoding=\"async\" class='wp-image-48793 avia-img-lazy-loading-not-48793 avia_image' src=\"https:\/\/radiorevelacionfm.cl\/wp-content\/uploads\/2024\/12\/foto-3-1-2_optimized.jpg\" alt='' title='foto-(3)-(1)-(2)_optimized' height=\"655\" width=\"803\"  itemprop=\"thumbnailUrl\" srcset=\"https:\/\/radiorevelacionfm.cl\/wp-content\/uploads\/2024\/12\/foto-3-1-2_optimized.jpg 803w, https:\/\/radiorevelacionfm.cl\/wp-content\/uploads\/2024\/12\/foto-3-1-2_optimized-300x245.jpg 300w, https:\/\/radiorevelacionfm.cl\/wp-content\/uploads\/2024\/12\/foto-3-1-2_optimized-768x626.jpg 768w, https:\/\/radiorevelacionfm.cl\/wp-content\/uploads\/2024\/12\/foto-3-1-2_optimized-705x575.jpg 705w, https:\/\/radiorevelacionfm.cl\/wp-content\/uploads\/2024\/12\/foto-3-1-2_optimized-450x367.jpg 450w, https:\/\/radiorevelacionfm.cl\/wp-content\/uploads\/2024\/12\/foto-3-1-2_optimized-600x489.jpg 600w\" sizes=\"(max-width: 803px) 100vw, 803px\" \/><\/div><\/div><\/div><\/div><div class=\"flex_column av_one_full  flex_column_div av-zero-column-padding first  avia-builder-el-2  el_after_av_one_full  el_before_av_one_full  column-top-margin\" style='border-radius:0px; '><section class=\"av_textblock_section \"  itemscope=\"itemscope\" itemtype=\"https:\/\/schema.org\/BlogPosting\" itemprop=\"blogPost\" ><div class='avia_textblock  '   itemprop=\"text\" ><p style=\"text-align: center;\"><strong><span style=\"font-size: 18pt;\">Deportistas de Ays\u00e9n hacen historia en Sudamericano Escolar desarrollado en Colombia<\/span><\/strong><\/p>\n<div id=\"gtx-trans\" style=\"position: absolute; left: -50px; top: 4.31534px;\">\n<div class=\"gtx-trans-icon\"><\/div>\n<\/div>\n<\/div><\/section><\/div><div class=\"flex_column av_one_full  flex_column_div av-zero-column-padding first  avia-builder-el-4  el_after_av_one_full  el_before_av_hr  column-top-margin\" style='border-radius:0px; '><section class=\"av_textblock_section \"  itemscope=\"itemscope\" itemtype=\"https:\/\/schema.org\/BlogPosting\" itemprop=\"blogPost\" ><div class='avia_textblock  '   itemprop=\"text\" ><p style=\"text-align: justify;\"><em>Este mi\u00e9rcoles participaron en un desayuno de bienvenida tras su regreso a la regi\u00f3n.<\/em><\/p>\n<p style=\"text-align: justify;\">Los deportistas regionales dejaron en alto el nombre de la regi\u00f3n y de Chile en el Sudamericano Escolar 2024 realizado en Bucaramanga, Colombia, entre el 2 y el 9 de diciembre, que reuni\u00f3 a exponentes U-14 de toda Sudam\u00e9rica.<\/p>\n<p style=\"text-align: justify;\">Nuestro pa\u00eds obtuvo un total de\u00a060 medallas\u00a0(9 de oro, 26 de plata y 25 de bronce), entre las cuales Ays\u00e9n contribuy\u00f3 con\u00a0preseas de bronce\u00a0en las disciplinas de judo y nataci\u00f3n.<\/p>\n<p style=\"text-align: justify;\">En nataci\u00f3n,\u00a0Joaqu\u00edn G\u00e1lvez Rudolff, obtuvo el\u00a0bronce sudamericano en 100 mts. pecho, mientras que en judo\u00a0Lucas Carrillo Mart\u00ednez\u00a0se qued\u00f3 con el tercer lugar en la categor\u00eda -44 kg., y en la competencia por equipos masculino\u00a0Mart\u00edn Rojas Luarte y Lucas Carrillo\u00a0lograron la medalla de bronce.<\/p>\n<p style=\"text-align: justify;\"><strong>Orgullo regional<\/strong><\/p>\n<p style=\"text-align: justify;\">Este mi\u00e9rcoles, la\u00a0Seremi del Deporte,\u00a0Mar\u00eda Eugenia Dur\u00e1n\u00a0y el Director Regional del IND,\u00a0Javier Medina, en un desayuno de bienvenida, elogiaron el desempe\u00f1o de los j\u00f3venes, destacando su esfuerzo y compromiso, instancia en la que adem\u00e1s estuvieron presentes el Sensei Reynaldo Figueroa,\u00a0Felipe Aguilar\u00a0entrenador de nataci\u00f3n y los padres de los deportistas.<\/p>\n<p style=\"text-align: justify;\">Al respecto, Mar\u00eda Eugenia Dur\u00e1n, Seremi del Deporte precis\u00f3:\u00a0\u00abEstamos muy felices y orgullosos de nuestros deportistas y su desempe\u00f1o en estos Juegos Sudamericanos, destacar adem\u00e1s el gran trabajo que realizan los entrenadores y sus familias que siempre est\u00e1n apoy\u00e1ndolos. Lo hemos dicho antes, los Juegos Deportivos Escolares, en todas sus etapas, son el evento deportivo competitivo, m\u00e1s democr\u00e1tico que pueden tener nuestros ni\u00f1os, ni\u00f1as y adolescentes en etapa escolar, pues a trav\u00e9s del IND, a\u00f1o a a\u00f1o, hacemos el llamado a todas las escuelas del pa\u00eds, sean p\u00fablicas o privadas, a participar de esta Pol\u00edtica de Estado, una pol\u00edtica que por cierto cuenta con el compromiso del Gobierno del Presidente Boric para continuar impulsando la equidad y el desarrollo de oportunidades deportivas, que sabemos colaboran en la construcci\u00f3n de una mejor sociedad\u00bb.<\/p>\n<p style=\"text-align: justify;\">Por su parte,\u00a0Joaqu\u00edn G\u00e1lvez, medalla de bronce de 100 mts. pecho coment\u00f3: \u00abFue una muy buena experiencia, el nivel era muy alto, aprend\u00ed harto de los que me falta mejorar, conoc\u00ed a mucha gente de otros pa\u00edses y cuando gan\u00e9 la medalla me emocion\u00e9 harto porque significa mucho a nivel sudamericano, ahora lo que sigue es prepararme para el sudamericano juvenil del pr\u00f3ximo a\u00f1o\u00bb.<\/p>\n<p style=\"text-align: justify;\">Asimismo, el judoca\u00a0Lucas Carrillo, doble medallista\u00a0en categor\u00eda -44 k y competencia por equipos se\u00f1al\u00f3: \u00abEl nivel del judo afuera es bastante alto, pero mi experiencia fue buena, logr\u00e9 lo que quer\u00eda que era una medalla a pesar que el calor y\u00a0la humedad\u00a0en Colombia me complic\u00f3 bastante para competir ya que me cansaba m\u00e1s r\u00e1pido pero puede obtener el resultado que quer\u00eda, ahora nos preparamos para viajar a la gran final nacional de judo que se realizar\u00e1 en Concepci\u00f3n\u00bb.<\/p>\n<p style=\"text-align: justify;\">Tras esta gran participaci\u00f3n de los deportistas regionales y nacionales, el desaf\u00edo es clasificar el\u00a0Sudamericano escolar 2025 que se realizar\u00e1 en Brasilia.<\/p>\n<\/div><\/section><\/div><div  style='height:50px' class='hr hr-invisible   avia-builder-el-6  el_after_av_one_full  el_before_av_social_share '><span class='hr-inner ' ><span class='hr-inner-style'><\/span><\/span><\/div><\/p>\n<div  class='av-social-sharing-box  avia-builder-el-7  el_after_av_hr  el_before_av_hr  '><div class='av-share-box'><h5 class='av-share-link-description av-no-toc '>Compartir esta noticia<\/h5><ul class='av-share-box-list noLightbox'><li class='av-share-link av-social-link-facebook' ><a target=\"_blank\" aria-label=\"Compartir en Facebook\" href='https:\/\/www.facebook.com\/sharer.php?u=https:\/\/radiorevelacionfm.cl\/?p=48792&#038;t=Deportistas%20de%20Ays%C3%A9n%20hacen%20historia%20en%20Sudamericano%20Escolar%20desarrollado%20en%20Colombia' aria-hidden='false' data-av_icon='\ue8f3' data-av_iconfont='entypo-fontello' title='' data-avia-related-tooltip='Compartir en Facebook' rel=\"noopener\"><span class='avia_hidden_link_text'>Compartir en Facebook<\/span><\/a><\/li><li class='av-share-link av-social-link-twitter' ><a target=\"_blank\" aria-label=\"Compartir en Twitter\" href='https:\/\/twitter.com\/share?text=Deportistas%20de%20Ays%C3%A9n%20hacen%20historia%20en%20Sudamericano%20Escolar%20desarrollado%20en%20Colombia&#038;url=https:\/\/radiorevelacionfm.cl\/?p=48792' aria-hidden='false' data-av_icon='\ue8f1' data-av_iconfont='entypo-fontello' title='' data-avia-related-tooltip='Compartir en Twitter' rel=\"noopener\"><span class='avia_hidden_link_text'>Compartir en Twitter<\/span><\/a><\/li><li class='av-share-link av-social-link-whatsapp' ><a target=\"_blank\" aria-label=\"Compartir en Whatsapp\" href='https:\/\/api.whatsapp.com\/send?text=https:\/\/radiorevelacionfm.cl\/?p=48792' aria-hidden='false' data-av_icon='\uf232' data-av_iconfont='entypo-fontello' title='' data-avia-related-tooltip='Compartir en Whatsapp' rel=\"noopener\"><span class='avia_hidden_link_text'>Compartir en Whatsapp<\/span><\/a><\/li><li class='av-share-link av-social-link-linkedin' ><a target=\"_blank\" aria-label=\"Compartir en LinkedIn\" href='https:\/\/linkedin.com\/shareArticle?mini=true&#038;title=Deportistas%20de%20Ays%C3%A9n%20hacen%20historia%20en%20Sudamericano%20Escolar%20desarrollado%20en%20Colombia&#038;url=https:\/\/radiorevelacionfm.cl\/?p=48792' aria-hidden='false' data-av_icon='\ue8fc' data-av_iconfont='entypo-fontello' title='' data-avia-related-tooltip='Compartir en LinkedIn' rel=\"noopener\"><span class='avia_hidden_link_text'>Compartir en LinkedIn<\/span><\/a><\/li><li class='av-share-link av-social-link-mail' ><a  aria-label=\"Compartir por correo\" href='mailto:?subject=Deportistas%20de%20Ays%C3%A9n%20hacen%20historia%20en%20Sudamericano%20Escolar%20desarrollado%20en%20Colombia&#038;body=https:\/\/radiorevelacionfm.cl\/?p=48792' aria-hidden='false' data-av_icon='\ue805' data-av_iconfont='entypo-fontello' title='' data-avia-related-tooltip='Compartir por correo'><span class='avia_hidden_link_text'>Compartir por correo<\/span><\/a><\/li><\/ul><\/div><\/div>\n<div  style='height:50px' class='hr hr-invisible   avia-builder-el-8  el_after_av_social_share  el_before_av_comments_list '><span class='hr-inner ' ><span class='hr-inner-style'><\/span><\/span><\/div>\n<div  class='av-buildercomment  av-blog-meta-html-info-disabled av-blog-meta-tag-disabled  '><\/div>\n","protected":false},"excerpt":{"rendered":"","protected":false},"author":1,"featured_media":48793,"comment_status":"open","ping_status":"open","sticky":false,"template":"","format":"standard","meta":{"footnotes":""},"categories":[40],"tags":[],"class_list":["post-48792","post","type-post","status-publish","format-standard","has-post-thumbnail","hentry","category-deportes"],"jetpack_featured_media_url":"https:\/\/radiorevelacionfm.cl\/wp-content\/uploads\/2024\/12\/foto-3-1-2_optimized.jpg","_links":{"self":[{"href":"https:\/\/radiorevelacionfm.cl\/index.php?rest_route=\/wp\/v2\/posts\/48792","targetHints":{"allow":["GET"]}}],"collection":[{"href":"https:\/\/radiorevelacionfm.cl\/index.php?rest_route=\/wp\/v2\/posts"}],"about":[{"href":"https:\/\/radiorevelacionfm.cl\/index.php?rest_route=\/wp\/v2\/types\/post"}],"author":[{"embeddable":true,"href":"https:\/\/radiorevelacionfm.cl\/index.php?rest_route=\/wp\/v2\/users\/1"}],"replies":[{"embeddable":true,"href":"https:\/\/radiorevelacionfm.cl\/index.php?rest_route=%2Fwp%2Fv2%2Fcomments&post=48792"}],"version-history":[{"count":1,"href":"https:\/\/radiorevelacionfm.cl\/index.php?rest_route=\/wp\/v2\/posts\/48792\/revisions"}],"predecessor-version":[{"id":48794,"href":"https:\/\/radiorevelacionfm.cl\/index.php?rest_route=\/wp\/v2\/posts\/48792\/revisions\/48794"}],"wp:featuredmedia":[{"embeddable":true,"href":"https:\/\/radiorevelacionfm.cl\/index.php?rest_route=\/wp\/v2\/media\/48793"}],"wp:attachment":[{"href":"https:\/\/radiorevelacionfm.cl\/index.php?rest_route=%2Fwp%2Fv2%2Fmedia&parent=48792"}],"wp:term":[{"taxonomy":"category","embeddable":true,"href":"https:\/\/radiorevelacionfm.cl\/index.php?rest_route=%2Fwp%2Fv2%2Fcategories&post=48792"},{"taxonomy":"post_tag","embeddable":true,"href":"https:\/\/radiorevelacionfm.cl\/index.php?rest_route=%2Fwp%2Fv2%2Ftags&post=48792"}],"curies":[{"name":"wp","href":"https:\/\/api.w.org\/{rel}","templated":true}]}}