{"id":4878,"date":"2021-06-03T20:09:25","date_gmt":"2021-06-03T23:09:25","guid":{"rendered":"https:\/\/radiorevelacionfm.cl\/?p=4878"},"modified":"2021-06-03T20:21:41","modified_gmt":"2021-06-03T23:21:41","slug":"trabajo-investigativo-y-control-de-la-pandemia-fueron-los-focos-de-la-pdi-durante-2020","status":"publish","type":"post","link":"https:\/\/radiorevelacionfm.cl\/?p=4878","title":{"rendered":"Trabajo investigativo y control de la pandemia fueron los focos de la PDI durante 2020"},"content":{"rendered":"<div class=\"flex_column av_one_full  flex_column_div av-zero-column-padding first  avia-builder-el-0  el_before_av_one_full  avia-builder-el-first  \" style='border-radius:0px; '><div  class='avia-image-container  av-styling-    avia-builder-el-1  avia-builder-el-no-sibling  avia-align-center '  itemprop=\"image\" itemscope=\"itemscope\" itemtype=\"https:\/\/schema.org\/ImageObject\"  ><div class='avia-image-container-inner'><div class='avia-image-overlay-wrap'><img decoding=\"async\" class='wp-image-4879 avia-img-lazy-loading-not-4879 avia_image' src=\"https:\/\/radiorevelacionfm.cl\/wp-content\/uploads\/2021\/06\/controles-2020-000-1_optimized.jpeg\" alt='' title='controles-2020-000-(1)_optimized' height=\"600\" width=\"954\"  itemprop=\"thumbnailUrl\" srcset=\"https:\/\/radiorevelacionfm.cl\/wp-content\/uploads\/2021\/06\/controles-2020-000-1_optimized.jpeg 954w, https:\/\/radiorevelacionfm.cl\/wp-content\/uploads\/2021\/06\/controles-2020-000-1_optimized-300x189.jpeg 300w, https:\/\/radiorevelacionfm.cl\/wp-content\/uploads\/2021\/06\/controles-2020-000-1_optimized-768x483.jpeg 768w, https:\/\/radiorevelacionfm.cl\/wp-content\/uploads\/2021\/06\/controles-2020-000-1_optimized-705x443.jpeg 705w, https:\/\/radiorevelacionfm.cl\/wp-content\/uploads\/2021\/06\/controles-2020-000-1_optimized-600x377.jpeg 600w\" sizes=\"(max-width: 954px) 100vw, 954px\" \/><\/div><\/div><\/div><\/div>\n<div class=\"flex_column av_one_full  flex_column_div av-zero-column-padding first  avia-builder-el-2  el_after_av_one_full  el_before_av_one_full  column-top-margin\" style='border-radius:0px; '><section class=\"av_textblock_section \"  itemscope=\"itemscope\" itemtype=\"https:\/\/schema.org\/BlogPosting\" itemprop=\"blogPost\" ><div class='avia_textblock  '   itemprop=\"text\" ><p style=\"text-align: center;\"><strong><span style=\"font-size: 18pt;\">Trabajo investigativo y control de la pandemia fueron los focos de la PDI durante 2020<\/span><\/strong><\/p>\n<div id=\"gtx-trans\" style=\"position: absolute; left: -50px; top: 4.31534px;\">\n<div class=\"gtx-trans-icon\"><\/div>\n<\/div>\n<\/div><\/section><\/div>\n<div class=\"flex_column av_one_full  flex_column_div av-zero-column-padding first  avia-builder-el-4  el_after_av_one_full  el_before_av_hr  column-top-margin\" style='border-radius:0px; '><section class=\"av_textblock_section \"  itemscope=\"itemscope\" itemtype=\"https:\/\/schema.org\/BlogPosting\" itemprop=\"blogPost\" ><div class='avia_textblock  '   itemprop=\"text\" ><p style=\"text-align: justify;\">Este jueves 3 de junio, y en el marco del 88\u00b0 Aniversario de la Polic\u00eda de Investigaciones de Chile, se realiz\u00f3 la Cuenta P\u00fablica institucional para dar a conocer a la ciudadan\u00eda los avances y resultados de la gesti\u00f3n policial durante el a\u00f1o 2020. Debido a la crisis sanitaria, se realiz\u00f3 una \u00fanica actividad a nivel nacional encabezada por el Director General, H\u00e9ctor Espinosa Valenzuela, quien entreg\u00f3 los resultados del trabajo realizado en los \u00e1mbitos de investigaci\u00f3n criminal, control migratorio y control de la pandemia.<\/p>\n<p style=\"text-align: justify;\">\u201cEl a\u00f1o pasado marc\u00f3 un precedente en la labor policial ya que, debido a la pandemia y el estado constitucional de excepci\u00f3n, la PDI continu\u00f3 con funciones de control de orden y seguridad p\u00fablica. A nivel nacional, se reorientaron los esfuerzos y el personal se desdobl\u00f3 para cumplir con las nuevas exigencias, sin dejar de lado nuestra misi\u00f3n investigativa\u201d, destac\u00f3 el prefecto Christian Fuentes, jefe regional (s) de la PDI Ays\u00e9n. Para hacer frente a los desaf\u00edos en este contexto de pandemia, se cre\u00f3 la Fuerza de Tarea Covid-19 con el objetivo de anticiparse a los nuevos tipos delictivos que pudieran surgir asociados a las vulnerabilidades generadas en este nuevo escenario.<\/p>\n<p style=\"text-align: justify;\">Producto de este despliegue, a nivel nacional entre el 24 de marzo y el 31 de diciembre del 2020 se ejecutaron 426.270 controles, donde 16.659 personas resultaron detenidas por su participaci\u00f3n en delitos contra la salud p\u00fablica y las \u00f3rdenes de investigar recibidas por estos delitos aumentaron de 56 en 2019 a 10.397 en 2020, inform\u00f3 el Director General.<\/p>\n<p style=\"text-align: justify;\">En ese contexto, la Regi\u00f3n Policial de Ays\u00e9n desde el inicio de la labor en contexto de pandemia durante el a\u00f1o 2020 realiz\u00f3 un total de 8.442 controles de veh\u00edculos, 17.551 controles a personas y 1.354 controles en residencias sanitarias. Del mismo modo, desde instaurada la barrera sanitaria en el Aeropuerto de Balmaceda, el equipo del Departamento de Migraciones y Polic\u00eda Internacional Coyhaique realiz\u00f3 el control de 27.875 personas que ingresaron a la regi\u00f3n mediante el principal punto de acceso, apoyando a la autoridad sanitaria como fuerza p\u00fablica.<\/p>\n<p style=\"text-align: justify;\">Durante el a\u00f1o 2020, la PDI Ays\u00e9n recibi\u00f3 555 decretos vinculados a delitos contra la salud p\u00fablica, estos decretos corresponden a procedimientos por flagrancia, \u00f3rdenes de investigar, \u00f3rdenes de detenci\u00f3n y denuncias por los delitos de infringir normas higi\u00e9nicas y de salubridad, empleador que ordena infringir cuarentena y propagar contagio a sabiendas, principalmente.<\/p>\n<p style=\"text-align: justify;\">En cuanto al balance operativo a nivel nacional, la m\u00e1xima autoridad de la polic\u00eda civil inform\u00f3 que el 39% de las \u00f3rdenes de investigar y el 41% de las instrucciones particulares investigativas permitieron la individualizaci\u00f3n de un imputado o la recuperaci\u00f3n de especies; se investigaron, entre otros, 776 casos por distribuci\u00f3n de pornograf\u00eda infantil, 1.091 por delitos inform\u00e1ticos y 49.018 por delitos econ\u00f3micos; y se informaron 33.308 peritajes a tribunales, hubo 43.162 concurrencias a sitios de suceso y se particip\u00f3 en 2.982 juicios orales.<\/p>\n<p style=\"text-align: justify;\"><strong>Resultados Regionales 2020<\/strong><\/p>\n<p style=\"text-align: justify;\">Pese al contexto sanitario, la PDI Ays\u00e9n ha continuado desarrollando su labor investigativa con buenos resultados. En el \u00e1rea operativa en t\u00e9rminos de investigaci\u00f3n criminal destacaron 1.450 \u00f3rdenes de investigar escritas recibidas, de las cuales 937 tuvieron un resultado positivo, representando un 75% de efectividad.<\/p>\n<p style=\"text-align: justify;\">Durante el 2020, 462 personas fueron detenidas y se cursaron 1.614 denuncias, lo que representa un 4.6% menos con respecto al a\u00f1o 2019, donde los principales delitos denunciados se relacionan con delitos econ\u00f3micos, amenazas, hurto, da\u00f1os y contra la propiedad.<\/p>\n<p style=\"text-align: justify;\">En la misma l\u00ednea, se informaron 617 peritajes criminal\u00edsticos, se realizaron 654 concurrencias a sitios de suceso, con un \u00edndice de entrega de informes periciales a organismos externos de un 100%, y se realizaron cinco reconstituciones de escena.<\/p>\n<p style=\"text-align: justify;\"><strong>Antinarc\u00f3ticos<\/strong><\/p>\n<p style=\"text-align: justify;\">El a\u00f1o pasado, en 137 procedimientos antinarc\u00f3ticos se incautaron 7.691 gramos de cannabis sativa procesada, correspondiente a 23.073 dosis avaluadas en $115.365.000 pesos; 236 gramos de clorhidrato de coca\u00edna, correspondientes a 944 dosis avaluadas en $4.720.000 pesos; y 9 gramos de coca\u00edna base, droga avaluada en $135.000 pesos. Asimismo, se incautaron 86 plantas de cannabis, avaluadas en m\u00e1s de $43.000.000 pesos.<\/p>\n<p style=\"text-align: justify;\">En comparaci\u00f3n a otros a\u00f1os, durante el 2020 se incautaron 8.9 gramos de hongos, 69 unidades de \u00e9xtasis y 2.528 gramos de cannabis sativa diluida, drogas poco habituales en la zona y avaluadas en m\u00e1s de $1.500.000 pesos. En estas diligencias se detuvo a un total de 85 personas por su participaci\u00f3n en delitos contemplados bajo la Ley 20.000.<\/p>\n<p style=\"text-align: justify;\">El trabajo antinarc\u00f3ticos en su totalidad durante el a\u00f1o 2020 permiti\u00f3 incautar droga avaluada en m\u00e1s de 160 millones de pesos, \u201clo que representa que nuestro trabajo en el combate del tr\u00e1fico de drogas es socialmente rentable\u201d, destac\u00f3 el prefecto Fuentes.<\/p>\n<p style=\"text-align: justify;\"><strong>Control migratorio<\/strong><\/p>\n<p style=\"text-align: justify;\">En el \u00e1mbito migratorio, los principales resultados destacan el control de ingreso y salida de 127.201 personas en los pasos fronterizos Coyhaique Alto, Integrado Huemules y R\u00edo Jeinimeni, registrando una disminuci\u00f3n de m\u00e1s del 60% en comparaci\u00f3n al 2019 debido al cierre de fronteras y las medidas de contenci\u00f3n adoptadas por las autoridades para impedir la propagaci\u00f3n del coronavirus. Pese a la contingencia sanitaria, en cuanto al control de extranjeros se realizaron 51 fiscalizaciones de extranjeros, denunciando a 200 extranjeros por cometer alg\u00fan tipo de infracci\u00f3n a la Ley de Extranjer\u00eda, cifra que implic\u00f3 una disminuci\u00f3n equivalente al 36.7% en el n\u00famero de fiscalizaciones realizadas con respecto al 2019, no obstante, se logr\u00f3 mantener un 100% de efectividad.<\/p>\n<p style=\"text-align: justify;\"><strong>Desaf\u00edos 2021<\/strong><\/p>\n<p style=\"text-align: justify;\">El trabajo policial responde al contexto de cada zona y a la adaptaci\u00f3n de los fen\u00f3menos delictuales a determinadas realidades locales, en ese sentido a nivel regional \u201cla PDI continuar\u00e1 redoblando sus esfuerzos para apoyar el trabajo de control de las medidas sanitarias y realizar un excelente trabajo de investigaci\u00f3n criminal de los delitos de mayor complejidad en la regi\u00f3n de Ays\u00e9n\u201d, enfatiz\u00f3 el jefe regional (s), prefecto Christian Fuentes.<\/p>\n<p style=\"text-align: justify;\">Frente al avance de la criminalidad moderna, el prefecto Fuentes destac\u00f3 que \u201cnuestros funcionarios tienen que estar preparados para afrontar diversos desaf\u00edos, por esto estamos en constante reentrenamientos y capacitaciones para entregar buenos resultados a la ciudadan\u00eda\u201d, participando de manera conjunta con el Ministerio P\u00fablico de distintas instancias acad\u00e9micas que permiten fortalecer las investigaciones policiales.<\/p>\n<p style=\"text-align: justify;\">Finalmente, el jefe regional (s) expres\u00f3 que \u201cen el marco de este nuevo aniversario institucional, reiteramos nuestro compromiso con los habitantes de la regi\u00f3n de Ays\u00e9n, somos una polic\u00eda 24\/7 al servicio de la ciudadan\u00eda y con un fuerte car\u00e1cter cient\u00edfico t\u00e9cnico para entregar resultados profesionales que permitan esclarecer los acontecimientos que afectan a las personas y, con ello, brindar mayor seguridad a nuestros ciudadanos\u201d.<\/p>\n<\/div><\/section><\/div><div  style='height:50px' class='hr hr-invisible   avia-builder-el-6  el_after_av_one_full  el_before_av_social_share '><span class='hr-inner ' ><span class='hr-inner-style'><\/span><\/span><\/div><\/p>\n<div  class='av-social-sharing-box  avia-builder-el-7  el_after_av_hr  el_before_av_hr  '><div class='av-share-box'><h5 class='av-share-link-description av-no-toc '>Compartir esta noticia<\/h5><ul class='av-share-box-list noLightbox'><li class='av-share-link av-social-link-facebook' ><a target=\"_blank\" aria-label=\"Compartir en Facebook\" href='https:\/\/www.facebook.com\/sharer.php?u=https:\/\/radiorevelacionfm.cl\/?p=4878&#038;t=Trabajo%20investigativo%20y%20control%20de%20la%20pandemia%20fueron%20los%20focos%20de%20la%20PDI%20durante%202020' aria-hidden='false' data-av_icon='\ue8f3' data-av_iconfont='entypo-fontello' title='' data-avia-related-tooltip='Compartir en Facebook' rel=\"noopener\"><span class='avia_hidden_link_text'>Compartir en Facebook<\/span><\/a><\/li><li class='av-share-link av-social-link-twitter' ><a target=\"_blank\" aria-label=\"Compartir en Twitter\" href='https:\/\/twitter.com\/share?text=Trabajo%20investigativo%20y%20control%20de%20la%20pandemia%20fueron%20los%20focos%20de%20la%20PDI%20durante%202020&#038;url=https:\/\/radiorevelacionfm.cl\/?p=4878' aria-hidden='false' data-av_icon='\ue8f1' data-av_iconfont='entypo-fontello' title='' data-avia-related-tooltip='Compartir en Twitter' rel=\"noopener\"><span class='avia_hidden_link_text'>Compartir en Twitter<\/span><\/a><\/li><li class='av-share-link av-social-link-whatsapp' ><a target=\"_blank\" aria-label=\"Compartir en Whatsapp\" href='https:\/\/api.whatsapp.com\/send?text=https:\/\/radiorevelacionfm.cl\/?p=4878' aria-hidden='false' data-av_icon='\uf232' data-av_iconfont='entypo-fontello' title='' data-avia-related-tooltip='Compartir en Whatsapp' rel=\"noopener\"><span class='avia_hidden_link_text'>Compartir en Whatsapp<\/span><\/a><\/li><li class='av-share-link av-social-link-linkedin' ><a target=\"_blank\" aria-label=\"Compartir en LinkedIn\" href='https:\/\/linkedin.com\/shareArticle?mini=true&#038;title=Trabajo%20investigativo%20y%20control%20de%20la%20pandemia%20fueron%20los%20focos%20de%20la%20PDI%20durante%202020&#038;url=https:\/\/radiorevelacionfm.cl\/?p=4878' aria-hidden='false' data-av_icon='\ue8fc' data-av_iconfont='entypo-fontello' title='' data-avia-related-tooltip='Compartir en LinkedIn' rel=\"noopener\"><span class='avia_hidden_link_text'>Compartir en LinkedIn<\/span><\/a><\/li><li class='av-share-link av-social-link-mail' ><a  aria-label=\"Compartir por correo\" href='mailto:?subject=Trabajo%20investigativo%20y%20control%20de%20la%20pandemia%20fueron%20los%20focos%20de%20la%20PDI%20durante%202020&#038;body=https:\/\/radiorevelacionfm.cl\/?p=4878' aria-hidden='false' data-av_icon='\ue805' data-av_iconfont='entypo-fontello' title='' data-avia-related-tooltip='Compartir por correo'><span class='avia_hidden_link_text'>Compartir por correo<\/span><\/a><\/li><\/ul><\/div><\/div>\n<div  style='height:50px' class='hr hr-invisible   avia-builder-el-8  el_after_av_social_share  el_before_av_comments_list '><span class='hr-inner ' ><span class='hr-inner-style'><\/span><\/span><\/div>\n<div  class='av-buildercomment  av-blog-meta-html-info-disabled av-blog-meta-tag-disabled  '><\/div>\n","protected":false},"excerpt":{"rendered":"","protected":false},"author":1,"featured_media":4879,"comment_status":"open","ping_status":"open","sticky":false,"template":"","format":"standard","meta":{"footnotes":""},"categories":[36],"tags":[],"class_list":["post-4878","post","type-post","status-publish","format-standard","has-post-thumbnail","hentry","category-policial"],"jetpack_featured_media_url":"https:\/\/radiorevelacionfm.cl\/wp-content\/uploads\/2021\/06\/controles-2020-000-1_optimized.jpeg","_links":{"self":[{"href":"https:\/\/radiorevelacionfm.cl\/index.php?rest_route=\/wp\/v2\/posts\/4878","targetHints":{"allow":["GET"]}}],"collection":[{"href":"https:\/\/radiorevelacionfm.cl\/index.php?rest_route=\/wp\/v2\/posts"}],"about":[{"href":"https:\/\/radiorevelacionfm.cl\/index.php?rest_route=\/wp\/v2\/types\/post"}],"author":[{"embeddable":true,"href":"https:\/\/radiorevelacionfm.cl\/index.php?rest_route=\/wp\/v2\/users\/1"}],"replies":[{"embeddable":true,"href":"https:\/\/radiorevelacionfm.cl\/index.php?rest_route=%2Fwp%2Fv2%2Fcomments&post=4878"}],"version-history":[{"count":3,"href":"https:\/\/radiorevelacionfm.cl\/index.php?rest_route=\/wp\/v2\/posts\/4878\/revisions"}],"predecessor-version":[{"id":4882,"href":"https:\/\/radiorevelacionfm.cl\/index.php?rest_route=\/wp\/v2\/posts\/4878\/revisions\/4882"}],"wp:featuredmedia":[{"embeddable":true,"href":"https:\/\/radiorevelacionfm.cl\/index.php?rest_route=\/wp\/v2\/media\/4879"}],"wp:attachment":[{"href":"https:\/\/radiorevelacionfm.cl\/index.php?rest_route=%2Fwp%2Fv2%2Fmedia&parent=4878"}],"wp:term":[{"taxonomy":"category","embeddable":true,"href":"https:\/\/radiorevelacionfm.cl\/index.php?rest_route=%2Fwp%2Fv2%2Fcategories&post=4878"},{"taxonomy":"post_tag","embeddable":true,"href":"https:\/\/radiorevelacionfm.cl\/index.php?rest_route=%2Fwp%2Fv2%2Ftags&post=4878"}],"curies":[{"name":"wp","href":"https:\/\/api.w.org\/{rel}","templated":true}]}}