{"id":48763,"date":"2024-12-11T11:26:56","date_gmt":"2024-12-11T14:26:56","guid":{"rendered":"https:\/\/radiorevelacionfm.cl\/?p=48763"},"modified":"2024-12-11T11:26:56","modified_gmt":"2024-12-11T14:26:56","slug":"termometro-laboral-region-de-aysen-cierra-el-ano-con-positivas-cifras-en-ocupacion-laboral","status":"publish","type":"post","link":"https:\/\/radiorevelacionfm.cl\/?p=48763","title":{"rendered":"Term\u00f3metro laboral: Regi\u00f3n de Ays\u00e9n cierra el a\u00f1o con positivas cifras en ocupaci\u00f3n laboral"},"content":{"rendered":"<div class=\"flex_column av_one_full  flex_column_div av-zero-column-padding first  avia-builder-el-0  el_before_av_one_full  avia-builder-el-first  \" style='border-radius:0px; '><div  class='avia-image-container  av-styling-    avia-builder-el-1  avia-builder-el-no-sibling  avia-align-center '  itemprop=\"image\" itemscope=\"itemscope\" itemtype=\"https:\/\/schema.org\/ImageObject\"  ><div class='avia-image-container-inner'><div class='avia-image-overlay-wrap'><img decoding=\"async\" class='wp-image-48764 avia-img-lazy-loading-not-48764 avia_image' src=\"https:\/\/radiorevelacionfm.cl\/wp-content\/uploads\/2024\/12\/Barco-contenedor-2-1-1.jpeg\" alt='' title='Barco contenedor 2 (1) (1)' height=\"600\" width=\"800\"  itemprop=\"thumbnailUrl\" srcset=\"https:\/\/radiorevelacionfm.cl\/wp-content\/uploads\/2024\/12\/Barco-contenedor-2-1-1.jpeg 800w, https:\/\/radiorevelacionfm.cl\/wp-content\/uploads\/2024\/12\/Barco-contenedor-2-1-1-300x225.jpeg 300w, https:\/\/radiorevelacionfm.cl\/wp-content\/uploads\/2024\/12\/Barco-contenedor-2-1-1-768x576.jpeg 768w, https:\/\/radiorevelacionfm.cl\/wp-content\/uploads\/2024\/12\/Barco-contenedor-2-1-1-705x529.jpeg 705w, https:\/\/radiorevelacionfm.cl\/wp-content\/uploads\/2024\/12\/Barco-contenedor-2-1-1-450x338.jpeg 450w, https:\/\/radiorevelacionfm.cl\/wp-content\/uploads\/2024\/12\/Barco-contenedor-2-1-1-600x450.jpeg 600w\" sizes=\"(max-width: 800px) 100vw, 800px\" \/><\/div><\/div><\/div><\/div><div class=\"flex_column av_one_full  flex_column_div av-zero-column-padding first  avia-builder-el-2  el_after_av_one_full  el_before_av_one_full  column-top-margin\" style='border-radius:0px; '><section class=\"av_textblock_section \"  itemscope=\"itemscope\" itemtype=\"https:\/\/schema.org\/BlogPosting\" itemprop=\"blogPost\" ><div class='avia_textblock  '   itemprop=\"text\" ><p style=\"text-align: center;\"><span style=\"font-size: 18pt;\"><strong>Term\u00f3metro laboral: Regi\u00f3n de Ays\u00e9n cierra el a\u00f1o con positivas cifras en ocupaci\u00f3n laboral<\/strong><\/span><\/p>\n<div id=\"gtx-trans\" style=\"position: absolute; left: -50px; top: 4.31534px;\">\n<div class=\"gtx-trans-icon\"><\/div>\n<\/div>\n<\/div><\/section><\/div><div class=\"flex_column av_one_full  flex_column_div av-zero-column-padding first  avia-builder-el-4  el_after_av_one_full  el_before_av_hr  column-top-margin\" style='border-radius:0px; '><section class=\"av_textblock_section \"  itemscope=\"itemscope\" itemtype=\"https:\/\/schema.org\/BlogPosting\" itemprop=\"blogPost\" ><div class='avia_textblock  '   itemprop=\"text\" ><p style=\"text-align: justify;\"><em>De acuerdo con este reporte los valores de ocupaci\u00f3n regional son similares a valores pre-pandemia.<\/em><\/p>\n<p style=\"text-align: justify;\">Un nuevo documento ha sido publicado por el Observatorio Laboral Regional donde es posible ver una estabilidad al tener cifras positivas tanto en ocupaci\u00f3n como desocupaci\u00f3n laboral por cuarto trimestre m\u00f3vil consecutivo.<\/p>\n<p style=\"text-align: justify;\">Gran parte de estos n\u00fameros se debe al trabajo mancomunado de diferentes organizaciones y carteras de gobierno que han puesto \u00e9nfasis en fortalecer las competencias y habilidades de los y las trabajadoras de la regi\u00f3n. As\u00ed mismo lo sostiene la Seremi del Trabajo y Previsi\u00f3n Social, Camila Covarrubias Retamal.<\/p>\n<p style=\"text-align: justify;\">\u201cDesde el Ministerio del Trabajo y Previsi\u00f3n Social es gratificante ver los resultados del term\u00f3metro, donde nuestra regi\u00f3n ha destacado positivamente con las cifras m\u00e1s bajas de desocupaci\u00f3n, siendo este trimestre de 4,6% muy por debajo del promedio nacional, adem\u00e1s de ser una cifra que se ha mantenido en los \u00faltimos 12 meses y de igual forma, en igual periodo del 2019, es decir, prepandemia. Eso tambi\u00e9n tiene directa relaci\u00f3n con el esfuerzo que ha puesto el Gobierno en impulsar mejores oportunidades para las y los trabajadores, y apoyo a los empleadores, a trav\u00e9s del subsidio mipyme al aumento hist\u00f3rico del sueldo m\u00ednimo que alcanz\u00f3 los $500.000 pesos, acompa\u00f1ado de una mayor fiscalizaci\u00f3n de las actividades informales y una mejora al seguro de cesant\u00eda. Asimismo, en la regi\u00f3n se realizan m\u00faltiples capacitaciones a trav\u00e9s de Sence que permiten aumentar la empleabilidad de las personas, para que as\u00ed puedan optar a mejores oportunidades laborales y salariales\u201d.<\/p>\n<p style=\"text-align: justify;\">Tambi\u00e9n, dedic\u00f3 palabras para las cifras correspondientes a j\u00f3venes y mujeres, puesto que esta fuerza laboral presenta un desaf\u00edo en t\u00e9rminos de desocupaci\u00f3n, lo que siempre es una preocupaci\u00f3n para la cartera, pero tambi\u00e9n insiste en que es importante interiorizarse en las pol\u00edticas p\u00fablicas que se ejecutan para apalear estos fen\u00f3menos.<\/p>\n<p style=\"text-align: justify;\">\u201cPor otro lado, hay que destacar que los beneficios que entrega el Servicio Nacional de Capacitaci\u00f3n y Empleo, Sence, como el Subsidio al Empleo Joven (SEJ) y Bono al Trabajo de la Mujer (BTM), son alicientes para que los empleadores se vean mucho m\u00e1s interesados en contratar a las personas, que integran estos grupos, mejorando su incorporaci\u00f3n al mercado laboral y sus ingresos. Sin ir m\u00e1s lejos, en la regi\u00f3n de Ays\u00e9n se han entregado hasta el 30 de septiembre 2024, 1.466 Subsidios al Empleo Joven de los cuales 870 son mujeres y 596 hombres y representan un valor total de $293.825.240, mientras que en subsidios al trabajo de la mujer (BTM), han tenido por lo menos un pago de este bono, 2.080 mujeres y representan un valor total de $478.119.192, lo que demuestra el esfuerzo que hemos puesto en desarrollar estos beneficios e incentivar a la poblaci\u00f3n para que haga uso de ellos\u201d, coment\u00f3 la Seremi Camila Covarrubias.<\/p>\n<p style=\"text-align: justify;\"><strong><u>Los sectores y ocupaciones que destacan<\/u><\/strong><\/p>\n<p style=\"text-align: justify;\">Para la regi\u00f3n de Ays\u00e9n, el n\u00famero de personas ocupadas es de 59.530 siendo 33.027 Hombres y 26.513 mujeres.<\/p>\n<p style=\"text-align: justify;\">En palabras de C\u00e9sar G\u00f3mez Berrocal, Director del Observatorio Laboral Ays\u00e9n, sectores asociados a servicios, han presentado un crecimiento significativo que se traduce en una mayor actividad econ\u00f3mica. \u201cSectores como educaci\u00f3n, con un aumento del 21,5 % y transporte y almacenamiento, con un crecimiento del 16,5% han sido importantes dada su alta incidencia en esta variable. En este contexto un servicio que tambi\u00e9n ha experimentado un alza corresponde a actividades de alojamiento y servicios de comida donde el crecimiento anual es del 5,3%. Este dinamismo lo podemos interpretar como un reflejo en el n\u00famero de ocupados de estos sectores, lo que siguiere una mayor actividad econ\u00f3mica y una creciente demanda por los servicios que ofrecen\u201d argumenta el profesional, quien adem\u00e1s hizo un comparativo con cifras pre-pandemia.<\/p>\n<p style=\"text-align: justify;\">\u201cA su vez, los datos pueden evidenciar que la tasa de ocupaci\u00f3n alcanz\u00f3 un 68,3%, la que si bien disminuyo un 0,4% respecto al a\u00f1o anterior presenta un alza del 0,6% respecto al periodo pre-pandemia. En este contexto es importante se\u00f1alar una mayor incorporaci\u00f3n de personas en la fuerza de trabajo, ya que durante este trimestre la tasa de participaci\u00f3n alcanz\u00f3 un 71,8 % siendo esta la m\u00e1s alta a nivel nacional con un crecimiento del 0,6% respecto al mismo periodo pre-pandemia\u201d.<\/p>\n<p style=\"text-align: justify;\">El Observatorio Laboral de Ays\u00e9n, es parte de la Estrategia Nacional de Prospecci\u00f3n Laboral, convenio firmado entre el Centro de Formaci\u00f3n T\u00e9cnica Estatal de Ays\u00e9n y la Subsecretar\u00eda del Trabajo, representada por la Seremi de Trabajo y Previsi\u00f3n Social. Para acceder al Term\u00f3metro Laboral, el link es: https:\/\/www.subtrab.gob.cl\/tlr\/ y dar click a regi\u00f3n de Ays\u00e9n.<\/p>\n<p style=\"text-align: justify;\">Si quieres conocer m\u00e1s del trabajo del nuevo Observatorio Laboral Ays\u00e9n, pueden revisar sus redes sociales en Instagram como @olraysen, en X como @OLRAysen y su fanpage de Facebook: Observatorio Laboral Ays\u00e9n.<\/p>\n<\/div><\/section><\/div><div  style='height:50px' class='hr hr-invisible   avia-builder-el-6  el_after_av_one_full  el_before_av_social_share '><span class='hr-inner ' ><span class='hr-inner-style'><\/span><\/span><\/div><\/p>\n<div  class='av-social-sharing-box  avia-builder-el-7  el_after_av_hr  el_before_av_hr  '><div class='av-share-box'><h5 class='av-share-link-description av-no-toc '>Compartir esta noticia<\/h5><ul class='av-share-box-list noLightbox'><li class='av-share-link av-social-link-facebook' ><a target=\"_blank\" aria-label=\"Compartir en Facebook\" href='https:\/\/www.facebook.com\/sharer.php?u=https:\/\/radiorevelacionfm.cl\/?p=48763&#038;t=Term%C3%B3metro%20laboral%3A%20Regi%C3%B3n%20de%20Ays%C3%A9n%20cierra%20el%20a%C3%B1o%20con%20positivas%20cifras%20en%20ocupaci%C3%B3n%20laboral' aria-hidden='false' data-av_icon='\ue8f3' data-av_iconfont='entypo-fontello' title='' data-avia-related-tooltip='Compartir en Facebook' rel=\"noopener\"><span class='avia_hidden_link_text'>Compartir en Facebook<\/span><\/a><\/li><li class='av-share-link av-social-link-twitter' ><a target=\"_blank\" aria-label=\"Compartir en Twitter\" href='https:\/\/twitter.com\/share?text=Term%C3%B3metro%20laboral%3A%20Regi%C3%B3n%20de%20Ays%C3%A9n%20cierra%20el%20a%C3%B1o%20con%20positivas%20cifras%20en%20ocupaci%C3%B3n%20laboral&#038;url=https:\/\/radiorevelacionfm.cl\/?p=48763' aria-hidden='false' data-av_icon='\ue8f1' data-av_iconfont='entypo-fontello' title='' data-avia-related-tooltip='Compartir en Twitter' rel=\"noopener\"><span class='avia_hidden_link_text'>Compartir en Twitter<\/span><\/a><\/li><li class='av-share-link av-social-link-whatsapp' ><a target=\"_blank\" aria-label=\"Compartir en Whatsapp\" href='https:\/\/api.whatsapp.com\/send?text=https:\/\/radiorevelacionfm.cl\/?p=48763' aria-hidden='false' data-av_icon='\uf232' data-av_iconfont='entypo-fontello' title='' data-avia-related-tooltip='Compartir en Whatsapp' rel=\"noopener\"><span class='avia_hidden_link_text'>Compartir en Whatsapp<\/span><\/a><\/li><li class='av-share-link av-social-link-linkedin' ><a target=\"_blank\" aria-label=\"Compartir en LinkedIn\" href='https:\/\/linkedin.com\/shareArticle?mini=true&#038;title=Term%C3%B3metro%20laboral%3A%20Regi%C3%B3n%20de%20Ays%C3%A9n%20cierra%20el%20a%C3%B1o%20con%20positivas%20cifras%20en%20ocupaci%C3%B3n%20laboral&#038;url=https:\/\/radiorevelacionfm.cl\/?p=48763' aria-hidden='false' data-av_icon='\ue8fc' data-av_iconfont='entypo-fontello' title='' data-avia-related-tooltip='Compartir en LinkedIn' rel=\"noopener\"><span class='avia_hidden_link_text'>Compartir en LinkedIn<\/span><\/a><\/li><li class='av-share-link av-social-link-mail' ><a  aria-label=\"Compartir por correo\" href='mailto:?subject=Term%C3%B3metro%20laboral%3A%20Regi%C3%B3n%20de%20Ays%C3%A9n%20cierra%20el%20a%C3%B1o%20con%20positivas%20cifras%20en%20ocupaci%C3%B3n%20laboral&#038;body=https:\/\/radiorevelacionfm.cl\/?p=48763' aria-hidden='false' data-av_icon='\ue805' data-av_iconfont='entypo-fontello' title='' data-avia-related-tooltip='Compartir por correo'><span class='avia_hidden_link_text'>Compartir por correo<\/span><\/a><\/li><\/ul><\/div><\/div>\n<div  style='height:50px' class='hr hr-invisible   avia-builder-el-8  el_after_av_social_share  el_before_av_comments_list '><span class='hr-inner ' ><span class='hr-inner-style'><\/span><\/span><\/div>\n<div  class='av-buildercomment  av-blog-meta-html-info-disabled av-blog-meta-tag-disabled  '><\/div>\n","protected":false},"excerpt":{"rendered":"","protected":false},"author":1,"featured_media":48764,"comment_status":"open","ping_status":"open","sticky":false,"template":"","format":"standard","meta":{"footnotes":""},"categories":[38],"tags":[],"class_list":["post-48763","post","type-post","status-publish","format-standard","has-post-thumbnail","hentry","category-regional"],"jetpack_featured_media_url":"https:\/\/radiorevelacionfm.cl\/wp-content\/uploads\/2024\/12\/Barco-contenedor-2-1-1.jpeg","_links":{"self":[{"href":"https:\/\/radiorevelacionfm.cl\/index.php?rest_route=\/wp\/v2\/posts\/48763","targetHints":{"allow":["GET"]}}],"collection":[{"href":"https:\/\/radiorevelacionfm.cl\/index.php?rest_route=\/wp\/v2\/posts"}],"about":[{"href":"https:\/\/radiorevelacionfm.cl\/index.php?rest_route=\/wp\/v2\/types\/post"}],"author":[{"embeddable":true,"href":"https:\/\/radiorevelacionfm.cl\/index.php?rest_route=\/wp\/v2\/users\/1"}],"replies":[{"embeddable":true,"href":"https:\/\/radiorevelacionfm.cl\/index.php?rest_route=%2Fwp%2Fv2%2Fcomments&post=48763"}],"version-history":[{"count":1,"href":"https:\/\/radiorevelacionfm.cl\/index.php?rest_route=\/wp\/v2\/posts\/48763\/revisions"}],"predecessor-version":[{"id":48765,"href":"https:\/\/radiorevelacionfm.cl\/index.php?rest_route=\/wp\/v2\/posts\/48763\/revisions\/48765"}],"wp:featuredmedia":[{"embeddable":true,"href":"https:\/\/radiorevelacionfm.cl\/index.php?rest_route=\/wp\/v2\/media\/48764"}],"wp:attachment":[{"href":"https:\/\/radiorevelacionfm.cl\/index.php?rest_route=%2Fwp%2Fv2%2Fmedia&parent=48763"}],"wp:term":[{"taxonomy":"category","embeddable":true,"href":"https:\/\/radiorevelacionfm.cl\/index.php?rest_route=%2Fwp%2Fv2%2Fcategories&post=48763"},{"taxonomy":"post_tag","embeddable":true,"href":"https:\/\/radiorevelacionfm.cl\/index.php?rest_route=%2Fwp%2Fv2%2Ftags&post=48763"}],"curies":[{"name":"wp","href":"https:\/\/api.w.org\/{rel}","templated":true}]}}