{"id":48760,"date":"2024-12-10T20:06:44","date_gmt":"2024-12-10T23:06:44","guid":{"rendered":"https:\/\/radiorevelacionfm.cl\/?p=48760"},"modified":"2024-12-10T20:06:44","modified_gmt":"2024-12-10T23:06:44","slug":"comienza-reparacion-de-calle-principal-en-el-centro-de-puerto-aysen","status":"publish","type":"post","link":"https:\/\/radiorevelacionfm.cl\/?p=48760","title":{"rendered":"Comienza reparaci\u00f3n de calle principal en el centro de Puerto Ays\u00e9n"},"content":{"rendered":"<div class=\"flex_column av_one_full  flex_column_div av-zero-column-padding first  avia-builder-el-0  el_before_av_one_full  avia-builder-el-first  \" style='border-radius:0px; '><div  class='avia-image-container  av-styling-    avia-builder-el-1  avia-builder-el-no-sibling  avia-align-center '  itemprop=\"image\" itemscope=\"itemscope\" itemtype=\"https:\/\/schema.org\/ImageObject\"  ><div class='avia-image-container-inner'><div class='avia-image-overlay-wrap'><img decoding=\"async\" class='wp-image-48761 avia-img-lazy-loading-not-48761 avia_image' src=\"https:\/\/radiorevelacionfm.cl\/wp-content\/uploads\/2024\/12\/20241209_115901-1_optimized-1.jpg\" alt='' title='20241209_115901-(1)_optimized (1)' height=\"600\" width=\"800\"  itemprop=\"thumbnailUrl\" srcset=\"https:\/\/radiorevelacionfm.cl\/wp-content\/uploads\/2024\/12\/20241209_115901-1_optimized-1.jpg 800w, https:\/\/radiorevelacionfm.cl\/wp-content\/uploads\/2024\/12\/20241209_115901-1_optimized-1-300x225.jpg 300w, https:\/\/radiorevelacionfm.cl\/wp-content\/uploads\/2024\/12\/20241209_115901-1_optimized-1-768x576.jpg 768w, https:\/\/radiorevelacionfm.cl\/wp-content\/uploads\/2024\/12\/20241209_115901-1_optimized-1-705x529.jpg 705w, https:\/\/radiorevelacionfm.cl\/wp-content\/uploads\/2024\/12\/20241209_115901-1_optimized-1-450x338.jpg 450w, https:\/\/radiorevelacionfm.cl\/wp-content\/uploads\/2024\/12\/20241209_115901-1_optimized-1-600x450.jpg 600w\" sizes=\"(max-width: 800px) 100vw, 800px\" \/><\/div><\/div><\/div><\/div><div class=\"flex_column av_one_full  flex_column_div av-zero-column-padding first  avia-builder-el-2  el_after_av_one_full  el_before_av_one_full  column-top-margin\" style='border-radius:0px; '><section class=\"av_textblock_section \"  itemscope=\"itemscope\" itemtype=\"https:\/\/schema.org\/BlogPosting\" itemprop=\"blogPost\" ><div class='avia_textblock  '   itemprop=\"text\" ><p style=\"text-align: center;\"><strong><span style=\"font-size: 18pt;\">Comienza reparaci\u00f3n de calle principal en el centro de Puerto Ays\u00e9n<\/span><\/strong><\/p>\n<div id=\"gtx-trans\" style=\"position: absolute; left: -50px; top: 4.31534px;\">\n<div class=\"gtx-trans-icon\"><\/div>\n<\/div>\n<\/div><\/section><\/div><div class=\"flex_column av_one_full  flex_column_div av-zero-column-padding first  avia-builder-el-4  el_after_av_one_full  el_before_av_hr  column-top-margin\" style='border-radius:0px; '><section class=\"av_textblock_section \"  itemscope=\"itemscope\" itemtype=\"https:\/\/schema.org\/BlogPosting\" itemprop=\"blogPost\" ><div class='avia_textblock  '   itemprop=\"text\" ><p style=\"text-align: justify;\"><em>El equipo municipal de la Direcci\u00f3n de Aseo, Ornato y Medio Ambiente comenz\u00f3 los trabajos para el reemplazo del suelo que presentaba problemas debido al constante flujo de veh\u00edculos que pasaban por esta arteria vial en la capital comunal de Ays\u00e9n.<\/em><\/p>\n<p style=\"text-align: justify;\">Debido al crecimiento de baches y hoyos en el cemento de la intersecci\u00f3n de las calles Eusebio Ibar y Sargento Aldea, la Municipalidad de Ays\u00e9n ha decidido desarrollar trabajos de arreglo para dejar la calle lista para la llegada del verano en la comuna.<\/p>\n<p style=\"text-align: justify;\">Las reparaciones comenzaron el d\u00eda lunes 9 de diciembre y se extender\u00e1n durante 2 semanas, ya que se realizar\u00e1 un arreglo en a lo ancho de la calle, lo cual implica cerrar parcialmente el tr\u00e1nsito para trabajar en toda la calzada sin afectar el acceso desde la calle E. Ibar a la Sgto. Aldea.<\/p>\n<p style=\"text-align: justify;\">Jorge Hurtado, Director de la Direcci\u00f3n de Aseo, Ornato y Medio Ambiente de la municipalidad, pidi\u00f3 paciencia a los ciudadanos, \u201centendemos la queja del tiempo, pero este es dif\u00edcil que pueda ser acortado porque hay un trabajo de reparaci\u00f3n, restauraci\u00f3n, demolici\u00f3n, retiro de escombros y posterior a eso la preparaci\u00f3n de la cancha. Vamos a tener que preparar la superficie, la base, la sub-base y posterior a aquello vamos a tirar hormig\u00f3n premezclado, especial para pavimentos con incorporaci\u00f3n de aditivos y un acelerante de fraguado, el cual le otorgar\u00e1 mayor resistencia, de esa manera podremos acotar un poco los tiempos de endurecimiento para que podamos tener una mayor fluidez en el tr\u00e1nsito vehicular\u201d.<\/p>\n<p style=\"text-align: justify;\">El Director de DAOMA igualmente explic\u00f3 que con su equipo de trabajo vieron que el pavimento de la calzada junto al camino necesitaba un mejoramiento, as\u00ed que aprovechar\u00e1n la instancia y los materiales para poder arreglar la vereda, de esta manera as\u00ed tener mejores caminos tanto para autos como para peatones.<\/p>\n<p style=\"text-align: justify;\">El Alcalde Luis Mart\u00ednez, destac\u00f3 el trabajo que realiza el equipo municipal, al igual que habl\u00f3 de la inversi\u00f3n que se hace el municipio, \u201caqu\u00ed se agiliz\u00f3 el trabajo y se est\u00e1 utilizando un total de 2 millones de pesos, que en realidad es un monto menor, pero que produce una remedio a un problema que nos han pedido mucho. As\u00ed que esta es la din\u00e1mica, trabajar y poder ir solucionando los problemas que afectan directamente al vecino\u201d.<\/p>\n<\/div><\/section><\/div><div  style='height:50px' class='hr hr-invisible   avia-builder-el-6  el_after_av_one_full  el_before_av_social_share '><span class='hr-inner ' ><span class='hr-inner-style'><\/span><\/span><\/div><\/p>\n<div  class='av-social-sharing-box  avia-builder-el-7  el_after_av_hr  el_before_av_hr  '><div class='av-share-box'><h5 class='av-share-link-description av-no-toc '>Compartir esta noticia<\/h5><ul class='av-share-box-list noLightbox'><li class='av-share-link av-social-link-facebook' ><a target=\"_blank\" aria-label=\"Compartir en Facebook\" href='https:\/\/www.facebook.com\/sharer.php?u=https:\/\/radiorevelacionfm.cl\/?p=48760&#038;t=Comienza%20reparaci%C3%B3n%20de%20calle%20principal%20en%20el%20centro%20de%20Puerto%20Ays%C3%A9n' aria-hidden='false' data-av_icon='\ue8f3' data-av_iconfont='entypo-fontello' title='' data-avia-related-tooltip='Compartir en Facebook' rel=\"noopener\"><span class='avia_hidden_link_text'>Compartir en Facebook<\/span><\/a><\/li><li class='av-share-link av-social-link-twitter' ><a target=\"_blank\" aria-label=\"Compartir en Twitter\" href='https:\/\/twitter.com\/share?text=Comienza%20reparaci%C3%B3n%20de%20calle%20principal%20en%20el%20centro%20de%20Puerto%20Ays%C3%A9n&#038;url=https:\/\/radiorevelacionfm.cl\/?p=48760' aria-hidden='false' data-av_icon='\ue8f1' data-av_iconfont='entypo-fontello' title='' data-avia-related-tooltip='Compartir en Twitter' rel=\"noopener\"><span class='avia_hidden_link_text'>Compartir en Twitter<\/span><\/a><\/li><li class='av-share-link av-social-link-whatsapp' ><a target=\"_blank\" aria-label=\"Compartir en Whatsapp\" href='https:\/\/api.whatsapp.com\/send?text=https:\/\/radiorevelacionfm.cl\/?p=48760' aria-hidden='false' data-av_icon='\uf232' data-av_iconfont='entypo-fontello' title='' data-avia-related-tooltip='Compartir en Whatsapp' rel=\"noopener\"><span class='avia_hidden_link_text'>Compartir en Whatsapp<\/span><\/a><\/li><li class='av-share-link av-social-link-linkedin' ><a target=\"_blank\" aria-label=\"Compartir en LinkedIn\" href='https:\/\/linkedin.com\/shareArticle?mini=true&#038;title=Comienza%20reparaci%C3%B3n%20de%20calle%20principal%20en%20el%20centro%20de%20Puerto%20Ays%C3%A9n&#038;url=https:\/\/radiorevelacionfm.cl\/?p=48760' aria-hidden='false' data-av_icon='\ue8fc' data-av_iconfont='entypo-fontello' title='' data-avia-related-tooltip='Compartir en LinkedIn' rel=\"noopener\"><span class='avia_hidden_link_text'>Compartir en LinkedIn<\/span><\/a><\/li><li class='av-share-link av-social-link-mail' ><a  aria-label=\"Compartir por correo\" href='mailto:?subject=Comienza%20reparaci%C3%B3n%20de%20calle%20principal%20en%20el%20centro%20de%20Puerto%20Ays%C3%A9n&#038;body=https:\/\/radiorevelacionfm.cl\/?p=48760' aria-hidden='false' data-av_icon='\ue805' data-av_iconfont='entypo-fontello' title='' data-avia-related-tooltip='Compartir por correo'><span class='avia_hidden_link_text'>Compartir por correo<\/span><\/a><\/li><\/ul><\/div><\/div>\n<div  style='height:50px' class='hr hr-invisible   avia-builder-el-8  el_after_av_social_share  el_before_av_comments_list '><span class='hr-inner ' ><span class='hr-inner-style'><\/span><\/span><\/div>\n<div  class='av-buildercomment  av-blog-meta-html-info-disabled av-blog-meta-tag-disabled  '><\/div>\n","protected":false},"excerpt":{"rendered":"","protected":false},"author":1,"featured_media":48761,"comment_status":"open","ping_status":"open","sticky":false,"template":"","format":"standard","meta":{"footnotes":""},"categories":[38],"tags":[],"class_list":["post-48760","post","type-post","status-publish","format-standard","has-post-thumbnail","hentry","category-regional"],"jetpack_featured_media_url":"https:\/\/radiorevelacionfm.cl\/wp-content\/uploads\/2024\/12\/20241209_115901-1_optimized-1.jpg","_links":{"self":[{"href":"https:\/\/radiorevelacionfm.cl\/index.php?rest_route=\/wp\/v2\/posts\/48760","targetHints":{"allow":["GET"]}}],"collection":[{"href":"https:\/\/radiorevelacionfm.cl\/index.php?rest_route=\/wp\/v2\/posts"}],"about":[{"href":"https:\/\/radiorevelacionfm.cl\/index.php?rest_route=\/wp\/v2\/types\/post"}],"author":[{"embeddable":true,"href":"https:\/\/radiorevelacionfm.cl\/index.php?rest_route=\/wp\/v2\/users\/1"}],"replies":[{"embeddable":true,"href":"https:\/\/radiorevelacionfm.cl\/index.php?rest_route=%2Fwp%2Fv2%2Fcomments&post=48760"}],"version-history":[{"count":1,"href":"https:\/\/radiorevelacionfm.cl\/index.php?rest_route=\/wp\/v2\/posts\/48760\/revisions"}],"predecessor-version":[{"id":48762,"href":"https:\/\/radiorevelacionfm.cl\/index.php?rest_route=\/wp\/v2\/posts\/48760\/revisions\/48762"}],"wp:featuredmedia":[{"embeddable":true,"href":"https:\/\/radiorevelacionfm.cl\/index.php?rest_route=\/wp\/v2\/media\/48761"}],"wp:attachment":[{"href":"https:\/\/radiorevelacionfm.cl\/index.php?rest_route=%2Fwp%2Fv2%2Fmedia&parent=48760"}],"wp:term":[{"taxonomy":"category","embeddable":true,"href":"https:\/\/radiorevelacionfm.cl\/index.php?rest_route=%2Fwp%2Fv2%2Fcategories&post=48760"},{"taxonomy":"post_tag","embeddable":true,"href":"https:\/\/radiorevelacionfm.cl\/index.php?rest_route=%2Fwp%2Fv2%2Ftags&post=48760"}],"curies":[{"name":"wp","href":"https:\/\/api.w.org\/{rel}","templated":true}]}}