{"id":48757,"date":"2024-12-10T18:25:23","date_gmt":"2024-12-10T21:25:23","guid":{"rendered":"https:\/\/radiorevelacionfm.cl\/?p=48757"},"modified":"2024-12-10T18:25:23","modified_gmt":"2024-12-10T21:25:23","slug":"esgrimistas-de-aysen-se-coronan-campeones-nacionales-por-equipo-femenino-y-masculino-de-florete","status":"publish","type":"post","link":"https:\/\/radiorevelacionfm.cl\/?p=48757","title":{"rendered":"Esgrimistas de Ays\u00e9n se coronan campeones nacionales por equipo femenino y masculino de Florete"},"content":{"rendered":"<div class=\"flex_column av_one_full  flex_column_div av-zero-column-padding first  avia-builder-el-0  el_before_av_one_full  avia-builder-el-first  \" style='border-radius:0px; '><div  class='avia-image-container  av-styling-    avia-builder-el-1  avia-builder-el-no-sibling  avia-align-center '  itemprop=\"image\" itemscope=\"itemscope\" itemtype=\"https:\/\/schema.org\/ImageObject\"  ><div class='avia-image-container-inner'><div class='avia-image-overlay-wrap'><img decoding=\"async\" class='wp-image-48758 avia-img-lazy-loading-not-48758 avia_image' src=\"https:\/\/radiorevelacionfm.cl\/wp-content\/uploads\/2024\/12\/WhatsApp-Image-2024-12-10-at-2.01.49-PM-1-1-1.jpeg\" alt='' title='WhatsApp Image 2024-12-10 at 2.01.49 PM (1) (1) (1)' height=\"600\" width=\"800\"  itemprop=\"thumbnailUrl\" srcset=\"https:\/\/radiorevelacionfm.cl\/wp-content\/uploads\/2024\/12\/WhatsApp-Image-2024-12-10-at-2.01.49-PM-1-1-1.jpeg 800w, https:\/\/radiorevelacionfm.cl\/wp-content\/uploads\/2024\/12\/WhatsApp-Image-2024-12-10-at-2.01.49-PM-1-1-1-300x225.jpeg 300w, https:\/\/radiorevelacionfm.cl\/wp-content\/uploads\/2024\/12\/WhatsApp-Image-2024-12-10-at-2.01.49-PM-1-1-1-768x576.jpeg 768w, https:\/\/radiorevelacionfm.cl\/wp-content\/uploads\/2024\/12\/WhatsApp-Image-2024-12-10-at-2.01.49-PM-1-1-1-705x529.jpeg 705w, https:\/\/radiorevelacionfm.cl\/wp-content\/uploads\/2024\/12\/WhatsApp-Image-2024-12-10-at-2.01.49-PM-1-1-1-450x338.jpeg 450w, https:\/\/radiorevelacionfm.cl\/wp-content\/uploads\/2024\/12\/WhatsApp-Image-2024-12-10-at-2.01.49-PM-1-1-1-600x450.jpeg 600w\" sizes=\"(max-width: 800px) 100vw, 800px\" \/><\/div><\/div><\/div><\/div><div class=\"flex_column av_one_full  flex_column_div av-zero-column-padding first  avia-builder-el-2  el_after_av_one_full  el_before_av_one_full  column-top-margin\" style='border-radius:0px; '><section class=\"av_textblock_section \"  itemscope=\"itemscope\" itemtype=\"https:\/\/schema.org\/BlogPosting\" itemprop=\"blogPost\" ><div class='avia_textblock  '   itemprop=\"text\" ><p style=\"text-align: center;\"><strong><span style=\"font-size: 18pt;\">Esgrimistas de Ays\u00e9n se coronan campeones nacionales por equipo femenino y masculino de Florete<\/span><\/strong><\/p>\n<div id=\"gtx-trans\" style=\"position: absolute; left: -50px; top: 4.31534px;\">\n<div class=\"gtx-trans-icon\"><\/div>\n<\/div>\n<\/div><\/section><\/div><div class=\"flex_column av_one_full  flex_column_div av-zero-column-padding first  avia-builder-el-4  el_after_av_one_full  el_before_av_hr  column-top-margin\" style='border-radius:0px; '><section class=\"av_textblock_section \"  itemscope=\"itemscope\" itemtype=\"https:\/\/schema.org\/BlogPosting\" itemprop=\"blogPost\" ><div class='avia_textblock  '   itemprop=\"text\" ><p style=\"text-align: justify;\"><em>Un total de 15 medallas y 2 campeonas nacionales en Espada y Florete fueron parte de los excelentes resultados obtenidos por nuestros deportistas en el Campeonato de Chile 2024 realizado en el Centro de Alto Rendimiento en Santiago.<\/em><\/p>\n<p style=\"text-align: justify;\">La\u00a0delegaci\u00f3n de deportistas que particip\u00f3 en este campeonato nacional forma parte del Programa Promesas Chile del Instituto Nacional de Deportes, dise\u00f1ado para impulsar el potencial de j\u00f3venes deportistas, de 9 a 24 a\u00f1os, en las etapas iniciales de su carrera deportiva, orient\u00e1ndolos hacia el alto rendimiento.<\/p>\n<p style=\"text-align: justify;\"><strong>Las medallas:<\/strong><\/p>\n<p style=\"text-align: justify;\">Josefa S\u00e1ez G\u00f3mez, Campeona de Chile Espada Juvenil<\/p>\n<p style=\"text-align: justify;\">Ignacia Ja\u00f1a Oyarz\u00fan, Campeona de Chile Florete Femenino Juvenil<\/p>\n<p style=\"text-align: justify;\">Nicol Jaque Vega Medalla de Bronce<\/p>\n<p style=\"text-align: justify;\">Campeones de Chile por Equipo Florete Masculino, Nicol\u00e1s Elgueta Silva, Mart\u00edn Matamala Molina, Nicol\u00e1s Carmona (Club S.L)<\/p>\n<p style=\"text-align: justify;\">Campeonas de Chile Florete Femenino Cadete, Nicol Jaque Vega<\/p>\n<p style=\"text-align: justify;\">Josefa S\u00e1ez G\u00f3mez, Javiera Castro<\/p>\n<p style=\"text-align: justify;\">Medalla de Bronce Espada por Equipo, Camila Pinilla Zabala, Catalina Slako Haase, Josefa S\u00e1ez G\u00f3mez<\/p>\n<p style=\"text-align: justify;\">Mart\u00edn Matamala Molina, Medalla Bronce Florete Juvenil<\/p>\n<p style=\"text-align: justify;\">Nicol Jaque Vega, Vice Campeona De Chile Florete Cadete<\/p>\n<p style=\"text-align: justify;\">Josefa S\u00e1ez G\u00f3mez, Medalla de Bronce Espada Cadete<\/p>\n<p style=\"text-align: justify;\">Al respecto la Seremi del Deporte Mar\u00eda Eugenia Dur\u00e1n Jara, precis\u00f3: \u00abJunto al director regional del IND, Javier Medina, estamos tremendamente orgullosos de nuestros y nuestras deportistas, sus resultados son fruto del arduo trabajo que realizan d\u00eda a d\u00eda, para lograr sus objetivos con constancia, disciplina y con el importante apoyo de sus familias; a trav\u00e9s del programa Promesas Chile del IND apoyamos a deportistas en sus primeros pasos al alto rendimiento, de hecho a nivel nacional son 2.344 deportistas que pertenecen a este programa y en nuestra regi\u00f3n tenemos a 56 deportistas beneficiados, ya sea con espacios y horas de entrenamiento en nuestros recintos deportivos, como con pasajes a\u00e9reos, indumentaria, equipamiento y acceso a equipos multidisciplinarios compuestos por el t\u00e9cnico de la disciplina, nutricionista, kinesi\u00f3logo, preparador f\u00edsico, y psic\u00f3logo deportivo. Dar continuidad a este programa refleja el compromiso del Gobierno y del Presidente Gabriel Boric de seguir fortaleciendo el deporte de alto rendimiento; avanzar en el legado de una cultura del movimiento, para motivar e inspirar a que m\u00e1s ni\u00f1as y ni\u00f1os de todos los rincones de Chile se acerquen a la pr\u00e1ctica deportiva\u00bb.<\/p>\n<p style=\"text-align: justify;\">Juanita \u00c1lvarez, entrenadora del club Escuela De Esgrima 14 Ays\u00e9n y del Programa Promesas Chile se\u00f1al\u00f3 \u00abNuestros deportistas llevan a\u00f1os trabajando con el apoyo de sus Familias, de su Club A14, de Promesas Chile y del Gobierno Regional; esta \u00faltima competencia es el reflejo del tremendo esfuerzo que hacemos todos desde una regi\u00f3n tan lejana, donde en invierno hacemos patria entrenando con fr\u00edo bajo cero, con poca poblaci\u00f3n, como pa\u00edses de Europa, pero en una ciudad que no tiene Mall ni cine y con los recursos de un pa\u00eds en v\u00edas de desarrollo\u00bb.<\/p>\n<p style=\"text-align: justify;\">Agregando adem\u00e1s que \u00abNuestros j\u00f3venes deportistas sienten el reconocimiento de sus autoridades que los apoyan y agradecen los esfuerzos gubernamentales regionales que hacen posible que sus sue\u00f1os se concreten, ahora la meta es poder tener la oportunidad de participar de al menos 2 Copas del mundo en la fr\u00eda Europa en el mes de febrero, ser\u00e1 como estar en casa, pero con esgrimistas de todo el mundo y esperamos una vez m\u00e1s, contar con parte importante del financiamiento para ir por el viejo mundo para contar que aqu\u00ed en la Patagonia Chilena tenemos esgrima y seguimos so\u00f1ando con los pies en la tierra con trabajo, profesionalismo y mucho coraz\u00f3n.<\/p>\n<\/div><\/section><\/div><div  style='height:50px' class='hr hr-invisible   avia-builder-el-6  el_after_av_one_full  el_before_av_social_share '><span class='hr-inner ' ><span class='hr-inner-style'><\/span><\/span><\/div><\/p>\n<div  class='av-social-sharing-box  avia-builder-el-7  el_after_av_hr  el_before_av_hr  '><div class='av-share-box'><h5 class='av-share-link-description av-no-toc '>Compartir esta noticia<\/h5><ul class='av-share-box-list noLightbox'><li class='av-share-link av-social-link-facebook' ><a target=\"_blank\" aria-label=\"Compartir en Facebook\" href='https:\/\/www.facebook.com\/sharer.php?u=https:\/\/radiorevelacionfm.cl\/?p=48757&#038;t=Esgrimistas%20de%20Ays%C3%A9n%20se%20coronan%20campeones%20nacionales%20por%20equipo%20femenino%20y%20masculino%20de%20Florete' aria-hidden='false' data-av_icon='\ue8f3' data-av_iconfont='entypo-fontello' title='' data-avia-related-tooltip='Compartir en Facebook' rel=\"noopener\"><span class='avia_hidden_link_text'>Compartir en Facebook<\/span><\/a><\/li><li class='av-share-link av-social-link-twitter' ><a target=\"_blank\" aria-label=\"Compartir en Twitter\" href='https:\/\/twitter.com\/share?text=Esgrimistas%20de%20Ays%C3%A9n%20se%20coronan%20campeones%20nacionales%20por%20equipo%20femenino%20y%20masculino%20de%20Florete&#038;url=https:\/\/radiorevelacionfm.cl\/?p=48757' aria-hidden='false' data-av_icon='\ue8f1' data-av_iconfont='entypo-fontello' title='' data-avia-related-tooltip='Compartir en Twitter' rel=\"noopener\"><span class='avia_hidden_link_text'>Compartir en Twitter<\/span><\/a><\/li><li class='av-share-link av-social-link-whatsapp' ><a target=\"_blank\" aria-label=\"Compartir en Whatsapp\" href='https:\/\/api.whatsapp.com\/send?text=https:\/\/radiorevelacionfm.cl\/?p=48757' aria-hidden='false' data-av_icon='\uf232' data-av_iconfont='entypo-fontello' title='' data-avia-related-tooltip='Compartir en Whatsapp' rel=\"noopener\"><span class='avia_hidden_link_text'>Compartir en Whatsapp<\/span><\/a><\/li><li class='av-share-link av-social-link-linkedin' ><a target=\"_blank\" aria-label=\"Compartir en LinkedIn\" href='https:\/\/linkedin.com\/shareArticle?mini=true&#038;title=Esgrimistas%20de%20Ays%C3%A9n%20se%20coronan%20campeones%20nacionales%20por%20equipo%20femenino%20y%20masculino%20de%20Florete&#038;url=https:\/\/radiorevelacionfm.cl\/?p=48757' aria-hidden='false' data-av_icon='\ue8fc' data-av_iconfont='entypo-fontello' title='' data-avia-related-tooltip='Compartir en LinkedIn' rel=\"noopener\"><span class='avia_hidden_link_text'>Compartir en LinkedIn<\/span><\/a><\/li><li class='av-share-link av-social-link-mail' ><a  aria-label=\"Compartir por correo\" href='mailto:?subject=Esgrimistas%20de%20Ays%C3%A9n%20se%20coronan%20campeones%20nacionales%20por%20equipo%20femenino%20y%20masculino%20de%20Florete&#038;body=https:\/\/radiorevelacionfm.cl\/?p=48757' aria-hidden='false' data-av_icon='\ue805' data-av_iconfont='entypo-fontello' title='' data-avia-related-tooltip='Compartir por correo'><span class='avia_hidden_link_text'>Compartir por correo<\/span><\/a><\/li><\/ul><\/div><\/div>\n<div  style='height:50px' class='hr hr-invisible   avia-builder-el-8  el_after_av_social_share  el_before_av_comments_list '><span class='hr-inner ' ><span class='hr-inner-style'><\/span><\/span><\/div>\n<div  class='av-buildercomment  av-blog-meta-html-info-disabled av-blog-meta-tag-disabled  '><\/div>\n","protected":false},"excerpt":{"rendered":"","protected":false},"author":1,"featured_media":48758,"comment_status":"open","ping_status":"open","sticky":false,"template":"","format":"standard","meta":{"footnotes":""},"categories":[40],"tags":[],"class_list":["post-48757","post","type-post","status-publish","format-standard","has-post-thumbnail","hentry","category-deportes"],"jetpack_featured_media_url":"https:\/\/radiorevelacionfm.cl\/wp-content\/uploads\/2024\/12\/WhatsApp-Image-2024-12-10-at-2.01.49-PM-1-1-1.jpeg","_links":{"self":[{"href":"https:\/\/radiorevelacionfm.cl\/index.php?rest_route=\/wp\/v2\/posts\/48757","targetHints":{"allow":["GET"]}}],"collection":[{"href":"https:\/\/radiorevelacionfm.cl\/index.php?rest_route=\/wp\/v2\/posts"}],"about":[{"href":"https:\/\/radiorevelacionfm.cl\/index.php?rest_route=\/wp\/v2\/types\/post"}],"author":[{"embeddable":true,"href":"https:\/\/radiorevelacionfm.cl\/index.php?rest_route=\/wp\/v2\/users\/1"}],"replies":[{"embeddable":true,"href":"https:\/\/radiorevelacionfm.cl\/index.php?rest_route=%2Fwp%2Fv2%2Fcomments&post=48757"}],"version-history":[{"count":1,"href":"https:\/\/radiorevelacionfm.cl\/index.php?rest_route=\/wp\/v2\/posts\/48757\/revisions"}],"predecessor-version":[{"id":48759,"href":"https:\/\/radiorevelacionfm.cl\/index.php?rest_route=\/wp\/v2\/posts\/48757\/revisions\/48759"}],"wp:featuredmedia":[{"embeddable":true,"href":"https:\/\/radiorevelacionfm.cl\/index.php?rest_route=\/wp\/v2\/media\/48758"}],"wp:attachment":[{"href":"https:\/\/radiorevelacionfm.cl\/index.php?rest_route=%2Fwp%2Fv2%2Fmedia&parent=48757"}],"wp:term":[{"taxonomy":"category","embeddable":true,"href":"https:\/\/radiorevelacionfm.cl\/index.php?rest_route=%2Fwp%2Fv2%2Fcategories&post=48757"},{"taxonomy":"post_tag","embeddable":true,"href":"https:\/\/radiorevelacionfm.cl\/index.php?rest_route=%2Fwp%2Fv2%2Ftags&post=48757"}],"curies":[{"name":"wp","href":"https:\/\/api.w.org\/{rel}","templated":true}]}}