{"id":48752,"date":"2024-12-10T22:18:11","date_gmt":"2024-12-11T01:18:11","guid":{"rendered":"https:\/\/radiorevelacionfm.cl\/?p=48752"},"modified":"2024-12-10T22:29:27","modified_gmt":"2024-12-11T01:29:27","slug":"usuarios-de-indap-concluyen-exitosamente-gira-al-bolson-en-programa-de-transicion-a-la-agricultura-sostenible","status":"publish","type":"post","link":"https:\/\/radiorevelacionfm.cl\/?p=48752","title":{"rendered":"Usuarios de Indap concluyen exitosamente gira a El Bols\u00f3n en programa de transici\u00f3n a la agricultura sostenible"},"content":{"rendered":"<div class=\"flex_column av_one_full  flex_column_div av-zero-column-padding first  avia-builder-el-0  el_before_av_one_full  avia-builder-el-first  \" style='border-radius:0px; '><div  class='avia-image-container  av-styling-    avia-builder-el-1  avia-builder-el-no-sibling  avia-align-center '  itemprop=\"image\" itemscope=\"itemscope\" itemtype=\"https:\/\/schema.org\/ImageObject\"  ><div class='avia-image-container-inner'><div class='avia-image-overlay-wrap'><img decoding=\"async\" class='wp-image-48753 avia-img-lazy-loading-not-48753 avia_image' src=\"https:\/\/radiorevelacionfm.cl\/wp-content\/uploads\/2024\/12\/GIRA-TAS-1-1-1-1.jpeg\" alt='' title='GIRA TAS 1-1 (1) (1)' height=\"600\" width=\"800\"  itemprop=\"thumbnailUrl\" srcset=\"https:\/\/radiorevelacionfm.cl\/wp-content\/uploads\/2024\/12\/GIRA-TAS-1-1-1-1.jpeg 800w, https:\/\/radiorevelacionfm.cl\/wp-content\/uploads\/2024\/12\/GIRA-TAS-1-1-1-1-300x225.jpeg 300w, https:\/\/radiorevelacionfm.cl\/wp-content\/uploads\/2024\/12\/GIRA-TAS-1-1-1-1-768x576.jpeg 768w, https:\/\/radiorevelacionfm.cl\/wp-content\/uploads\/2024\/12\/GIRA-TAS-1-1-1-1-705x529.jpeg 705w, https:\/\/radiorevelacionfm.cl\/wp-content\/uploads\/2024\/12\/GIRA-TAS-1-1-1-1-450x338.jpeg 450w, https:\/\/radiorevelacionfm.cl\/wp-content\/uploads\/2024\/12\/GIRA-TAS-1-1-1-1-600x450.jpeg 600w\" sizes=\"(max-width: 800px) 100vw, 800px\" \/><\/div><\/div><\/div><\/div>\n<div class=\"flex_column av_one_full  flex_column_div av-zero-column-padding first  avia-builder-el-2  el_after_av_one_full  el_before_av_one_full  column-top-margin\" style='border-radius:0px; '><section class=\"av_textblock_section \"  itemscope=\"itemscope\" itemtype=\"https:\/\/schema.org\/BlogPosting\" itemprop=\"blogPost\" ><div class='avia_textblock  '   itemprop=\"text\" ><p style=\"text-align: center;\"><strong><span style=\"font-size: 18pt;\">Usuarios de Indap concluyen exitosamente gira a El Bols\u00f3n en programa de transici\u00f3n a la agricultura sostenible<\/span><\/strong><\/p>\n<div id=\"gtx-trans\" style=\"position: absolute; left: -50px; top: 4.31534px;\">\n<div class=\"gtx-trans-icon\"><\/div>\n<\/div>\n<\/div><\/section><\/div><div class=\"flex_column av_one_full  flex_column_div av-zero-column-padding first  avia-builder-el-4  el_after_av_one_full  el_before_av_hr  column-top-margin\" style='border-radius:0px; '><section class=\"av_textblock_section \"  itemscope=\"itemscope\" itemtype=\"https:\/\/schema.org\/BlogPosting\" itemprop=\"blogPost\" ><div class='avia_textblock  '   itemprop=\"text\" ><p style=\"text-align: justify;\">Con la participaci\u00f3n de 14 usuarias y usuarios, INDAP Ays\u00e9n del Ministerio de Agricultura desarroll\u00f3 una gira t\u00e9cnica al Bols\u00f3n en Argentina, como parte del Programa Transici\u00f3n a la Agricultura Sostenible (TAS). Este programa nuevo de INDAP est\u00e1 instalado en Ays\u00e9n desde el 2023 y est\u00e1 dise\u00f1ado para transformar los sistemas productivos hacia pr\u00e1cticas sostenibles, potenciando la resiliencia de la Agricultura Familiar Campesina e Ind\u00edgena en todo el territorio.<\/p>\n<p style=\"text-align: justify;\">\u201cEn INDAP Ays\u00e9n estamos comprometidos con fortalecer la agricultura sostenible y aportar herramientas pr\u00e1cticas para nuestros productores. El programa TAS impulsa una transformaci\u00f3n necesaria, y esta gira fue una oportunidad \u00fanica para que nuestras agricultoras y agricultores conocieran pr\u00e1cticas concretas que pueden adaptar a la realidad de Ays\u00e9n, impulsando la transici\u00f3n hacia sistemas m\u00e1s sostenibles y respetuosos con el entorno\u201d expres\u00f3 Yessica Lagos, directora regional de INDAP.<\/p>\n<p style=\"text-align: justify;\">Como parte de las actividades de la gira t\u00e9cnica, las y los asistentes participaron de un curso de huerta org\u00e1nica biointensiva. Una huerta org\u00e1nica biointensiva es un tipo de huerta que aprovecha al m\u00e1ximo el espacio y los recursos naturales para producir alimentos de manera amigable con el medio ambiente y cuidando el suelo. Este curso fue organizado por el proyecto CIESA (Centro de Investigaci\u00f3n y ense\u00f1anza de agricultura sostenible) y visitaron tres huertos agroecol\u00f3gicos en El Bols\u00f3n. Este conjunto de actividades ofreci\u00f3 una oportunidad valiosa para observar pr\u00e1cticas avanzadas en agricultura sostenible, permitiendo a las y los productores adquirir conocimientos directamente aplicables en sus predios en Ays\u00e9n.<\/p>\n<p style=\"text-align: justify;\">El Programa TAS tiene un alcance nacional y se desarrolla en ciclos de dos a\u00f1os, beneficiando a agricultoras y agricultores de las 16 regiones del pa\u00eds. Basado en dos pilares \u2014asesor\u00edas t\u00e9cnicas especializadas y un sistema de incentivos econ\u00f3micos\u2014, busca acelerar la transici\u00f3n hacia una producci\u00f3n sostenible, fomentando pr\u00e1cticas respetuosas con el medioambiente y fortaleciendo la seguridad alimentaria desde el territorio.<\/p>\n<p style=\"text-align: justify;\">Las visitas a huertos como los de El Bols\u00f3n son clave para enriquecer el conocimiento de los agricultores de Ays\u00e9n. Estas instancias permiten observar tecnolog\u00edas y t\u00e9cnicas que ya han demostrado su eficacia en contextos similares, adem\u00e1s de fomentar el intercambio de experiencias que fomentan la asociatividad. Los aprendizajes adquiridos durante estas visitas ofrecen soluciones pr\u00e1cticas que pueden ser replicadas y adaptadas a las realidades del territorio local, acelerando la transici\u00f3n hacia sistemas productivos agroecol\u00f3gicos. Asimismo, este tipo de actividades refuerza la visi\u00f3n de un modelo agr\u00edcola que combina productividad con respeto al entorno, asegurando un futuro m\u00e1s sostenible para las comunidades rurales de Ays\u00e9n.<\/p>\n<\/div><\/section><\/div><\/p>\n<div  style='height:50px' class='hr hr-invisible   avia-builder-el-6  el_after_av_one_full  el_before_av_social_share '><span class='hr-inner ' ><span class='hr-inner-style'><\/span><\/span><\/div>\n<div  class='av-social-sharing-box  avia-builder-el-7  el_after_av_hr  el_before_av_hr  '><div class='av-share-box'><h5 class='av-share-link-description av-no-toc '>Compartir esta noticia<\/h5><ul class='av-share-box-list noLightbox'><li class='av-share-link av-social-link-facebook' ><a target=\"_blank\" aria-label=\"Compartir en Facebook\" href='https:\/\/www.facebook.com\/sharer.php?u=https:\/\/radiorevelacionfm.cl\/?p=48752&#038;t=Usuarios%20de%20Indap%20concluyen%20exitosamente%20gira%20a%20El%20Bols%C3%B3n%20en%20programa%20de%20transici%C3%B3n%20a%20la%20agricultura%20sostenible' aria-hidden='false' data-av_icon='\ue8f3' data-av_iconfont='entypo-fontello' title='' data-avia-related-tooltip='Compartir en Facebook' rel=\"noopener\"><span class='avia_hidden_link_text'>Compartir en Facebook<\/span><\/a><\/li><li class='av-share-link av-social-link-twitter' ><a target=\"_blank\" aria-label=\"Compartir en Twitter\" href='https:\/\/twitter.com\/share?text=Usuarios%20de%20Indap%20concluyen%20exitosamente%20gira%20a%20El%20Bols%C3%B3n%20en%20programa%20de%20transici%C3%B3n%20a%20la%20agricultura%20sostenible&#038;url=https:\/\/radiorevelacionfm.cl\/?p=48752' aria-hidden='false' data-av_icon='\ue8f1' data-av_iconfont='entypo-fontello' title='' data-avia-related-tooltip='Compartir en Twitter' rel=\"noopener\"><span class='avia_hidden_link_text'>Compartir en Twitter<\/span><\/a><\/li><li class='av-share-link av-social-link-whatsapp' ><a target=\"_blank\" aria-label=\"Compartir en Whatsapp\" href='https:\/\/api.whatsapp.com\/send?text=https:\/\/radiorevelacionfm.cl\/?p=48752' aria-hidden='false' data-av_icon='\uf232' data-av_iconfont='entypo-fontello' title='' data-avia-related-tooltip='Compartir en Whatsapp' rel=\"noopener\"><span class='avia_hidden_link_text'>Compartir en Whatsapp<\/span><\/a><\/li><li class='av-share-link av-social-link-linkedin' ><a target=\"_blank\" aria-label=\"Compartir en LinkedIn\" href='https:\/\/linkedin.com\/shareArticle?mini=true&#038;title=Usuarios%20de%20Indap%20concluyen%20exitosamente%20gira%20a%20El%20Bols%C3%B3n%20en%20programa%20de%20transici%C3%B3n%20a%20la%20agricultura%20sostenible&#038;url=https:\/\/radiorevelacionfm.cl\/?p=48752' aria-hidden='false' data-av_icon='\ue8fc' data-av_iconfont='entypo-fontello' title='' data-avia-related-tooltip='Compartir en LinkedIn' rel=\"noopener\"><span class='avia_hidden_link_text'>Compartir en LinkedIn<\/span><\/a><\/li><li class='av-share-link av-social-link-mail' ><a  aria-label=\"Compartir por correo\" href='mailto:?subject=Usuarios%20de%20Indap%20concluyen%20exitosamente%20gira%20a%20El%20Bols%C3%B3n%20en%20programa%20de%20transici%C3%B3n%20a%20la%20agricultura%20sostenible&#038;body=https:\/\/radiorevelacionfm.cl\/?p=48752' aria-hidden='false' data-av_icon='\ue805' data-av_iconfont='entypo-fontello' title='' data-avia-related-tooltip='Compartir por correo'><span class='avia_hidden_link_text'>Compartir por correo<\/span><\/a><\/li><\/ul><\/div><\/div>\n<div  style='height:50px' class='hr hr-invisible   avia-builder-el-8  el_after_av_social_share  el_before_av_comments_list '><span class='hr-inner ' ><span class='hr-inner-style'><\/span><\/span><\/div>\n<div  class='av-buildercomment  av-blog-meta-html-info-disabled av-blog-meta-tag-disabled  '><\/div>\n","protected":false},"excerpt":{"rendered":"","protected":false},"author":1,"featured_media":48753,"comment_status":"open","ping_status":"open","sticky":false,"template":"","format":"standard","meta":{"footnotes":""},"categories":[58],"tags":[],"class_list":["post-48752","post","type-post","status-publish","format-standard","has-post-thumbnail","hentry","category-agricultura"],"jetpack_featured_media_url":"https:\/\/radiorevelacionfm.cl\/wp-content\/uploads\/2024\/12\/GIRA-TAS-1-1-1-1.jpeg","_links":{"self":[{"href":"https:\/\/radiorevelacionfm.cl\/index.php?rest_route=\/wp\/v2\/posts\/48752","targetHints":{"allow":["GET"]}}],"collection":[{"href":"https:\/\/radiorevelacionfm.cl\/index.php?rest_route=\/wp\/v2\/posts"}],"about":[{"href":"https:\/\/radiorevelacionfm.cl\/index.php?rest_route=\/wp\/v2\/types\/post"}],"author":[{"embeddable":true,"href":"https:\/\/radiorevelacionfm.cl\/index.php?rest_route=\/wp\/v2\/users\/1"}],"replies":[{"embeddable":true,"href":"https:\/\/radiorevelacionfm.cl\/index.php?rest_route=%2Fwp%2Fv2%2Fcomments&post=48752"}],"version-history":[{"count":3,"href":"https:\/\/radiorevelacionfm.cl\/index.php?rest_route=\/wp\/v2\/posts\/48752\/revisions"}],"predecessor-version":[{"id":48770,"href":"https:\/\/radiorevelacionfm.cl\/index.php?rest_route=\/wp\/v2\/posts\/48752\/revisions\/48770"}],"wp:featuredmedia":[{"embeddable":true,"href":"https:\/\/radiorevelacionfm.cl\/index.php?rest_route=\/wp\/v2\/media\/48753"}],"wp:attachment":[{"href":"https:\/\/radiorevelacionfm.cl\/index.php?rest_route=%2Fwp%2Fv2%2Fmedia&parent=48752"}],"wp:term":[{"taxonomy":"category","embeddable":true,"href":"https:\/\/radiorevelacionfm.cl\/index.php?rest_route=%2Fwp%2Fv2%2Fcategories&post=48752"},{"taxonomy":"post_tag","embeddable":true,"href":"https:\/\/radiorevelacionfm.cl\/index.php?rest_route=%2Fwp%2Fv2%2Ftags&post=48752"}],"curies":[{"name":"wp","href":"https:\/\/api.w.org\/{rel}","templated":true}]}}