{"id":4875,"date":"2021-06-04T10:31:42","date_gmt":"2021-06-04T13:31:42","guid":{"rendered":"https:\/\/radiorevelacionfm.cl\/?p=4875"},"modified":"2021-06-04T10:31:42","modified_gmt":"2021-06-04T13:31:42","slug":"proponen-proyecto-que-permitiria-retiro-de-fondos-previsionales-para-pagar-deuda-de-creditos-hipotecarios","status":"publish","type":"post","link":"https:\/\/radiorevelacionfm.cl\/?p=4875","title":{"rendered":"Proponen proyecto que permitir\u00eda retiro de fondos previsionales para pagar deuda de cr\u00e9ditos hipotecarios"},"content":{"rendered":"<div class=\"flex_column av_one_full  flex_column_div av-zero-column-padding first  avia-builder-el-0  el_before_av_one_full  avia-builder-el-first  \" style='border-radius:0px; '><div  class='avia-image-container  av-styling-    avia-builder-el-1  avia-builder-el-no-sibling  avia-align-center '  itemprop=\"image\" itemscope=\"itemscope\" itemtype=\"https:\/\/schema.org\/ImageObject\"  ><div class='avia-image-container-inner'><div class='avia-image-overlay-wrap'><img decoding=\"async\" class='wp-image-4876 avia-img-lazy-loading-not-4876 avia_image' src=\"https:\/\/radiorevelacionfm.cl\/wp-content\/uploads\/2021\/06\/CALISTO-1.1-1.jpg\" alt='' title='CALISTO 1.1 (1)' height=\"662\" width=\"1065\"  itemprop=\"thumbnailUrl\" srcset=\"https:\/\/radiorevelacionfm.cl\/wp-content\/uploads\/2021\/06\/CALISTO-1.1-1.jpg 1065w, https:\/\/radiorevelacionfm.cl\/wp-content\/uploads\/2021\/06\/CALISTO-1.1-1-300x186.jpg 300w, https:\/\/radiorevelacionfm.cl\/wp-content\/uploads\/2021\/06\/CALISTO-1.1-1-1030x640.jpg 1030w, https:\/\/radiorevelacionfm.cl\/wp-content\/uploads\/2021\/06\/CALISTO-1.1-1-768x477.jpg 768w, https:\/\/radiorevelacionfm.cl\/wp-content\/uploads\/2021\/06\/CALISTO-1.1-1-705x438.jpg 705w, https:\/\/radiorevelacionfm.cl\/wp-content\/uploads\/2021\/06\/CALISTO-1.1-1-600x373.jpg 600w\" sizes=\"(max-width: 1065px) 100vw, 1065px\" \/><\/div><\/div><\/div><\/div>\n<div class=\"flex_column av_one_full  flex_column_div av-zero-column-padding first  avia-builder-el-2  el_after_av_one_full  el_before_av_one_full  column-top-margin\" style='border-radius:0px; '><section class=\"av_textblock_section \"  itemscope=\"itemscope\" itemtype=\"https:\/\/schema.org\/BlogPosting\" itemprop=\"blogPost\" ><div class='avia_textblock  '   itemprop=\"text\" ><p style=\"text-align: center;\"><strong><span style=\"font-size: 18pt;\">Proponen proyecto que permitir\u00eda retiro de fondos previsionales para pagar deuda de cr\u00e9ditos hipotecarios<\/span><\/strong><\/p>\n<div id=\"gtx-trans\" style=\"position: absolute; left: -50px; top: 4.31534px;\">\n<div class=\"gtx-trans-icon\"><\/div>\n<\/div>\n<\/div><\/section><\/div><div class=\"flex_column av_one_full  flex_column_div av-zero-column-padding first  avia-builder-el-4  el_after_av_one_full  el_before_av_hr  column-top-margin\" style='border-radius:0px; '><section class=\"av_textblock_section \"  itemscope=\"itemscope\" itemtype=\"https:\/\/schema.org\/BlogPosting\" itemprop=\"blogPost\" ><div class='avia_textblock  '   itemprop=\"text\" ><p style=\"font-weight: 400; text-align: justify;\">El diputado DC Miguel \u00c1ngel Calisto anunci\u00f3 \u00a0la presentaci\u00f3n de un proyecto de ley para \u201dpermitir a las personas que retiren desde sus fondos de pensiones el monto necesario para poder pagar la deuda de cr\u00e9dito hipotecario de su vivienda\u201d.<\/p>\n<p style=\"font-weight: 400; text-align: justify;\">El parlamentario explic\u00f3 que \u201cesta propuesta, que surge como una alternativa a los anuncios de proyectos para retirar la totalidad de los fondos de pensiones, lo que busca es disminuir el endeudamiento de los chilenos a trav\u00e9s del pago de la totalidad del saldo insoluto por los cr\u00e9ditos hipotecarios\u201d.<\/p>\n<p style=\"font-weight: 400; text-align: justify;\">\u201cDe aprobarse este proyecto, los dineros de las personas que utilicen esta medida, ser\u00e1n transferidos de manera directa desde la respectiva AFP a la instituci\u00f3n con la cual se mantenga el cr\u00e9dito hipotecario, con lo cual se asegura el pago de la totalidad de la deuda, terminando de esta forma con dicha obligaci\u00f3n\u201d, se\u00f1al\u00f3.<\/p>\n<p style=\"font-weight: 400; text-align: justify;\">\u201cEste es un proyecto razonable, ya que hay muchos chilenos que tienen deudas hipotecarias y es una manera de aliviar esa carga. Adem\u00e1s, hay muchos adultos mayores, que est\u00e1n pr\u00f3ximos a jubilarse y que ven con preocupaci\u00f3n que una vez que comiencen a recibir su pensi\u00f3n, no podr\u00e1n continuar pagando las cuotas de su cr\u00e9dito hipotecario\u201d, indic\u00f3.<\/p>\n<p style=\"font-weight: 400; text-align: justify;\">Finalmente, el diputado Calisto agreg\u00f3 que \u201ctambi\u00e9n proponemos que se puedan utilizar los recursos propios ahorrados en las AFP para, por ejemplo, poder complementar un subsidio para la compra de alguna vivienda, o para dar el pie para ello\u201d.<\/p>\n<\/div><\/section><\/div><\/p>\n<div  style='height:50px' class='hr hr-invisible   avia-builder-el-6  el_after_av_one_full  el_before_av_social_share '><span class='hr-inner ' ><span class='hr-inner-style'><\/span><\/span><\/div>\n<div  class='av-social-sharing-box  avia-builder-el-7  el_after_av_hr  el_before_av_hr  '><div class='av-share-box'><h5 class='av-share-link-description av-no-toc '>Compartir esta noticia<\/h5><ul class='av-share-box-list noLightbox'><li class='av-share-link av-social-link-facebook' ><a target=\"_blank\" aria-label=\"Compartir en Facebook\" href='https:\/\/www.facebook.com\/sharer.php?u=https:\/\/radiorevelacionfm.cl\/?p=4875&#038;t=Proponen%20proyecto%20que%20permitir%C3%ADa%20retiro%20de%20fondos%20previsionales%20para%20pagar%20deuda%20de%20cr%C3%A9ditos%20hipotecarios' aria-hidden='false' data-av_icon='\ue8f3' data-av_iconfont='entypo-fontello' title='' data-avia-related-tooltip='Compartir en Facebook' rel=\"noopener\"><span class='avia_hidden_link_text'>Compartir en Facebook<\/span><\/a><\/li><li class='av-share-link av-social-link-twitter' ><a target=\"_blank\" aria-label=\"Compartir en Twitter\" href='https:\/\/twitter.com\/share?text=Proponen%20proyecto%20que%20permitir%C3%ADa%20retiro%20de%20fondos%20previsionales%20para%20pagar%20deuda%20de%20cr%C3%A9ditos%20hipotecarios&#038;url=https:\/\/radiorevelacionfm.cl\/?p=4875' aria-hidden='false' data-av_icon='\ue8f1' data-av_iconfont='entypo-fontello' title='' data-avia-related-tooltip='Compartir en Twitter' rel=\"noopener\"><span class='avia_hidden_link_text'>Compartir en Twitter<\/span><\/a><\/li><li class='av-share-link av-social-link-whatsapp' ><a target=\"_blank\" aria-label=\"Compartir en Whatsapp\" href='https:\/\/api.whatsapp.com\/send?text=https:\/\/radiorevelacionfm.cl\/?p=4875' aria-hidden='false' data-av_icon='\uf232' data-av_iconfont='entypo-fontello' title='' data-avia-related-tooltip='Compartir en Whatsapp' rel=\"noopener\"><span class='avia_hidden_link_text'>Compartir en Whatsapp<\/span><\/a><\/li><li class='av-share-link av-social-link-linkedin' ><a target=\"_blank\" aria-label=\"Compartir en LinkedIn\" href='https:\/\/linkedin.com\/shareArticle?mini=true&#038;title=Proponen%20proyecto%20que%20permitir%C3%ADa%20retiro%20de%20fondos%20previsionales%20para%20pagar%20deuda%20de%20cr%C3%A9ditos%20hipotecarios&#038;url=https:\/\/radiorevelacionfm.cl\/?p=4875' aria-hidden='false' data-av_icon='\ue8fc' data-av_iconfont='entypo-fontello' title='' data-avia-related-tooltip='Compartir en LinkedIn' rel=\"noopener\"><span class='avia_hidden_link_text'>Compartir en LinkedIn<\/span><\/a><\/li><li class='av-share-link av-social-link-mail' ><a  aria-label=\"Compartir por correo\" href='mailto:?subject=Proponen%20proyecto%20que%20permitir%C3%ADa%20retiro%20de%20fondos%20previsionales%20para%20pagar%20deuda%20de%20cr%C3%A9ditos%20hipotecarios&#038;body=https:\/\/radiorevelacionfm.cl\/?p=4875' aria-hidden='false' data-av_icon='\ue805' data-av_iconfont='entypo-fontello' title='' data-avia-related-tooltip='Compartir por correo'><span class='avia_hidden_link_text'>Compartir por correo<\/span><\/a><\/li><\/ul><\/div><\/div>\n<div  style='height:50px' class='hr hr-invisible   avia-builder-el-8  el_after_av_social_share  el_before_av_comments_list '><span class='hr-inner ' ><span class='hr-inner-style'><\/span><\/span><\/div>\n<div  class='av-buildercomment  av-blog-meta-html-info-disabled av-blog-meta-tag-disabled  '><\/div>\n","protected":false},"excerpt":{"rendered":"","protected":false},"author":1,"featured_media":4876,"comment_status":"open","ping_status":"open","sticky":false,"template":"","format":"standard","meta":{"footnotes":""},"categories":[35],"tags":[],"class_list":["post-4875","post","type-post","status-publish","format-standard","has-post-thumbnail","hentry","category-politica"],"jetpack_featured_media_url":"https:\/\/radiorevelacionfm.cl\/wp-content\/uploads\/2021\/06\/CALISTO-1.1-1.jpg","_links":{"self":[{"href":"https:\/\/radiorevelacionfm.cl\/index.php?rest_route=\/wp\/v2\/posts\/4875","targetHints":{"allow":["GET"]}}],"collection":[{"href":"https:\/\/radiorevelacionfm.cl\/index.php?rest_route=\/wp\/v2\/posts"}],"about":[{"href":"https:\/\/radiorevelacionfm.cl\/index.php?rest_route=\/wp\/v2\/types\/post"}],"author":[{"embeddable":true,"href":"https:\/\/radiorevelacionfm.cl\/index.php?rest_route=\/wp\/v2\/users\/1"}],"replies":[{"embeddable":true,"href":"https:\/\/radiorevelacionfm.cl\/index.php?rest_route=%2Fwp%2Fv2%2Fcomments&post=4875"}],"version-history":[{"count":2,"href":"https:\/\/radiorevelacionfm.cl\/index.php?rest_route=\/wp\/v2\/posts\/4875\/revisions"}],"predecessor-version":[{"id":4889,"href":"https:\/\/radiorevelacionfm.cl\/index.php?rest_route=\/wp\/v2\/posts\/4875\/revisions\/4889"}],"wp:featuredmedia":[{"embeddable":true,"href":"https:\/\/radiorevelacionfm.cl\/index.php?rest_route=\/wp\/v2\/media\/4876"}],"wp:attachment":[{"href":"https:\/\/radiorevelacionfm.cl\/index.php?rest_route=%2Fwp%2Fv2%2Fmedia&parent=4875"}],"wp:term":[{"taxonomy":"category","embeddable":true,"href":"https:\/\/radiorevelacionfm.cl\/index.php?rest_route=%2Fwp%2Fv2%2Fcategories&post=4875"},{"taxonomy":"post_tag","embeddable":true,"href":"https:\/\/radiorevelacionfm.cl\/index.php?rest_route=%2Fwp%2Fv2%2Ftags&post=4875"}],"curies":[{"name":"wp","href":"https:\/\/api.w.org\/{rel}","templated":true}]}}