{"id":48749,"date":"2024-12-11T12:53:22","date_gmt":"2024-12-11T15:53:22","guid":{"rendered":"https:\/\/radiorevelacionfm.cl\/?p=48749"},"modified":"2024-12-11T12:53:22","modified_gmt":"2024-12-11T15:53:22","slug":"coyhaique-ejemplo-de-planificacion-verde-en-la-region-de-aysen","status":"publish","type":"post","link":"https:\/\/radiorevelacionfm.cl\/?p=48749","title":{"rendered":"Coyhaique: Ejemplo de planificaci\u00f3n verde en la regi\u00f3n de Ays\u00e9n"},"content":{"rendered":"<div class=\"flex_column av_one_full  flex_column_div av-zero-column-padding first  avia-builder-el-0  el_before_av_one_full  avia-builder-el-first  \" style='border-radius:0px; '><div  class='avia-image-container  av-styling-    avia-builder-el-1  avia-builder-el-no-sibling  avia-align-center '  itemprop=\"image\" itemscope=\"itemscope\" itemtype=\"https:\/\/schema.org\/ImageObject\"  ><div class='avia-image-container-inner'><div class='avia-image-overlay-wrap'><img decoding=\"async\" class='wp-image-48750 avia-img-lazy-loading-not-48750 avia_image' src=\"https:\/\/radiorevelacionfm.cl\/wp-content\/uploads\/2024\/12\/visita-a-terreno-participantes-taller-ciudades-verdes-1_optimized-1.jpeg\" alt='' title='visita-a-terreno-participantes-taller-ciudades-verdes-(1)_optimized (1)' height=\"600\" width=\"800\"  itemprop=\"thumbnailUrl\" srcset=\"https:\/\/radiorevelacionfm.cl\/wp-content\/uploads\/2024\/12\/visita-a-terreno-participantes-taller-ciudades-verdes-1_optimized-1.jpeg 800w, https:\/\/radiorevelacionfm.cl\/wp-content\/uploads\/2024\/12\/visita-a-terreno-participantes-taller-ciudades-verdes-1_optimized-1-300x225.jpeg 300w, https:\/\/radiorevelacionfm.cl\/wp-content\/uploads\/2024\/12\/visita-a-terreno-participantes-taller-ciudades-verdes-1_optimized-1-768x576.jpeg 768w, https:\/\/radiorevelacionfm.cl\/wp-content\/uploads\/2024\/12\/visita-a-terreno-participantes-taller-ciudades-verdes-1_optimized-1-705x529.jpeg 705w, https:\/\/radiorevelacionfm.cl\/wp-content\/uploads\/2024\/12\/visita-a-terreno-participantes-taller-ciudades-verdes-1_optimized-1-450x338.jpeg 450w, https:\/\/radiorevelacionfm.cl\/wp-content\/uploads\/2024\/12\/visita-a-terreno-participantes-taller-ciudades-verdes-1_optimized-1-600x450.jpeg 600w\" sizes=\"(max-width: 800px) 100vw, 800px\" \/><\/div><\/div><\/div><\/div><div class=\"flex_column av_one_full  flex_column_div av-zero-column-padding first  avia-builder-el-2  el_after_av_one_full  el_before_av_one_full  column-top-margin\" style='border-radius:0px; '><section class=\"av_textblock_section \"  itemscope=\"itemscope\" itemtype=\"https:\/\/schema.org\/BlogPosting\" itemprop=\"blogPost\" ><div class='avia_textblock  '   itemprop=\"text\" ><p style=\"text-align: center;\"><span style=\"font-size: 18pt;\"><strong>Coyhaique: Ejemplo de planificaci\u00f3n verde en la regi\u00f3n de Ays\u00e9n<\/strong><\/span><\/p>\n<div id=\"gtx-trans\" style=\"position: absolute; left: -50px; top: 4.31534px;\">\n<div class=\"gtx-trans-icon\"><\/div>\n<\/div>\n<\/div><\/section><\/div><div class=\"flex_column av_one_full  flex_column_div av-zero-column-padding first  avia-builder-el-4  el_after_av_one_full  el_before_av_hr  column-top-margin\" style='border-radius:0px; '><section class=\"av_textblock_section \"  itemscope=\"itemscope\" itemtype=\"https:\/\/schema.org\/BlogPosting\" itemprop=\"blogPost\" ><div class='avia_textblock  '   itemprop=\"text\" ><p style=\"text-align: justify;\"><em>Ciudadanos, expertos y autoridades se reunieron en Coyhaique para un taller regional que impulsa la Estrategia Nacional de Ciudades Verdes. Este evento, que se suma a los desarrollados en otras regiones del pa\u00eds, busca responder a los desaf\u00edos del cambio clim\u00e1tico y las necesidades locales desde un enfoque participativo.<\/em><\/p>\n<p style=\"text-align: justify;\">Durante la jornada de este martes se llev\u00f3 a cabo en la regi\u00f3n de Ays\u00e9n el Taller de Participaci\u00f3n temprana sobre Infraestructura Verde (IV) y Soluciones Basadas en la Naturaleza (SbN), cuyo prop\u00f3sito es levantar un diagn\u00f3stico regional desde actores locales, el cual servir\u00e1 de insumo para la elaboraci\u00f3n de propuestas con pertinencia territorial.<\/p>\n<p style=\"text-align: justify;\">Adem\u00e1s, el d\u00eda lunes, los participantes tuvieron la oportunidad de realizar una visita a terreno, organizada por el punto focal regional, Andrea Fuentes, con el apoyo de la Corporaci\u00f3n Nacional Forestal (CONAF). Este recorrido permiti\u00f3 conocer ejemplos destacados de planificaci\u00f3n verde a distintas escalas, desde la preservaci\u00f3n de \u00e1reas naturales hasta intervenciones urbanas que integran SbN para abordar desaf\u00edos espec\u00edficos como la mitigaci\u00f3n de riesgos y el cambio clim\u00e1tico.<\/p>\n<p style=\"text-align: justify;\">Este esfuerzo es parte de la Estrategia Ciudades Verdes, que busca catalizar pol\u00edticas p\u00fablicas e inversiones que expandan la red de infraestructura verde en zonas urbanas y periurbanas, fomentando la mitigaci\u00f3n del cambio clim\u00e1tico y la adaptaci\u00f3n a sus efectos en todo Chile.<\/p>\n<p style=\"text-align: justify;\">La Seremi Vivienda y Urbanismo, Paulina Ruz Delf\u00edn, se\u00f1al\u00f3 que \u201clo que queremos es dise\u00f1ar una pol\u00edtica como pa\u00eds que sea integral en este \u00e1mbito, donde podamos promover la ampliaci\u00f3n y la integraci\u00f3n de las redes de infraestructura verde de las ciudades y sus entornos como una medida a largo plazo, pensando tambi\u00e9n en el cambio clim\u00e1tico, como una agenda 2050. Las alianzas p\u00fablico privadas son importantes para dise\u00f1ar en conjunto esta estrategia, tomando ciertas determinaciones de lo que es mejor para nuestra regi\u00f3n y tambi\u00e9n c\u00f3mo gestionamos soluciones basadas en la naturaleza para el \u00e1mbito urbano\u201d.<\/p>\n<p style=\"text-align: justify;\">Liderado por el Ministerio de Vivienda y Urbanismo (MINVU) y el Ministerio del Medio Ambiente (MMA) y la Organizaci\u00f3n de las Naciones Unidas para la Alimentaci\u00f3n y la Agricultura (FAO), el taller busca entregar herramientas pr\u00e1cticas y te\u00f3ricas para la planificaci\u00f3n de ciudades resilientes y sostenibles, dentro de la Estrategia de Ciudades Verdes. Su objetivo es expandir e integrar la red de infraestructura verde y soluciones basadas en la naturaleza, como mecanismo de mitigaci\u00f3n y adaptaci\u00f3n al cambio clim\u00e1tico.<\/p>\n<p style=\"text-align: justify;\">Paulina Terra, Coordinadora Nacional del proyecto, agradeci\u00f3 la participaci\u00f3n de los asistentes y destac\u00f3 que \u201cla planificaci\u00f3n de ciudades sostenibles requiere conectar lo urbano con lo natural. En Coyhaique, vimos ejemplos inspiradores como la Reserva Coyhaique y parques urbanos como El Mirador Simpson que integran soluciones basadas en la naturaleza para enfrentar riesgos y mejorar la calidad de vida. Estas experiencias confirman que construir una Estrategia Nacional de Ciudades Verdes debe partir desde los territorios, incorporando su diversidad y compromiso local\u00bb.<\/p>\n<p style=\"text-align: justify;\">Durante la jornada, se abordaron conceptos clave y principios fundamentales de Infraestructura Verde y Soluciones Basadas en la Naturaleza, adem\u00e1s de su relevancia para enfrentar el cambio clim\u00e1tico y la p\u00e9rdida de biodiversidad. Tambi\u00e9n se discutieron los impactos sociales y econ\u00f3micos derivados de su implementaci\u00f3n.<\/p>\n<p style=\"text-align: justify;\">Este esfuerzo se enmarca dentro del proyecto Estrategia Ciudades Verdes, que busca generar condiciones propicias para catalizar pol\u00edticas p\u00fablicas e inversiones enfocadas en expandir e integrar la red de infraestructura verde y SbN en zonas urbanas y periurbanas. De esta manera, se contribuye tanto a la mitigaci\u00f3n como a la adaptaci\u00f3n al cambio clim\u00e1tico.<\/p>\n<p style=\"text-align: justify;\"><strong>\u00bfQu\u00e9 acciones incluye el proyecto?<\/strong><\/p>\n<ul style=\"text-align: justify;\">\n<li><strong>Gobernanza Nacional:\u00a0<\/strong>Establecer y fortalecer una estructura de gobernanza a nivel nacional para el proceso de toma de decisiones que fomente la expansi\u00f3n e integraci\u00f3n de la infraestructura verde y las SbN.<\/li>\n<li><strong>Estudios T\u00e9cnicos y An\u00e1lisis Normativos:\u00a0<\/strong>Realizar estudios t\u00e9cnicos espec\u00edficos y an\u00e1lisis normativos actualmente no disponibles para planificar eficazmente la expansi\u00f3n e integraci\u00f3n de la infraestructura verde y las SbN.<\/li>\n<li><strong>Marco Institucional:<\/strong>\u00a0Fortalecer el marco institucional mediante la creaci\u00f3n de una pol\u00edtica p\u00fablica interinstitucional a nivel nacional para planificar estrat\u00e9gicamente la expansi\u00f3n e integraci\u00f3n de la infraestructura verde y las SbN (Estrategia de Ciudades Verdes).<\/li>\n<li><strong>Fuentes Financieras:\u00a0<\/strong>Identificar fuentes financieras nacionales e internacionales para la implementaci\u00f3n de la Estrategia Nacional de Infraestructura Verde (ENIV) y definir un conjunto de proyectos prioritarios a nivel de perfil para desencadenar dicha implementaci\u00f3n.<\/li>\n<\/ul>\n<\/div><\/section><\/div><div  style='height:50px' class='hr hr-invisible   avia-builder-el-6  el_after_av_one_full  el_before_av_social_share '><span class='hr-inner ' ><span class='hr-inner-style'><\/span><\/span><\/div><\/p>\n<div  class='av-social-sharing-box  avia-builder-el-7  el_after_av_hr  el_before_av_hr  '><div class='av-share-box'><h5 class='av-share-link-description av-no-toc '>Compartir esta noticia<\/h5><ul class='av-share-box-list noLightbox'><li class='av-share-link av-social-link-facebook' ><a target=\"_blank\" aria-label=\"Compartir en Facebook\" href='https:\/\/www.facebook.com\/sharer.php?u=https:\/\/radiorevelacionfm.cl\/?p=48749&#038;t=Coyhaique%3A%20Ejemplo%20de%20planificaci%C3%B3n%20verde%20en%20la%20regi%C3%B3n%20de%20Ays%C3%A9n' aria-hidden='false' data-av_icon='\ue8f3' data-av_iconfont='entypo-fontello' title='' data-avia-related-tooltip='Compartir en Facebook' rel=\"noopener\"><span class='avia_hidden_link_text'>Compartir en Facebook<\/span><\/a><\/li><li class='av-share-link av-social-link-twitter' ><a target=\"_blank\" aria-label=\"Compartir en Twitter\" href='https:\/\/twitter.com\/share?text=Coyhaique%3A%20Ejemplo%20de%20planificaci%C3%B3n%20verde%20en%20la%20regi%C3%B3n%20de%20Ays%C3%A9n&#038;url=https:\/\/radiorevelacionfm.cl\/?p=48749' aria-hidden='false' data-av_icon='\ue8f1' data-av_iconfont='entypo-fontello' title='' data-avia-related-tooltip='Compartir en Twitter' rel=\"noopener\"><span class='avia_hidden_link_text'>Compartir en Twitter<\/span><\/a><\/li><li class='av-share-link av-social-link-whatsapp' ><a target=\"_blank\" aria-label=\"Compartir en Whatsapp\" href='https:\/\/api.whatsapp.com\/send?text=https:\/\/radiorevelacionfm.cl\/?p=48749' aria-hidden='false' data-av_icon='\uf232' data-av_iconfont='entypo-fontello' title='' data-avia-related-tooltip='Compartir en Whatsapp' rel=\"noopener\"><span class='avia_hidden_link_text'>Compartir en Whatsapp<\/span><\/a><\/li><li class='av-share-link av-social-link-linkedin' ><a target=\"_blank\" aria-label=\"Compartir en LinkedIn\" href='https:\/\/linkedin.com\/shareArticle?mini=true&#038;title=Coyhaique%3A%20Ejemplo%20de%20planificaci%C3%B3n%20verde%20en%20la%20regi%C3%B3n%20de%20Ays%C3%A9n&#038;url=https:\/\/radiorevelacionfm.cl\/?p=48749' aria-hidden='false' data-av_icon='\ue8fc' data-av_iconfont='entypo-fontello' title='' data-avia-related-tooltip='Compartir en LinkedIn' rel=\"noopener\"><span class='avia_hidden_link_text'>Compartir en LinkedIn<\/span><\/a><\/li><li class='av-share-link av-social-link-mail' ><a  aria-label=\"Compartir por correo\" href='mailto:?subject=Coyhaique%3A%20Ejemplo%20de%20planificaci%C3%B3n%20verde%20en%20la%20regi%C3%B3n%20de%20Ays%C3%A9n&#038;body=https:\/\/radiorevelacionfm.cl\/?p=48749' aria-hidden='false' data-av_icon='\ue805' data-av_iconfont='entypo-fontello' title='' data-avia-related-tooltip='Compartir por correo'><span class='avia_hidden_link_text'>Compartir por correo<\/span><\/a><\/li><\/ul><\/div><\/div>\n<div  style='height:50px' class='hr hr-invisible   avia-builder-el-8  el_after_av_social_share  el_before_av_comments_list '><span class='hr-inner ' ><span class='hr-inner-style'><\/span><\/span><\/div>\n<div  class='av-buildercomment  av-blog-meta-html-info-disabled av-blog-meta-tag-disabled  '><\/div>\n","protected":false},"excerpt":{"rendered":"","protected":false},"author":1,"featured_media":48750,"comment_status":"open","ping_status":"open","sticky":false,"template":"","format":"standard","meta":{"footnotes":""},"categories":[38],"tags":[],"class_list":["post-48749","post","type-post","status-publish","format-standard","has-post-thumbnail","hentry","category-regional"],"jetpack_featured_media_url":"https:\/\/radiorevelacionfm.cl\/wp-content\/uploads\/2024\/12\/visita-a-terreno-participantes-taller-ciudades-verdes-1_optimized-1.jpeg","_links":{"self":[{"href":"https:\/\/radiorevelacionfm.cl\/index.php?rest_route=\/wp\/v2\/posts\/48749","targetHints":{"allow":["GET"]}}],"collection":[{"href":"https:\/\/radiorevelacionfm.cl\/index.php?rest_route=\/wp\/v2\/posts"}],"about":[{"href":"https:\/\/radiorevelacionfm.cl\/index.php?rest_route=\/wp\/v2\/types\/post"}],"author":[{"embeddable":true,"href":"https:\/\/radiorevelacionfm.cl\/index.php?rest_route=\/wp\/v2\/users\/1"}],"replies":[{"embeddable":true,"href":"https:\/\/radiorevelacionfm.cl\/index.php?rest_route=%2Fwp%2Fv2%2Fcomments&post=48749"}],"version-history":[{"count":1,"href":"https:\/\/radiorevelacionfm.cl\/index.php?rest_route=\/wp\/v2\/posts\/48749\/revisions"}],"predecessor-version":[{"id":48751,"href":"https:\/\/radiorevelacionfm.cl\/index.php?rest_route=\/wp\/v2\/posts\/48749\/revisions\/48751"}],"wp:featuredmedia":[{"embeddable":true,"href":"https:\/\/radiorevelacionfm.cl\/index.php?rest_route=\/wp\/v2\/media\/48750"}],"wp:attachment":[{"href":"https:\/\/radiorevelacionfm.cl\/index.php?rest_route=%2Fwp%2Fv2%2Fmedia&parent=48749"}],"wp:term":[{"taxonomy":"category","embeddable":true,"href":"https:\/\/radiorevelacionfm.cl\/index.php?rest_route=%2Fwp%2Fv2%2Fcategories&post=48749"},{"taxonomy":"post_tag","embeddable":true,"href":"https:\/\/radiorevelacionfm.cl\/index.php?rest_route=%2Fwp%2Fv2%2Ftags&post=48749"}],"curies":[{"name":"wp","href":"https:\/\/api.w.org\/{rel}","templated":true}]}}