{"id":48746,"date":"2024-12-11T10:03:23","date_gmt":"2024-12-11T13:03:23","guid":{"rendered":"https:\/\/radiorevelacionfm.cl\/?p=48746"},"modified":"2024-12-11T10:03:23","modified_gmt":"2024-12-11T13:03:23","slug":"comienza-a-funcionar-anotate-en-la-lista-la-plataforma-del-mineduc-para-que-apoderados-puedan-solicitar-vacantes-en-los-establecimientos","status":"publish","type":"post","link":"https:\/\/radiorevelacionfm.cl\/?p=48746","title":{"rendered":"Comienza a funcionar \u00abAn\u00f3tate en la Lista\u00bb, la plataforma del Mineduc para que apoderados puedan solicitar vacantes en los establecimientos"},"content":{"rendered":"<div class=\"flex_column av_one_full  flex_column_div av-zero-column-padding first  avia-builder-el-0  el_before_av_one_full  avia-builder-el-first  \" style='border-radius:0px; '><div  class='avia-image-container  av-styling-    avia-builder-el-1  avia-builder-el-no-sibling  avia-align-center '  itemprop=\"image\" itemscope=\"itemscope\" itemtype=\"https:\/\/schema.org\/ImageObject\"  ><div class='avia-image-container-inner'><div class='avia-image-overlay-wrap'><img decoding=\"async\" class='wp-image-48747 avia-img-lazy-loading-not-48747 avia_image' src=\"https:\/\/radiorevelacionfm.cl\/wp-content\/uploads\/2024\/12\/Escolares_0000001320241210100807-1-1.jpeg\" alt='' title='Escolares_0000001320241210100807 (1) (1)' height=\"600\" width=\"1067\"  itemprop=\"thumbnailUrl\" srcset=\"https:\/\/radiorevelacionfm.cl\/wp-content\/uploads\/2024\/12\/Escolares_0000001320241210100807-1-1.jpeg 1067w, https:\/\/radiorevelacionfm.cl\/wp-content\/uploads\/2024\/12\/Escolares_0000001320241210100807-1-1-300x169.jpeg 300w, https:\/\/radiorevelacionfm.cl\/wp-content\/uploads\/2024\/12\/Escolares_0000001320241210100807-1-1-1030x579.jpeg 1030w, https:\/\/radiorevelacionfm.cl\/wp-content\/uploads\/2024\/12\/Escolares_0000001320241210100807-1-1-768x432.jpeg 768w, https:\/\/radiorevelacionfm.cl\/wp-content\/uploads\/2024\/12\/Escolares_0000001320241210100807-1-1-705x396.jpeg 705w, https:\/\/radiorevelacionfm.cl\/wp-content\/uploads\/2024\/12\/Escolares_0000001320241210100807-1-1-450x253.jpeg 450w, https:\/\/radiorevelacionfm.cl\/wp-content\/uploads\/2024\/12\/Escolares_0000001320241210100807-1-1-600x337.jpeg 600w\" sizes=\"(max-width: 1067px) 100vw, 1067px\" \/><\/div><\/div><\/div><\/div><div class=\"flex_column av_one_full  flex_column_div av-zero-column-padding first  avia-builder-el-2  el_after_av_one_full  el_before_av_one_full  column-top-margin\" style='border-radius:0px; '><section class=\"av_textblock_section \"  itemscope=\"itemscope\" itemtype=\"https:\/\/schema.org\/BlogPosting\" itemprop=\"blogPost\" ><div class='avia_textblock  '   itemprop=\"text\" ><p style=\"text-align: center;\"><span style=\"font-size: 18pt;\"><b>Comienza a funcionar \u00abAn\u00f3tate en la Lista\u00bb, la plataforma del Mineduc para que apoderados puedan solicitar vacantes en los establecimientos<\/b><\/span><\/p>\n<div id=\"gtx-trans\" style=\"position: absolute; left: -50px; top: 4.31534px;\">\n<div class=\"gtx-trans-icon\"><\/div>\n<\/div>\n<\/div><\/section><\/div><div class=\"flex_column av_one_full  flex_column_div av-zero-column-padding first  avia-builder-el-4  el_after_av_one_full  el_before_av_hr  column-top-margin\" style='border-radius:0px; '><section class=\"av_textblock_section \"  itemscope=\"itemscope\" itemtype=\"https:\/\/schema.org\/BlogPosting\" itemprop=\"blogPost\" ><div class='avia_textblock  '   itemprop=\"text\" ><p class=\"v1MsoNormal\" style=\"text-align: justify;\">A partir del 11 de diciembre, las familias podr\u00e1n conocer la nueva herramienta para solicitar vacantes para el a\u00f1o 2025. El uso de esta herramienta gratuita y transparente ser\u00e1 la \u00fanica forma para solicitar y asignar cupos durante el a\u00f1o, hasta el pr\u00f3ximo proceso del SAE.<\/p>\n<p class=\"v1MsoNormal\" style=\"text-align: justify;\">El mi\u00e9rcoles 11 de diciembre comenzar\u00e1 a funcionar \u00abAn\u00f3tate en la Lista, Vacantes 2025\u00bb, la nueva plataforma, desarrollada de forma completa por el Ministerio de Educaci\u00f3n, que permitir\u00e1 a las familias solicitar cupos para sus hijos en los establecimientos que a\u00fan tengan vacantes, ahora que terminaron las postulaciones a trav\u00e9s del Sistema de Admisi\u00f3n Escolar (SAE).<\/p>\n<p class=\"v1MsoNormal\" style=\"text-align: justify;\">Desde ese d\u00eda, las y los apoderados que requieran usar esta herramienta podr\u00e1n crear sus cuentas y agregar a sus estudiantes, y as\u00ed prepararse para enviar las solicitudes de vacantes cuando comience este proceso de regularizaci\u00f3n en su regi\u00f3n, seg\u00fan las fechas correspondientes (ver m\u00e1s abajo).<\/p>\n<p class=\"v1MsoNormal\" style=\"text-align: justify;\">La regularizaci\u00f3n de matr\u00edculas antiguamente se realizaba de forma presencial, por lo que se formaban largas filas en los establecimientos. Pero ahora, por segundo a\u00f1o consecutivo, este tr\u00e1mite se realizar\u00e1 de forma virtual, permitiendo que las familias ahorren tiempo y puedan pedir cupos en m\u00e1s establecimientos.<\/p>\n<p class=\"v1MsoNormal\" style=\"text-align: justify;\"><b>Esta nueva herramienta es gratuita y tambi\u00e9n transparente<\/b>, ya que, al solicitar vacantes en los colegios de inter\u00e9s, el sistema\u00a0<b>construir\u00e1 una lista de espera seg\u00fan el orden cronol\u00f3gico de esas solicitudes, tal como ocurrir\u00eda si el tr\u00e1mite fuese presencial<\/b>, y los apoderados podr\u00e1n saber en qu\u00e9 n\u00famero de la lista est\u00e1n.<\/p>\n<p class=\"v1MsoNormal\" style=\"text-align: justify;\">Adem\u00e1s, moderniza el sistema de acceso a la educaci\u00f3n, al digitalizar un tr\u00e1mite que era presencial, y beneficia a los establecimientos, que ya no tendr\u00e1n que implementar sus propios sistemas de listas de espera. Igualmente, \u00abAn\u00f3tate en la Lista\u00bb permite al Mineduc saber en qu\u00e9 zonas del pa\u00eds hay falta de vacantes y as\u00ed implementar medidas para resolver este problema.<\/p>\n<p class=\"v1MsoNormal\" style=\"text-align: justify;\"><b>\u00bfC\u00f3mo funciona \u00abAn\u00f3tate en la Lista\u00bb?<\/b><\/p>\n<ol style=\"text-align: justify;\" start=\"1\" type=\"1\">\n<li class=\"v1MsoNormal\">Los apoderados deben ingresar al sitio web\u00a0<u><a href=\"http:\/\/www.sistemadeadmisionescolar.cl\/\" target=\"_blank\" rel=\"noopener noreferrer\">www.sistemadeadmisionescolar.cl<\/a>, pinchar en el bot\u00f3n \u00abAn\u00f3tate en la Lista\u00bb y crearse una cuenta. Luego de eso, y seg\u00fan las fechas indicadas, podr\u00e1n solicitar vacantes en los establecimientos. El Mineduc sugiere marcar seis o m\u00e1s opciones para que el proceso tenga \u00e9xito.<\/u><\/li>\n<li class=\"v1MsoNormal\">Una vez marcadas las opciones, deben confirmar el ingreso de la solicitud y la informaci\u00f3n de contacto. Las familias sabr\u00e1n siempre en qu\u00e9 n\u00famero de la lista se encuentran.<\/li>\n<li class=\"v1MsoNormal\">Los establecimientos recibir\u00e1n la informaci\u00f3n de las postulaciones y, si tienen vacantes disponibles, las asignar\u00e1n por orden cronol\u00f3gico de solicitud, es decir, partiendo por quienes se inscribieron primero, tal como habr\u00eda ocurrido si el proceso fuese presencial.<\/li>\n<li class=\"v1MsoNormal\">Por \u00faltimo, los establecimientos educacionales contactar\u00e1n directamente a las familias cuando se les asigne una vacante, para continuar con el tr\u00e1mite de matr\u00edcula.<\/li>\n<\/ol>\n<p class=\"v1MsoNormal\" style=\"text-align: justify;\"><b>Fechas de \u00abAn\u00f3tate en la Lista\u00bb<\/b><\/p>\n<p class=\"v1MsoNormal\" style=\"text-align: justify;\">Hay cinco fechas diferenciadas para que las familias usen la plataforma, dependiendo de la situaci\u00f3n en que se encuentren:<\/p>\n<ol style=\"text-align: justify;\" start=\"1\" type=\"1\">\n<li class=\"v1MsoNormal\">Desde el 11 de diciembre 2024: a partir de esta fecha las familias podr\u00e1n crear sus cuentas y validar sus datos, y podr\u00e1n pedir cupos aquellas cuyos estudiantes postularon por el SAE pero repitieron de curso, por lo que necesitan una vacante en un nivel distinto al asignado.<\/li>\n<li class=\"v1MsoNormal\">Desde el 16 de diciembre 2024: podr\u00e1n usar la plataforma las familias cuyos estudiantes postularon del per\u00edodo complementario del SAE y no fueron asignados a un establecimiento.<\/li>\n<li class=\"v1MsoNormal\">Desde el 18 de diciembre 2024: podr\u00e1n usar la plataforma todas aquellas familias de la zona norte del pa\u00eds que no participaron del SAE en sus per\u00edodos regular y complementario y necesitan un cupo (regiones de Arica y Parinacota, Tarapac\u00e1, Antofagasta, Atacama, Coquimbo y Valpara\u00edso).<\/li>\n<li class=\"v1MsoNormal\">Desde el 20 de diciembre 2024: podr\u00e1n usar la plataforma todas aquellas familias de la zona sur del pa\u00eds que no participaron del SAE en sus per\u00edodos regular y complementario y necesitan un cupo (regiones de O&#8217;Higgins, Maule, \u00d1uble, Biob\u00edo, La Araucan\u00eda, Los R\u00edos, Los Lagos, Ays\u00e9n y Magallanes).<\/li>\n<li class=\"v1MsoNormal\">Desde el 26 de diciembre 2024: podr\u00e1n usar la plataforma todas aquellas familias de la Regi\u00f3n Metropolitana que no participaron del SAE en sus per\u00edodos regular y complementario y necesitan un cupo.<\/li>\n<\/ol>\n<p class=\"v1MsoNormal\" style=\"text-align: justify;\">\u00abAn\u00f3tate en la Lista\u00bb servir\u00e1 para que las familias que lo necesiten busquen cupos durante todo el a\u00f1o escolar 2025, hasta el pr\u00f3ximo proceso del SAE, por lo que se mantendr\u00e1 habilitada durante todo el a\u00f1o.<\/p>\n<\/div><\/section><\/div><div  style='height:50px' class='hr hr-invisible   avia-builder-el-6  el_after_av_one_full  el_before_av_social_share '><span class='hr-inner ' ><span class='hr-inner-style'><\/span><\/span><\/div><\/p>\n<div  class='av-social-sharing-box  avia-builder-el-7  el_after_av_hr  el_before_av_hr  '><div class='av-share-box'><h5 class='av-share-link-description av-no-toc '>Compartir esta noticia<\/h5><ul class='av-share-box-list noLightbox'><li class='av-share-link av-social-link-facebook' ><a target=\"_blank\" aria-label=\"Compartir en Facebook\" href='https:\/\/www.facebook.com\/sharer.php?u=https:\/\/radiorevelacionfm.cl\/?p=48746&#038;t=Comienza%20a%20funcionar%20%C2%ABAn%C3%B3tate%20en%20la%20Lista%C2%BB%2C%20la%20plataforma%20del%20Mineduc%20para%20que%20apoderados%20puedan%20solicitar%20vacantes%20en%20los%20establecimientos' aria-hidden='false' data-av_icon='\ue8f3' data-av_iconfont='entypo-fontello' title='' data-avia-related-tooltip='Compartir en Facebook' rel=\"noopener\"><span class='avia_hidden_link_text'>Compartir en Facebook<\/span><\/a><\/li><li class='av-share-link av-social-link-twitter' ><a target=\"_blank\" aria-label=\"Compartir en Twitter\" href='https:\/\/twitter.com\/share?text=Comienza%20a%20funcionar%20%C2%ABAn%C3%B3tate%20en%20la%20Lista%C2%BB%2C%20la%20plataforma%20del%20Mineduc%20para%20que%20apoderados%20puedan%20solicitar%20vacantes%20en%20los%20establecimientos&#038;url=https:\/\/radiorevelacionfm.cl\/?p=48746' aria-hidden='false' data-av_icon='\ue8f1' data-av_iconfont='entypo-fontello' title='' data-avia-related-tooltip='Compartir en Twitter' rel=\"noopener\"><span class='avia_hidden_link_text'>Compartir en Twitter<\/span><\/a><\/li><li class='av-share-link av-social-link-whatsapp' ><a target=\"_blank\" aria-label=\"Compartir en Whatsapp\" href='https:\/\/api.whatsapp.com\/send?text=https:\/\/radiorevelacionfm.cl\/?p=48746' aria-hidden='false' data-av_icon='\uf232' data-av_iconfont='entypo-fontello' title='' data-avia-related-tooltip='Compartir en Whatsapp' rel=\"noopener\"><span class='avia_hidden_link_text'>Compartir en Whatsapp<\/span><\/a><\/li><li class='av-share-link av-social-link-linkedin' ><a target=\"_blank\" aria-label=\"Compartir en LinkedIn\" href='https:\/\/linkedin.com\/shareArticle?mini=true&#038;title=Comienza%20a%20funcionar%20%C2%ABAn%C3%B3tate%20en%20la%20Lista%C2%BB%2C%20la%20plataforma%20del%20Mineduc%20para%20que%20apoderados%20puedan%20solicitar%20vacantes%20en%20los%20establecimientos&#038;url=https:\/\/radiorevelacionfm.cl\/?p=48746' aria-hidden='false' data-av_icon='\ue8fc' data-av_iconfont='entypo-fontello' title='' data-avia-related-tooltip='Compartir en LinkedIn' rel=\"noopener\"><span class='avia_hidden_link_text'>Compartir en LinkedIn<\/span><\/a><\/li><li class='av-share-link av-social-link-mail' ><a  aria-label=\"Compartir por correo\" href='mailto:?subject=Comienza%20a%20funcionar%20%C2%ABAn%C3%B3tate%20en%20la%20Lista%C2%BB%2C%20la%20plataforma%20del%20Mineduc%20para%20que%20apoderados%20puedan%20solicitar%20vacantes%20en%20los%20establecimientos&#038;body=https:\/\/radiorevelacionfm.cl\/?p=48746' aria-hidden='false' data-av_icon='\ue805' data-av_iconfont='entypo-fontello' title='' data-avia-related-tooltip='Compartir por correo'><span class='avia_hidden_link_text'>Compartir por correo<\/span><\/a><\/li><\/ul><\/div><\/div>\n<div  style='height:50px' class='hr hr-invisible   avia-builder-el-8  el_after_av_social_share  el_before_av_comments_list '><span class='hr-inner ' ><span class='hr-inner-style'><\/span><\/span><\/div>\n<div  class='av-buildercomment  av-blog-meta-html-info-disabled av-blog-meta-tag-disabled  '><\/div>\n","protected":false},"excerpt":{"rendered":"","protected":false},"author":1,"featured_media":48747,"comment_status":"open","ping_status":"open","sticky":false,"template":"","format":"standard","meta":{"footnotes":""},"categories":[49],"tags":[],"class_list":["post-48746","post","type-post","status-publish","format-standard","has-post-thumbnail","hentry","category-educacion"],"jetpack_featured_media_url":"https:\/\/radiorevelacionfm.cl\/wp-content\/uploads\/2024\/12\/Escolares_0000001320241210100807-1-1.jpeg","_links":{"self":[{"href":"https:\/\/radiorevelacionfm.cl\/index.php?rest_route=\/wp\/v2\/posts\/48746","targetHints":{"allow":["GET"]}}],"collection":[{"href":"https:\/\/radiorevelacionfm.cl\/index.php?rest_route=\/wp\/v2\/posts"}],"about":[{"href":"https:\/\/radiorevelacionfm.cl\/index.php?rest_route=\/wp\/v2\/types\/post"}],"author":[{"embeddable":true,"href":"https:\/\/radiorevelacionfm.cl\/index.php?rest_route=\/wp\/v2\/users\/1"}],"replies":[{"embeddable":true,"href":"https:\/\/radiorevelacionfm.cl\/index.php?rest_route=%2Fwp%2Fv2%2Fcomments&post=48746"}],"version-history":[{"count":1,"href":"https:\/\/radiorevelacionfm.cl\/index.php?rest_route=\/wp\/v2\/posts\/48746\/revisions"}],"predecessor-version":[{"id":48748,"href":"https:\/\/radiorevelacionfm.cl\/index.php?rest_route=\/wp\/v2\/posts\/48746\/revisions\/48748"}],"wp:featuredmedia":[{"embeddable":true,"href":"https:\/\/radiorevelacionfm.cl\/index.php?rest_route=\/wp\/v2\/media\/48747"}],"wp:attachment":[{"href":"https:\/\/radiorevelacionfm.cl\/index.php?rest_route=%2Fwp%2Fv2%2Fmedia&parent=48746"}],"wp:term":[{"taxonomy":"category","embeddable":true,"href":"https:\/\/radiorevelacionfm.cl\/index.php?rest_route=%2Fwp%2Fv2%2Fcategories&post=48746"},{"taxonomy":"post_tag","embeddable":true,"href":"https:\/\/radiorevelacionfm.cl\/index.php?rest_route=%2Fwp%2Fv2%2Ftags&post=48746"}],"curies":[{"name":"wp","href":"https:\/\/api.w.org\/{rel}","templated":true}]}}