{"id":48743,"date":"2024-12-10T17:56:34","date_gmt":"2024-12-10T20:56:34","guid":{"rendered":"https:\/\/radiorevelacionfm.cl\/?p=48743"},"modified":"2024-12-10T17:56:34","modified_gmt":"2024-12-10T20:56:34","slug":"patagonia-azul-activa-juventudes-se-conectan-con-los-recursos-hidricos-de-la-region","status":"publish","type":"post","link":"https:\/\/radiorevelacionfm.cl\/?p=48743","title":{"rendered":"\u201cPatagonia Azul Activa\u201d: Juventudes se conectan con los recursos h\u00eddricos de la regi\u00f3n"},"content":{"rendered":"<div class=\"flex_column av_one_full  flex_column_div av-zero-column-padding first  avia-builder-el-0  el_before_av_one_full  avia-builder-el-first  \" style='border-radius:0px; '><div  class='avia-image-container  av-styling-    avia-builder-el-1  avia-builder-el-no-sibling  avia-align-center '  itemprop=\"image\" itemscope=\"itemscope\" itemtype=\"https:\/\/schema.org\/ImageObject\"  ><div class='avia-image-container-inner'><div class='avia-image-overlay-wrap'><img decoding=\"async\" class='wp-image-48744 avia-img-lazy-loading-not-48744 avia_image' src=\"https:\/\/radiorevelacionfm.cl\/wp-content\/uploads\/2024\/12\/FOTO-1-69-1-1.jpg\" alt='' title='FOTO 1 (69) (1) (1)' height=\"600\" width=\"1067\"  itemprop=\"thumbnailUrl\" srcset=\"https:\/\/radiorevelacionfm.cl\/wp-content\/uploads\/2024\/12\/FOTO-1-69-1-1.jpg 1067w, https:\/\/radiorevelacionfm.cl\/wp-content\/uploads\/2024\/12\/FOTO-1-69-1-1-300x169.jpg 300w, https:\/\/radiorevelacionfm.cl\/wp-content\/uploads\/2024\/12\/FOTO-1-69-1-1-1030x579.jpg 1030w, https:\/\/radiorevelacionfm.cl\/wp-content\/uploads\/2024\/12\/FOTO-1-69-1-1-768x432.jpg 768w, https:\/\/radiorevelacionfm.cl\/wp-content\/uploads\/2024\/12\/FOTO-1-69-1-1-705x396.jpg 705w, https:\/\/radiorevelacionfm.cl\/wp-content\/uploads\/2024\/12\/FOTO-1-69-1-1-450x253.jpg 450w, https:\/\/radiorevelacionfm.cl\/wp-content\/uploads\/2024\/12\/FOTO-1-69-1-1-600x337.jpg 600w\" sizes=\"(max-width: 1067px) 100vw, 1067px\" \/><\/div><\/div><\/div><\/div><div class=\"flex_column av_one_full  flex_column_div av-zero-column-padding first  avia-builder-el-2  el_after_av_one_full  el_before_av_one_full  column-top-margin\" style='border-radius:0px; '><section class=\"av_textblock_section \"  itemscope=\"itemscope\" itemtype=\"https:\/\/schema.org\/BlogPosting\" itemprop=\"blogPost\" ><div class='avia_textblock  '   itemprop=\"text\" ><p style=\"text-align: center;\"><span style=\"font-size: 18pt;\"><strong>\u201cPatagonia Azul Activa\u201d: Juventudes se conectan con los recursos h\u00eddricos de la regi\u00f3n <\/strong><\/span><\/p>\n<div id=\"gtx-trans\" style=\"position: absolute; left: -50px; top: 4.31534px;\">\n<div class=\"gtx-trans-icon\"><\/div>\n<\/div>\n<\/div><\/section><\/div><div class=\"flex_column av_one_full  flex_column_div av-zero-column-padding first  avia-builder-el-4  el_after_av_one_full  el_before_av_hr  column-top-margin\" style='border-radius:0px; '><section class=\"av_textblock_section \"  itemscope=\"itemscope\" itemtype=\"https:\/\/schema.org\/BlogPosting\" itemprop=\"blogPost\" ><div class='avia_textblock  '   itemprop=\"text\" ><p style=\"text-align: justify;\">El Club de Buceo Deportivo, \u00a0llev\u00f3 a cabo la ejecuci\u00f3n de su proyecto <em>Patagonia Azul Activa<\/em><em>,<\/em> iniciativa financiada por el programa Compromiso Joven del\u00a0 Instituto Nacional de la Juventud (INJUV), y que\u00a0 tuvo por objetivo promover en las juventudes un estilo de vida activo y saludable a trav\u00e9s de la pr\u00e1ctica del buceo y paseos en lancha, \u00a0y reducir los niveles de estr\u00e9s y ansiedad en las y\u00a0 los participantes a trav\u00e9s del contacto con la naturaleza.<\/p>\n<p style=\"text-align: justify;\">Durante el desarrollo del proyecto las juventudes participaron de paseos en lancha en el lago Elizalde, conociendo playas interiores, donde a trav\u00e9s de charlas informativas aprendieron sobre la importancia de cuidar el medio ambiente y c\u00f3mo \u00e9ste impacta en nuestra salud mental. Adem\u00e1s las y los participantes pudieron realizar clases de buceo, conect\u00e1ndose con la naturaleza a trav\u00e9s de la exploraci\u00f3n del mundo submarino y la observaci\u00f3n de especies \u00fanicas que entrega la biodiversidad acu\u00e1tica de la Patagonia.<\/p>\n<p style=\"text-align: justify;\">\u201cEs fundamental que las juventudes se involucren en la protecci\u00f3n del medio ambiente, ya que este compromiso no solo contribuye a la conservaci\u00f3n de un buen entorno, sino que tambi\u00e9n tiene un impacto positivo en su salud mental. Al participar en actividades que promuevan la sostenibilidad, como el reciclaje o la limpieza de espacios naturales, las juventudes pueden experimentar una mayor sensaci\u00f3n de bienestar y conexi\u00f3n con la naturaleza. Estos actos fomentan un sentido de prop\u00f3sito y de comunidad, reduciendo el estr\u00e9s, la ansiedad y trayendo mejoras en el \u00e1nimo\u201d, sostuvo el Director Regional de INJUV Ays\u00e9n, Camilo Trivi\u00f1o Urtubia.<\/p>\n<p style=\"text-align: justify;\">El Presidente del Club de Buceo Deportivo Explorer Diver, H\u00e9ctor Garc\u00eda de la Paz, destac\u00f3 la actividad realizada y se\u00f1al\u00f3 que \u201cnuestro proyecto, dise\u00f1ado para conectar la salud mental de las juventudes con la emoci\u00f3n de un paseo en lancha y el buceo deportivo, ha superado nuestras expectativas. La experiencia ha sido enriquecedora, tanto para los participantes como para nuestro equipo. Las y los j\u00f3venes obtuvieron muchos beneficios para su salud mental, como es la\u00a0 conexi\u00f3n con la naturaleza, la reducci\u00f3n del estr\u00e9s y el aumento de la autoestima. Sin duda que\u00a0 superar los desaf\u00edos del buceo y disfrutar de la belleza submarina impuls\u00f3 la confianza entre las y los participantes, el entorno marino ha demostrado ser un poderoso aliado para promover la salud mental. Bas\u00e1ndonos en los resultados obtenidos, consideramos que es fundamental llegar a un mayor n\u00famero de juventudes y ofrecer m\u00e1s oportunidades para disfrutar de la naturaleza y el deporte\u201d.<\/p>\n<p style=\"text-align: justify;\">Garc\u00eda de la Paz, explic\u00f3 tambi\u00e9n que \u201cnosotros somos una organizaci\u00f3n sin fines de lucro, adem\u00e1s de hacer actividades con la comunidad y las juventudes, realizamos limpiezas subacu\u00e1ticas, submarinas y lacustres en la regi\u00f3n de Ays\u00e9n, sacamos la basura que se encuentra en las aguas de la Patagonia, en los lagos y \u00a0r\u00edos, con buceos deportivos. Estas acciones son realizadas a trav\u00e9s de dos organizaciones, el Club de Buceo Deportivo Explorer Diver y la Fundaci\u00f3n Subacu\u00e1tica Aguas Claras de la Patagonia, ambas organizaciones sin fines de lucro que trabajan integrando a toda la comunidad patagona\u201d.<\/p>\n<p style=\"text-align: justify;\"><strong>Juventudes agradecidas<\/strong><\/p>\n<p style=\"text-align: justify;\">Loreto Mitre Quezada, joven participante, \u00a0afirm\u00f3 que \u201clas actividades me parecieron s\u00faper entretenidas, fueron una muy buena instancia para poder desconectarse de la rutina. Las personas que estuvieron a cargo de llevar a cabo estas jornadas fueron muy simp\u00e1ticos y apa\u00f1adores,\u00a0 te guiaban y ense\u00f1aban con mucha paciencia y dedicaci\u00f3n en todo momento. Creo que estos encuentros son totalmente positivos y no solamente para las juventudes, sino que para todo tipo de personas, sirve como \u00a0autocuidado, despejar un poco la mente y aprender cosas nuevas\u201d.<\/p>\n<p style=\"text-align: justify;\">En tanto, Cristofer Garc\u00e9s Huenuhueque, afirm\u00f3 que \u201cnunca hab\u00eda participado en ese tipo de actividades acu\u00e1ticas, me parecieron muy interesantes y entretenidas, fue gratificante poder compartir con las personas que asistieron, los encargados de realizar los encuentros fueron muy c\u00e1lidos con nosotros. Es s\u00faper recomendable el buceo para las personas, independiente si saben \u00a0nadar o no. \u00a0Personalmente en cuanto a la salud mental, esta experiencia fue muy sanadora, estuve conectado con el agua, con la naturaleza y con gente que no conoc\u00eda, eso hizo que la actividad fuera s\u00faper sana. Me gustar\u00eda que se siguieran presentado este tipo de instancias para las juventudes, porque son herramientas fundamentales que ayudan considerablemente a la salud mental, son sanadoras\u201d.<\/p>\n<\/div><\/section><\/div><div  style='height:50px' class='hr hr-invisible   avia-builder-el-6  el_after_av_one_full  el_before_av_social_share '><span class='hr-inner ' ><span class='hr-inner-style'><\/span><\/span><\/div><\/p>\n<div  class='av-social-sharing-box  avia-builder-el-7  el_after_av_hr  el_before_av_hr  '><div class='av-share-box'><h5 class='av-share-link-description av-no-toc '>Compartir esta noticia<\/h5><ul class='av-share-box-list noLightbox'><li class='av-share-link av-social-link-facebook' ><a target=\"_blank\" aria-label=\"Compartir en Facebook\" href='https:\/\/www.facebook.com\/sharer.php?u=https:\/\/radiorevelacionfm.cl\/?p=48743&#038;t=%E2%80%9CPatagonia%20Azul%20Activa%E2%80%9D%3A%20Juventudes%20se%20conectan%20con%20los%20recursos%20h%C3%ADdricos%20de%20la%20regi%C3%B3n' aria-hidden='false' data-av_icon='\ue8f3' data-av_iconfont='entypo-fontello' title='' data-avia-related-tooltip='Compartir en Facebook' rel=\"noopener\"><span class='avia_hidden_link_text'>Compartir en Facebook<\/span><\/a><\/li><li class='av-share-link av-social-link-twitter' ><a target=\"_blank\" aria-label=\"Compartir en Twitter\" href='https:\/\/twitter.com\/share?text=%E2%80%9CPatagonia%20Azul%20Activa%E2%80%9D%3A%20Juventudes%20se%20conectan%20con%20los%20recursos%20h%C3%ADdricos%20de%20la%20regi%C3%B3n&#038;url=https:\/\/radiorevelacionfm.cl\/?p=48743' aria-hidden='false' data-av_icon='\ue8f1' data-av_iconfont='entypo-fontello' title='' data-avia-related-tooltip='Compartir en Twitter' rel=\"noopener\"><span class='avia_hidden_link_text'>Compartir en Twitter<\/span><\/a><\/li><li class='av-share-link av-social-link-whatsapp' ><a target=\"_blank\" aria-label=\"Compartir en Whatsapp\" href='https:\/\/api.whatsapp.com\/send?text=https:\/\/radiorevelacionfm.cl\/?p=48743' aria-hidden='false' data-av_icon='\uf232' data-av_iconfont='entypo-fontello' title='' data-avia-related-tooltip='Compartir en Whatsapp' rel=\"noopener\"><span class='avia_hidden_link_text'>Compartir en Whatsapp<\/span><\/a><\/li><li class='av-share-link av-social-link-linkedin' ><a target=\"_blank\" aria-label=\"Compartir en LinkedIn\" href='https:\/\/linkedin.com\/shareArticle?mini=true&#038;title=%E2%80%9CPatagonia%20Azul%20Activa%E2%80%9D%3A%20Juventudes%20se%20conectan%20con%20los%20recursos%20h%C3%ADdricos%20de%20la%20regi%C3%B3n&#038;url=https:\/\/radiorevelacionfm.cl\/?p=48743' aria-hidden='false' data-av_icon='\ue8fc' data-av_iconfont='entypo-fontello' title='' data-avia-related-tooltip='Compartir en LinkedIn' rel=\"noopener\"><span class='avia_hidden_link_text'>Compartir en LinkedIn<\/span><\/a><\/li><li class='av-share-link av-social-link-mail' ><a  aria-label=\"Compartir por correo\" href='mailto:?subject=%E2%80%9CPatagonia%20Azul%20Activa%E2%80%9D%3A%20Juventudes%20se%20conectan%20con%20los%20recursos%20h%C3%ADdricos%20de%20la%20regi%C3%B3n&#038;body=https:\/\/radiorevelacionfm.cl\/?p=48743' aria-hidden='false' data-av_icon='\ue805' data-av_iconfont='entypo-fontello' title='' data-avia-related-tooltip='Compartir por correo'><span class='avia_hidden_link_text'>Compartir por correo<\/span><\/a><\/li><\/ul><\/div><\/div>\n<div  style='height:50px' class='hr hr-invisible   avia-builder-el-8  el_after_av_social_share  el_before_av_comments_list '><span class='hr-inner ' ><span class='hr-inner-style'><\/span><\/span><\/div>\n<div  class='av-buildercomment  av-blog-meta-html-info-disabled av-blog-meta-tag-disabled  '><\/div>\n","protected":false},"excerpt":{"rendered":"","protected":false},"author":1,"featured_media":48744,"comment_status":"open","ping_status":"open","sticky":false,"template":"","format":"standard","meta":{"footnotes":""},"categories":[38],"tags":[],"class_list":["post-48743","post","type-post","status-publish","format-standard","has-post-thumbnail","hentry","category-regional"],"jetpack_featured_media_url":"https:\/\/radiorevelacionfm.cl\/wp-content\/uploads\/2024\/12\/FOTO-1-69-1-1.jpg","_links":{"self":[{"href":"https:\/\/radiorevelacionfm.cl\/index.php?rest_route=\/wp\/v2\/posts\/48743","targetHints":{"allow":["GET"]}}],"collection":[{"href":"https:\/\/radiorevelacionfm.cl\/index.php?rest_route=\/wp\/v2\/posts"}],"about":[{"href":"https:\/\/radiorevelacionfm.cl\/index.php?rest_route=\/wp\/v2\/types\/post"}],"author":[{"embeddable":true,"href":"https:\/\/radiorevelacionfm.cl\/index.php?rest_route=\/wp\/v2\/users\/1"}],"replies":[{"embeddable":true,"href":"https:\/\/radiorevelacionfm.cl\/index.php?rest_route=%2Fwp%2Fv2%2Fcomments&post=48743"}],"version-history":[{"count":1,"href":"https:\/\/radiorevelacionfm.cl\/index.php?rest_route=\/wp\/v2\/posts\/48743\/revisions"}],"predecessor-version":[{"id":48745,"href":"https:\/\/radiorevelacionfm.cl\/index.php?rest_route=\/wp\/v2\/posts\/48743\/revisions\/48745"}],"wp:featuredmedia":[{"embeddable":true,"href":"https:\/\/radiorevelacionfm.cl\/index.php?rest_route=\/wp\/v2\/media\/48744"}],"wp:attachment":[{"href":"https:\/\/radiorevelacionfm.cl\/index.php?rest_route=%2Fwp%2Fv2%2Fmedia&parent=48743"}],"wp:term":[{"taxonomy":"category","embeddable":true,"href":"https:\/\/radiorevelacionfm.cl\/index.php?rest_route=%2Fwp%2Fv2%2Fcategories&post=48743"},{"taxonomy":"post_tag","embeddable":true,"href":"https:\/\/radiorevelacionfm.cl\/index.php?rest_route=%2Fwp%2Fv2%2Ftags&post=48743"}],"curies":[{"name":"wp","href":"https:\/\/api.w.org\/{rel}","templated":true}]}}