{"id":48740,"date":"2024-12-10T16:36:38","date_gmt":"2024-12-10T19:36:38","guid":{"rendered":"https:\/\/radiorevelacionfm.cl\/?p=48740"},"modified":"2024-12-10T16:36:38","modified_gmt":"2024-12-10T19:36:38","slug":"mas-de-20-mujeres-de-aysen-y-coyhaique-participaron-en-primera-version-de-la-feria-emprendedoras-2024","status":"publish","type":"post","link":"https:\/\/radiorevelacionfm.cl\/?p=48740","title":{"rendered":"M\u00e1s de 20 mujeres de Ays\u00e9n y Coyhaique participaron en primera versi\u00f3n de la Feria Emprendedoras 2024"},"content":{"rendered":"<div class=\"flex_column av_one_full  flex_column_div av-zero-column-padding first  avia-builder-el-0  el_before_av_one_full  avia-builder-el-first  \" style='border-radius:0px; '><div  class='avia-image-container  av-styling-    avia-builder-el-1  avia-builder-el-no-sibling  avia-align-center '  itemprop=\"image\" itemscope=\"itemscope\" itemtype=\"https:\/\/schema.org\/ImageObject\"  ><div class='avia-image-container-inner'><div class='avia-image-overlay-wrap'><img decoding=\"async\" class='wp-image-48741 avia-img-lazy-loading-not-48741 avia_image' src=\"https:\/\/radiorevelacionfm.cl\/wp-content\/uploads\/2024\/12\/foto-3-feria-mujeres-emprendedoras-1_optimized.jpg\" alt='' title='foto-3-feria-mujeres-emprendedoras-(1)_optimized' height=\"600\" width=\"800\"  itemprop=\"thumbnailUrl\" srcset=\"https:\/\/radiorevelacionfm.cl\/wp-content\/uploads\/2024\/12\/foto-3-feria-mujeres-emprendedoras-1_optimized.jpg 800w, https:\/\/radiorevelacionfm.cl\/wp-content\/uploads\/2024\/12\/foto-3-feria-mujeres-emprendedoras-1_optimized-300x225.jpg 300w, https:\/\/radiorevelacionfm.cl\/wp-content\/uploads\/2024\/12\/foto-3-feria-mujeres-emprendedoras-1_optimized-768x576.jpg 768w, https:\/\/radiorevelacionfm.cl\/wp-content\/uploads\/2024\/12\/foto-3-feria-mujeres-emprendedoras-1_optimized-705x529.jpg 705w, https:\/\/radiorevelacionfm.cl\/wp-content\/uploads\/2024\/12\/foto-3-feria-mujeres-emprendedoras-1_optimized-450x338.jpg 450w, https:\/\/radiorevelacionfm.cl\/wp-content\/uploads\/2024\/12\/foto-3-feria-mujeres-emprendedoras-1_optimized-600x450.jpg 600w\" sizes=\"(max-width: 800px) 100vw, 800px\" \/><\/div><\/div><\/div><\/div><div class=\"flex_column av_one_full  flex_column_div av-zero-column-padding first  avia-builder-el-2  el_after_av_one_full  el_before_av_one_full  column-top-margin\" style='border-radius:0px; '><section class=\"av_textblock_section \"  itemscope=\"itemscope\" itemtype=\"https:\/\/schema.org\/BlogPosting\" itemprop=\"blogPost\" ><div class='avia_textblock  '   itemprop=\"text\" ><p style=\"text-align: center;\"><strong><span style=\"font-size: 18pt;\">M\u00e1s de 20 mujeres de Ays\u00e9n y Coyhaique participaron en primera versi\u00f3n de la Feria Emprendedoras 2024<\/span><\/strong><\/p>\n<div id=\"gtx-trans\" style=\"position: absolute; left: -50px; top: 4.31534px;\">\n<div class=\"gtx-trans-icon\"><\/div>\n<\/div>\n<\/div><\/section><\/div><div class=\"flex_column av_one_full  flex_column_div av-zero-column-padding first  avia-builder-el-4  el_after_av_one_full  el_before_av_hr  column-top-margin\" style='border-radius:0px; '><section class=\"av_textblock_section \"  itemscope=\"itemscope\" itemtype=\"https:\/\/schema.org\/BlogPosting\" itemprop=\"blogPost\" ><div class='avia_textblock  '   itemprop=\"text\" ><p style=\"text-align: justify;\"><em>Las beneficiarias de este espacio gratuito de comercializaci\u00f3n son usuarias de instituciones con las que la Seremi de la Mujer y la Equidad de G\u00e9nero en Ays\u00e9n trabaja permanentemente.<\/em><\/p>\n<p style=\"text-align: justify;\">Durante las jornadas del pasado s\u00e1bado y domingo 7 y 8 de diciembre, un total de 23 mujeres dieron vida a la primera Feria de las Mujeres Emprendedoras 2024, una iniciativa impulsada por la Seremi de la Mujer y la Equidad de G\u00e9nero de Ays\u00e9n, en alianza con Homecenter Sodimac, Coyhaique. La instancia ofreci\u00f3 un espacio de comercializaci\u00f3n gratuito para las emprendedoras y diversos productos a la comunidad.<\/p>\n<p style=\"text-align: justify;\">Con el objetivo de fortalecer la autonom\u00eda econ\u00f3mica de m\u00e1s mujeres en la regi\u00f3n, la feria que se emplaz\u00f3 en el estacionamiento de Homecenter Sodimac, ubicado en calle Avenida Ogana N\u00b0869, la instancia cont\u00f3 con la participaci\u00f3n de emprendedoras que tambi\u00e9n son parte de la oferta program\u00e1tica de la Seremi de las Culturas, las Artes y el Patrimonio; SernamEG; Prodemu; Mesa de la Mujer Rural y Fosis. As\u00ed tambi\u00e9n Gendarmer\u00eda expuso productos artesanales elaborados por las internas de la secci\u00f3n femenina del Centro de Cumplimiento Penitenciario Coyhaique.<\/p>\n<p style=\"text-align: justify;\">En ese sentido, la Seremi de la Mujer y la Equidad de G\u00e9nero de la Regi\u00f3n de Ays\u00e9n, Isidora Gacit\u00faa Goles, explic\u00f3 que \u201ceste s\u00e1bado 7 y domingo 8 de diciembre realizamos la Feria de las Mujeres Emprendedoras con la colaboraci\u00f3n de diversos servicios p\u00fablicos y Sodimac, a quienes agradecemos por su compromiso por avanzar, mediante la colaboraci\u00f3n p\u00fablico-privada, por generar estos espacios que relevan la importancia de trabajar colaborativamente en materia de equidad de g\u00e9nero. Fortalecer la autonom\u00eda econ\u00f3mica de las mujeres es fundamental para acortar las brechas de g\u00e9nero y prevenir la violencia\u201d.<\/p>\n<p style=\"text-align: justify;\">La emprendedora Patricia Hern\u00e1ndez Aburto, valor\u00f3 el espacio de comercializaci\u00f3n dispuesto, se\u00f1alando que \u201cPrimero que todo, agradecer la instancia de comercializaci\u00f3n de nuestros productos; este tipo de alianzas entre empresas privadas y el servicio p\u00fablico, son s\u00faper valiosas para nuestras pymes que son un ente econ\u00f3mico valioso para nuestra econom\u00eda e independencia econ\u00f3mica. Valoramos y agradecemos este fin de semana el poder compartir con otras mujeres de diferentes rubros que son un aporte para la econom\u00eda familiar. Y ser un aporte para la comuna con los diferentes productos y servicios entregados en el Homecenter Sodimac\u201d.<\/p>\n<p style=\"text-align: justify;\">Ambas jornadas, la Feria Emprendedoras 2024 recibi\u00f3 al p\u00fablico entre las 10:00 y las 19:00 horas, quienes pudieron adquirir productos artesanales en distintas destrezas, plantas, hortalizas, aromaterapia, entre otros. Adem\u00e1s, durante la ceremonia de inauguraci\u00f3n del espacio tambi\u00e9n se present\u00f3 el destacado Club de Cueca Trapananda.<\/p>\n<\/div><\/section><\/div><div  style='height:50px' class='hr hr-invisible   avia-builder-el-6  el_after_av_one_full  el_before_av_social_share '><span class='hr-inner ' ><span class='hr-inner-style'><\/span><\/span><\/div><\/p>\n<div  class='av-social-sharing-box  avia-builder-el-7  el_after_av_hr  el_before_av_hr  '><div class='av-share-box'><h5 class='av-share-link-description av-no-toc '>Compartir esta noticia<\/h5><ul class='av-share-box-list noLightbox'><li class='av-share-link av-social-link-facebook' ><a target=\"_blank\" aria-label=\"Compartir en Facebook\" href='https:\/\/www.facebook.com\/sharer.php?u=https:\/\/radiorevelacionfm.cl\/?p=48740&#038;t=M%C3%A1s%20de%2020%20mujeres%20de%20Ays%C3%A9n%20y%20Coyhaique%20participaron%20en%20primera%20versi%C3%B3n%20de%20la%20Feria%20Emprendedoras%202024' aria-hidden='false' data-av_icon='\ue8f3' data-av_iconfont='entypo-fontello' title='' data-avia-related-tooltip='Compartir en Facebook' rel=\"noopener\"><span class='avia_hidden_link_text'>Compartir en Facebook<\/span><\/a><\/li><li class='av-share-link av-social-link-twitter' ><a target=\"_blank\" aria-label=\"Compartir en Twitter\" href='https:\/\/twitter.com\/share?text=M%C3%A1s%20de%2020%20mujeres%20de%20Ays%C3%A9n%20y%20Coyhaique%20participaron%20en%20primera%20versi%C3%B3n%20de%20la%20Feria%20Emprendedoras%202024&#038;url=https:\/\/radiorevelacionfm.cl\/?p=48740' aria-hidden='false' data-av_icon='\ue8f1' data-av_iconfont='entypo-fontello' title='' data-avia-related-tooltip='Compartir en Twitter' rel=\"noopener\"><span class='avia_hidden_link_text'>Compartir en Twitter<\/span><\/a><\/li><li class='av-share-link av-social-link-whatsapp' ><a target=\"_blank\" aria-label=\"Compartir en Whatsapp\" href='https:\/\/api.whatsapp.com\/send?text=https:\/\/radiorevelacionfm.cl\/?p=48740' aria-hidden='false' data-av_icon='\uf232' data-av_iconfont='entypo-fontello' title='' data-avia-related-tooltip='Compartir en Whatsapp' rel=\"noopener\"><span class='avia_hidden_link_text'>Compartir en Whatsapp<\/span><\/a><\/li><li class='av-share-link av-social-link-linkedin' ><a target=\"_blank\" aria-label=\"Compartir en LinkedIn\" href='https:\/\/linkedin.com\/shareArticle?mini=true&#038;title=M%C3%A1s%20de%2020%20mujeres%20de%20Ays%C3%A9n%20y%20Coyhaique%20participaron%20en%20primera%20versi%C3%B3n%20de%20la%20Feria%20Emprendedoras%202024&#038;url=https:\/\/radiorevelacionfm.cl\/?p=48740' aria-hidden='false' data-av_icon='\ue8fc' data-av_iconfont='entypo-fontello' title='' data-avia-related-tooltip='Compartir en LinkedIn' rel=\"noopener\"><span class='avia_hidden_link_text'>Compartir en LinkedIn<\/span><\/a><\/li><li class='av-share-link av-social-link-mail' ><a  aria-label=\"Compartir por correo\" href='mailto:?subject=M%C3%A1s%20de%2020%20mujeres%20de%20Ays%C3%A9n%20y%20Coyhaique%20participaron%20en%20primera%20versi%C3%B3n%20de%20la%20Feria%20Emprendedoras%202024&#038;body=https:\/\/radiorevelacionfm.cl\/?p=48740' aria-hidden='false' data-av_icon='\ue805' data-av_iconfont='entypo-fontello' title='' data-avia-related-tooltip='Compartir por correo'><span class='avia_hidden_link_text'>Compartir por correo<\/span><\/a><\/li><\/ul><\/div><\/div>\n<div  style='height:50px' class='hr hr-invisible   avia-builder-el-8  el_after_av_social_share  el_before_av_comments_list '><span class='hr-inner ' ><span class='hr-inner-style'><\/span><\/span><\/div>\n<div  class='av-buildercomment  av-blog-meta-html-info-disabled av-blog-meta-tag-disabled  '><\/div>\n","protected":false},"excerpt":{"rendered":"","protected":false},"author":1,"featured_media":48741,"comment_status":"open","ping_status":"open","sticky":false,"template":"","format":"standard","meta":{"footnotes":""},"categories":[38],"tags":[],"class_list":["post-48740","post","type-post","status-publish","format-standard","has-post-thumbnail","hentry","category-regional"],"jetpack_featured_media_url":"https:\/\/radiorevelacionfm.cl\/wp-content\/uploads\/2024\/12\/foto-3-feria-mujeres-emprendedoras-1_optimized.jpg","_links":{"self":[{"href":"https:\/\/radiorevelacionfm.cl\/index.php?rest_route=\/wp\/v2\/posts\/48740","targetHints":{"allow":["GET"]}}],"collection":[{"href":"https:\/\/radiorevelacionfm.cl\/index.php?rest_route=\/wp\/v2\/posts"}],"about":[{"href":"https:\/\/radiorevelacionfm.cl\/index.php?rest_route=\/wp\/v2\/types\/post"}],"author":[{"embeddable":true,"href":"https:\/\/radiorevelacionfm.cl\/index.php?rest_route=\/wp\/v2\/users\/1"}],"replies":[{"embeddable":true,"href":"https:\/\/radiorevelacionfm.cl\/index.php?rest_route=%2Fwp%2Fv2%2Fcomments&post=48740"}],"version-history":[{"count":1,"href":"https:\/\/radiorevelacionfm.cl\/index.php?rest_route=\/wp\/v2\/posts\/48740\/revisions"}],"predecessor-version":[{"id":48742,"href":"https:\/\/radiorevelacionfm.cl\/index.php?rest_route=\/wp\/v2\/posts\/48740\/revisions\/48742"}],"wp:featuredmedia":[{"embeddable":true,"href":"https:\/\/radiorevelacionfm.cl\/index.php?rest_route=\/wp\/v2\/media\/48741"}],"wp:attachment":[{"href":"https:\/\/radiorevelacionfm.cl\/index.php?rest_route=%2Fwp%2Fv2%2Fmedia&parent=48740"}],"wp:term":[{"taxonomy":"category","embeddable":true,"href":"https:\/\/radiorevelacionfm.cl\/index.php?rest_route=%2Fwp%2Fv2%2Fcategories&post=48740"},{"taxonomy":"post_tag","embeddable":true,"href":"https:\/\/radiorevelacionfm.cl\/index.php?rest_route=%2Fwp%2Fv2%2Ftags&post=48740"}],"curies":[{"name":"wp","href":"https:\/\/api.w.org\/{rel}","templated":true}]}}