{"id":48731,"date":"2024-12-10T13:05:39","date_gmt":"2024-12-10T16:05:39","guid":{"rendered":"https:\/\/radiorevelacionfm.cl\/?p=48731"},"modified":"2024-12-10T13:05:39","modified_gmt":"2024-12-10T16:05:39","slug":"finalizan-proyectos-de-electrificacion-rural-que-conectan-a-mas-de-cien-familias-en-aysen","status":"publish","type":"post","link":"https:\/\/radiorevelacionfm.cl\/?p=48731","title":{"rendered":"Finalizan proyectos de electrificaci\u00f3n rural que conectan a m\u00e1s de cien familias en Ays\u00e9n"},"content":{"rendered":"<div class=\"flex_column av_one_full  flex_column_div av-zero-column-padding first  avia-builder-el-0  el_before_av_one_full  avia-builder-el-first  \" style='border-radius:0px; '><div  class='avia-image-container  av-styling-    avia-builder-el-1  avia-builder-el-no-sibling  avia-align-center '  itemprop=\"image\" itemscope=\"itemscope\" itemtype=\"https:\/\/schema.org\/ImageObject\"  ><div class='avia-image-container-inner'><div class='avia-image-overlay-wrap'><img decoding=\"async\" class='wp-image-48732 avia-img-lazy-loading-not-48732 avia_image' src=\"https:\/\/radiorevelacionfm.cl\/wp-content\/uploads\/2024\/12\/fndr1-1_optimized-1.jpeg\" alt='' title='fndr1-(1)_optimized (1)' height=\"600\" width=\"949\"  itemprop=\"thumbnailUrl\" srcset=\"https:\/\/radiorevelacionfm.cl\/wp-content\/uploads\/2024\/12\/fndr1-1_optimized-1.jpeg 949w, https:\/\/radiorevelacionfm.cl\/wp-content\/uploads\/2024\/12\/fndr1-1_optimized-1-300x190.jpeg 300w, https:\/\/radiorevelacionfm.cl\/wp-content\/uploads\/2024\/12\/fndr1-1_optimized-1-768x486.jpeg 768w, https:\/\/radiorevelacionfm.cl\/wp-content\/uploads\/2024\/12\/fndr1-1_optimized-1-705x446.jpeg 705w, https:\/\/radiorevelacionfm.cl\/wp-content\/uploads\/2024\/12\/fndr1-1_optimized-1-450x285.jpeg 450w, https:\/\/radiorevelacionfm.cl\/wp-content\/uploads\/2024\/12\/fndr1-1_optimized-1-600x379.jpeg 600w\" sizes=\"(max-width: 949px) 100vw, 949px\" \/><\/div><\/div><\/div><\/div><div class=\"flex_column av_one_full  flex_column_div av-zero-column-padding first  avia-builder-el-2  el_after_av_one_full  el_before_av_one_full  column-top-margin\" style='border-radius:0px; '><section class=\"av_textblock_section \"  itemscope=\"itemscope\" itemtype=\"https:\/\/schema.org\/BlogPosting\" itemprop=\"blogPost\" ><div class='avia_textblock  '   itemprop=\"text\" ><p style=\"text-align: center;\"><strong><span style=\"font-size: 18pt;\">Finalizan proyectos de electrificaci\u00f3n rural que conectan a m\u00e1s de cien familias en Ays\u00e9n<\/span><\/strong><\/p>\n<div id=\"gtx-trans\" style=\"position: absolute; left: -50px; top: 4.31534px;\">\n<div class=\"gtx-trans-icon\"><\/div>\n<\/div>\n<\/div><\/section><\/div><div class=\"flex_column av_one_full  flex_column_div av-zero-column-padding first  avia-builder-el-4  el_after_av_one_full  el_before_av_hr  column-top-margin\" style='border-radius:0px; '><section class=\"av_textblock_section \"  itemscope=\"itemscope\" itemtype=\"https:\/\/schema.org\/BlogPosting\" itemprop=\"blogPost\" ><div class='avia_textblock  '   itemprop=\"text\" ><p style=\"text-align: justify;\"><em>La el\u00e9ctrica realiz\u00f3 la visita de recepci\u00f3n final a los proyectos \u201cEl Picaflor\u201d, \u201cChacras\u201d y \u201cEl Richard\u201d, financiados con recursos FNDR del Gobierno Regional de Ays\u00e9n. Estas iniciativas benefician a 128 familias de las comunas de Coyhaique, Ays\u00e9n y Puerto Cisnes, fortaleciendo la conexi\u00f3n el\u00e9ctrica en sectores rurales.<\/em><\/p>\n<p style=\"text-align: justify;\">Durante esta semana, Edelaysen llev\u00f3 a cabo la visita de recepci\u00f3n final de tres importantes proyectos de electrificaci\u00f3n rural en la regi\u00f3n de Ays\u00e9n, financiados con el Fondo Nacional de Desarrollo Regional (FNDR) del Gobierno Regional de Ays\u00e9n.<\/p>\n<p style=\"text-align: justify;\">El proyecto \u201cEl Picaflor\u201d, en la comuna de Ays\u00e9n, beneficia a 13 familias que ahora cuentan con acceso a energ\u00eda el\u00e9ctrica, mientras que el proyecto \u201cChacras\u201d, en la comuna de Puerto Cisnes, impacta positivamente a 83 familias finales, de la misma manera, el sector \u201cEl Richard\u201d en la comuna de Coyhaique ha beneficiado a 32 familias que hoy cuentan con conexi\u00f3n el\u00e9ctrica.<\/p>\n<p style=\"text-align: justify;\">Con la implementaci\u00f3n de estas iniciativas, reafirmamos nuestro compromiso de llevar energ\u00eda confiable a las comunidades m\u00e1s apartadas de la regi\u00f3n, promoviendo desarrollo, mejorar calidad de vida y nuevas oportunidades para los habitantes de estas localidades.<\/p>\n<p style=\"text-align: justify;\">\u201cEl trabajo que realizamos junto al Gobierno Regional de Ays\u00e9n demuestra c\u00f3mo las alianzas p\u00fablico-privadas pueden generar un impacto positivo en la calidad de vida de las personas. Y en ese sentido, estamos felices de hoy poder entregar estas obras que significan un gran paso en el desarrollo de las comunidades de los sectores rurales beneficiados. Como Edelaysen, seguiremos enfocados en ampliar la cobertura el\u00e9ctrica y en contribuir al desarrollo integral de nuestra regi\u00f3n\u201d, destac\u00f3 Leonardo Mor\u00e1n, Gerente de Edelaysen.<\/p>\n<p style=\"text-align: justify;\">As\u00ed mismo el Gobernador (s) Omar Mu\u00f1oz destac\u00f3 \u201cEstamos alegres porque han concluido proyectos de electrificaci\u00f3n rural en la regi\u00f3n de Ays\u00e9n que benefician a los sectores de Picaflor, Chacras y El Richard de las distintas comunas como Puerto Ays\u00e9n, Puerto Cisnes y Coyhaique respectivamente que van a mejorar la calidad de vida de muchas familias de la regi\u00f3n con este vital suministro de energ\u00eda que no solamente cambia la vida cotidiana sino que tambi\u00e9n, van a poder operar maquinaria y equipos con lo cual puedan mejorar incluso la productividad en los sectores rurales. Vamos a seguir trabajando en esta l\u00ednea el Gobernador Santana el gobernador electo ha planteado la electrificaci\u00f3n rural como uno de los temas estrat\u00e9gicos para el desarrollo de la regi\u00f3n\u201d.<\/p>\n<p style=\"text-align: justify;\">A trav\u00e9s de estos proyectos, lo que se busca es reducir las brechas de conectividad el\u00e9ctrica, garantizando el acceso a servicios esenciales en localidades que enfrentan desaf\u00edos geogr\u00e1ficos y clim\u00e1ticos. Gracias a iniciativas como est\u00e1s, se promueve una regi\u00f3n m\u00e1s equitativa, conectada y preparada para un mayor desarrollo.<\/p>\n<\/div><\/section><\/div><div  style='height:50px' class='hr hr-invisible   avia-builder-el-6  el_after_av_one_full  el_before_av_social_share '><span class='hr-inner ' ><span class='hr-inner-style'><\/span><\/span><\/div><\/p>\n<div  class='av-social-sharing-box  avia-builder-el-7  el_after_av_hr  el_before_av_hr  '><div class='av-share-box'><h5 class='av-share-link-description av-no-toc '>Compartir esta noticia<\/h5><ul class='av-share-box-list noLightbox'><li class='av-share-link av-social-link-facebook' ><a target=\"_blank\" aria-label=\"Compartir en Facebook\" href='https:\/\/www.facebook.com\/sharer.php?u=https:\/\/radiorevelacionfm.cl\/?p=48731&#038;t=Finalizan%20proyectos%20de%20electrificaci%C3%B3n%20rural%20que%20conectan%20a%20m%C3%A1s%20de%20cien%20familias%20en%20Ays%C3%A9n' aria-hidden='false' data-av_icon='\ue8f3' data-av_iconfont='entypo-fontello' title='' data-avia-related-tooltip='Compartir en Facebook' rel=\"noopener\"><span class='avia_hidden_link_text'>Compartir en Facebook<\/span><\/a><\/li><li class='av-share-link av-social-link-twitter' ><a target=\"_blank\" aria-label=\"Compartir en Twitter\" href='https:\/\/twitter.com\/share?text=Finalizan%20proyectos%20de%20electrificaci%C3%B3n%20rural%20que%20conectan%20a%20m%C3%A1s%20de%20cien%20familias%20en%20Ays%C3%A9n&#038;url=https:\/\/radiorevelacionfm.cl\/?p=48731' aria-hidden='false' data-av_icon='\ue8f1' data-av_iconfont='entypo-fontello' title='' data-avia-related-tooltip='Compartir en Twitter' rel=\"noopener\"><span class='avia_hidden_link_text'>Compartir en Twitter<\/span><\/a><\/li><li class='av-share-link av-social-link-whatsapp' ><a target=\"_blank\" aria-label=\"Compartir en Whatsapp\" href='https:\/\/api.whatsapp.com\/send?text=https:\/\/radiorevelacionfm.cl\/?p=48731' aria-hidden='false' data-av_icon='\uf232' data-av_iconfont='entypo-fontello' title='' data-avia-related-tooltip='Compartir en Whatsapp' rel=\"noopener\"><span class='avia_hidden_link_text'>Compartir en Whatsapp<\/span><\/a><\/li><li class='av-share-link av-social-link-linkedin' ><a target=\"_blank\" aria-label=\"Compartir en LinkedIn\" href='https:\/\/linkedin.com\/shareArticle?mini=true&#038;title=Finalizan%20proyectos%20de%20electrificaci%C3%B3n%20rural%20que%20conectan%20a%20m%C3%A1s%20de%20cien%20familias%20en%20Ays%C3%A9n&#038;url=https:\/\/radiorevelacionfm.cl\/?p=48731' aria-hidden='false' data-av_icon='\ue8fc' data-av_iconfont='entypo-fontello' title='' data-avia-related-tooltip='Compartir en LinkedIn' rel=\"noopener\"><span class='avia_hidden_link_text'>Compartir en LinkedIn<\/span><\/a><\/li><li class='av-share-link av-social-link-mail' ><a  aria-label=\"Compartir por correo\" href='mailto:?subject=Finalizan%20proyectos%20de%20electrificaci%C3%B3n%20rural%20que%20conectan%20a%20m%C3%A1s%20de%20cien%20familias%20en%20Ays%C3%A9n&#038;body=https:\/\/radiorevelacionfm.cl\/?p=48731' aria-hidden='false' data-av_icon='\ue805' data-av_iconfont='entypo-fontello' title='' data-avia-related-tooltip='Compartir por correo'><span class='avia_hidden_link_text'>Compartir por correo<\/span><\/a><\/li><\/ul><\/div><\/div>\n<div  style='height:50px' class='hr hr-invisible   avia-builder-el-8  el_after_av_social_share  el_before_av_comments_list '><span class='hr-inner ' ><span class='hr-inner-style'><\/span><\/span><\/div>\n<div  class='av-buildercomment  av-blog-meta-html-info-disabled av-blog-meta-tag-disabled  '><\/div>\n","protected":false},"excerpt":{"rendered":"","protected":false},"author":1,"featured_media":48732,"comment_status":"open","ping_status":"open","sticky":false,"template":"","format":"standard","meta":{"footnotes":""},"categories":[38],"tags":[],"class_list":["post-48731","post","type-post","status-publish","format-standard","has-post-thumbnail","hentry","category-regional"],"jetpack_featured_media_url":"https:\/\/radiorevelacionfm.cl\/wp-content\/uploads\/2024\/12\/fndr1-1_optimized-1.jpeg","_links":{"self":[{"href":"https:\/\/radiorevelacionfm.cl\/index.php?rest_route=\/wp\/v2\/posts\/48731","targetHints":{"allow":["GET"]}}],"collection":[{"href":"https:\/\/radiorevelacionfm.cl\/index.php?rest_route=\/wp\/v2\/posts"}],"about":[{"href":"https:\/\/radiorevelacionfm.cl\/index.php?rest_route=\/wp\/v2\/types\/post"}],"author":[{"embeddable":true,"href":"https:\/\/radiorevelacionfm.cl\/index.php?rest_route=\/wp\/v2\/users\/1"}],"replies":[{"embeddable":true,"href":"https:\/\/radiorevelacionfm.cl\/index.php?rest_route=%2Fwp%2Fv2%2Fcomments&post=48731"}],"version-history":[{"count":1,"href":"https:\/\/radiorevelacionfm.cl\/index.php?rest_route=\/wp\/v2\/posts\/48731\/revisions"}],"predecessor-version":[{"id":48733,"href":"https:\/\/radiorevelacionfm.cl\/index.php?rest_route=\/wp\/v2\/posts\/48731\/revisions\/48733"}],"wp:featuredmedia":[{"embeddable":true,"href":"https:\/\/radiorevelacionfm.cl\/index.php?rest_route=\/wp\/v2\/media\/48732"}],"wp:attachment":[{"href":"https:\/\/radiorevelacionfm.cl\/index.php?rest_route=%2Fwp%2Fv2%2Fmedia&parent=48731"}],"wp:term":[{"taxonomy":"category","embeddable":true,"href":"https:\/\/radiorevelacionfm.cl\/index.php?rest_route=%2Fwp%2Fv2%2Fcategories&post=48731"},{"taxonomy":"post_tag","embeddable":true,"href":"https:\/\/radiorevelacionfm.cl\/index.php?rest_route=%2Fwp%2Fv2%2Ftags&post=48731"}],"curies":[{"name":"wp","href":"https:\/\/api.w.org\/{rel}","templated":true}]}}